{"id":31806,"date":"2022-07-11T03:12:58","date_gmt":"2022-07-11T08:12:58","guid":{"rendered":"http:\/\/losperiodistas.com.mx\/portal\/?p=31806"},"modified":"2022-07-11T03:13:00","modified_gmt":"2022-07-11T08:13:00","slug":"covid-19-en-mexico-se-reportan-9342-contagios-y-8-muertes-en-un-dia-el-financiero","status":"publish","type":"post","link":"https:\/\/losperiodistas.com.mx\/portal\/covid-19-en-mexico-se-reportan-9342-contagios-y-8-muertes-en-un-dia-el-financiero\/","title":{"rendered":"COVID-19 en M\u00e9xico: Se reportan 9,342 contagios y 8 muertes en un d\u00eda | El Financiero"},"content":{"rendered":"\n<p><em>De acuerdo con la Secretar\u00eda de Salud, M\u00e9xico actualmente cuenta con 223 mil 74 casos activos de COVID-19, con m\u00e1s del 25 por ciento ubicado en la Ciudad de M\u00e9xico.<\/em><\/p>\n\n\n\n<p><\/p>\n\n\n\n<figure class=\"wp-block-image size-full\"><img fetchpriority=\"high\" decoding=\"async\" width=\"800\" height=\"540\" src=\"https:\/\/losperiodistas.com.mx\/portal\/wp-content\/uploads\/2022\/07\/HMLLJXZHPVHBFEYBP7XQ35A66E.jpeg\" alt=\"\" class=\"wp-image-31807\" srcset=\"https:\/\/losperiodistas.com.mx\/portal\/wp-content\/uploads\/2022\/07\/HMLLJXZHPVHBFEYBP7XQ35A66E.jpeg 800w, https:\/\/losperiodistas.com.mx\/portal\/wp-content\/uploads\/2022\/07\/HMLLJXZHPVHBFEYBP7XQ35A66E-300x203.jpeg 300w, https:\/\/losperiodistas.com.mx\/portal\/wp-content\/uploads\/2022\/07\/HMLLJXZHPVHBFEYBP7XQ35A66E-768x518.jpeg 768w\" sizes=\"(max-width: 800px) 100vw, 800px\" \/><figcaption>M\u00e9xico recientemente super\u00f3 las 326 mil muertes a causa de COVID-19.\u00a0(Gabriela P\u00e9rez\/Cuartoscuro)<\/figcaption><\/figure>\n\n\n\n<p><\/p>\n\n\n\n<p class=\"has-vivid-cyan-blue-color has-text-color has-medium-font-size\">EL FINANCIERO<\/p>\n\n\n\n<p>En las \u00faltimas 24 horas, M\u00e9xico report\u00f3&nbsp;<a href=\"https:\/\/www.elfinanciero.com.mx\/\"><strong>9 mil 342 contagios y 8 muertes por COVID-19.<\/strong><\/a><\/p>\n\n\n\n<p>De acuerdo con el informe t\u00e9cnico de la Secretar\u00eda de Salud, al corte de este&nbsp;<strong>domingo 10 de julio<\/strong>, M\u00e9xico acumula 6 millones 259 mil 325 casos positivos y 326 mil 085 defunciones por coronavirus.<\/p>\n\n\n\n<p>Hasta este s\u00e1bado, se tienen detectados<a href=\"https:\/\/www.elfinanciero.com.mx\/salud\/2022\/07\/09\/quinta-ola-de-covid-en-mexico-cuando-dejas-de-contagiar-si-diste-positivo\/\" target=\"_blank\" rel=\"noreferrer noopener\"><strong>223 mil 74 casos activos de COVID-19<\/strong><\/a>, mismos que se encuentran de manera predominante en las siguientes entidades: Ciudad de M\u00e9xico, Baja California Sur, Quintana Roo, Colima Sinaloa, Yucat\u00e1n, Quer\u00e9taro, Nuevo Le\u00f3n, Nayarit y Tabasco.<\/p>\n\n\n\n<p>Se consideran casos activos a aquellos positivos que iniciaron s\u00edntomas en los \u00faltimos 14 d\u00edas, permitiendo identificar d\u00f3nde hay mayor actividad viral y aumento en la transmisi\u00f3n del virus. Cabe se\u00f1alar que el las entidades en las que hay mayor n\u00famero de casos activos<strong>&nbsp;es bajo una medici\u00f3n de contagios por cada 100 mil habitantes<\/strong>.<\/p>\n\n\n\n<p><strong>La Ciudad de M\u00e9xico tiene actualmente 59 mil 588 casos activos de COVID<\/strong>, m\u00e1s de la cuarta parte del total de los casos activos en todo el pa\u00eds. Le sigue el Estado de M\u00e9xico con m\u00e1s de 22 mil casos activos estimados.<\/p>\n\n\n\n<p>Sobre los casos confirmados acumulados por estado, las 10 primeras entidades que acumulan el mayor n\u00famero de casos son: Ciudad de M\u00e9xico, Estado de M\u00e9xico, Nuevo Le\u00f3n, Guanajuato, Jalisco, San Luis Potos\u00ed, Tabasco, Veracruz, Puebla y Sonora, que en conjunto conforman el 65 por ciento.<\/p>\n\n\n\n<p>En las \u00faltimas cinco semanas, la mayor parte de los casos est\u00e1n presentes en los grupos de 18 a 29 a\u00f1os, seguido del grupo de 30 a 39 a\u00f1os y 40 a 49 a\u00f1os.<\/p>\n\n\n\n<p>El pasado mi\u00e9rcoles 29 de junio, M\u00e9xico\u00a0<a href=\"https:\/\/www.elfinanciero.com.mx\/nacional\/2022\/07\/05\/quinta-ola-de-covid-19-en-la-4t-estos-son-los-funcionarios-que-se-han-contagiado\/\"><strong>super\u00f3 los seis millones de contagios de COVID-19<\/strong><\/a>, luego de dos a\u00f1os y cuatro meses de haberse confirmado el primer caso en el pa\u00eds, esto de acuerdo con las cifras de la Secretar\u00eda de Salud. Adem\u00e1s, recientemente\u00a0<strong>M\u00e9xico lleg\u00f3 a las 326 mil muertes<\/strong>\u00a0a causa del virus.<\/p>\n\n\n\n<p>Fuente: https:\/\/www.elfinanciero.com.mx\/salud\/2022\/07\/10\/covid-19-en-mexico-se-reportan-9342-contagios-y-8-muertes-en-un-dia\/<\/p>\n","protected":false},"excerpt":{"rendered":"<p>De acuerdo con la Secretar\u00eda de Salud, M\u00e9xico actualmente cuenta con 223 mil 74 casos activos de COVID-19, con m\u00e1s [&hellip;]<\/p>\n","protected":false},"author":1,"featured_media":31807,"comment_status":"open","ping_status":"open","sticky":false,"template":"","format":"standard","meta":{"site-sidebar-layout":"default","site-content-layout":"","ast-site-content-layout":"default","site-content-style":"default","site-sidebar-style":"default","ast-global-header-display":"","ast-banner-title-visibility":"","ast-main-header-display":"","ast-hfb-above-header-display":"","ast-hfb-below-header-display":"","ast-hfb-mobile-header-display":"","site-post-title":"","ast-breadcrumbs-content":"","ast-featured-img":"","footer-sml-layout":"","theme-transparent-header-meta":"","adv-header-id-meta":"","stick-header-meta":"","header-above-stick-meta":"","header-main-stick-meta":"","header-below-stick-meta":"","astra-migrate-meta-layouts":"default","ast-page-background-enabled":"default","ast-page-background-meta":{"desktop":{"background-color":"var(--ast-global-color-4)","background-image":"","background-repeat":"repeat","background-position":"center center","background-size":"auto","background-attachment":"scroll","background-type":"","background-media":"","overlay-type":"","overlay-color":"","overlay-opacity":"","overlay-gradient":""},"tablet":{"background-color":"","background-image":"","background-repeat":"repeat","background-position":"center center","background-size":"auto","background-attachment":"scroll","background-type":"","background-media":"","overlay-type":"","overlay-color":"","overlay-opacity":"","overlay-gradient":""},"mobile":{"background-color":"","background-image":"","background-repeat":"repeat","background-position":"center center","background-size":"auto","background-attachment":"scroll","background-type":"","background-media":"","overlay-type":"","overlay-color":"","overlay-opacity":"","overlay-gradient":""}},"ast-content-background-meta":{"desktop":{"background-color":"var(--ast-global-color-5)","background-image":"","background-repeat":"repeat","background-position":"center center","background-size":"auto","background-attachment":"scroll","background-type":"","background-media":"","overlay-type":"","overlay-color":"","overlay-opacity":"","overlay-gradient":""},"tablet":{"background-color":"var(--ast-global-color-5)","background-image":"","background-repeat":"repeat","background-position":"center center","background-size":"auto","background-attachment":"scroll","background-type":"","background-media":"","overlay-type":"","overlay-color":"","overlay-opacity":"","overlay-gradient":""},"mobile":{"background-color":"var(--ast-global-color-5)","background-image":"","background-repeat":"repeat","background-position":"center center","background-size":"auto","background-attachment":"scroll","background-type":"","background-media":"","overlay-type":"","overlay-color":"","overlay-opacity":"","overlay-gradient":""}},"footnotes":""},"categories":[8],"tags":[1536,10714],"class_list":["post-31806","post","type-post","status-publish","format-standard","has-post-thumbnail","hentry","category-noticias","tag-covid-19-mexico","tag-quinta-ola"],"_links":{"self":[{"href":"https:\/\/losperiodistas.com.mx\/portal\/wp-json\/wp\/v2\/posts\/31806","targetHints":{"allow":["GET"]}}],"collection":[{"href":"https:\/\/losperiodistas.com.mx\/portal\/wp-json\/wp\/v2\/posts"}],"about":[{"href":"https:\/\/losperiodistas.com.mx\/portal\/wp-json\/wp\/v2\/types\/post"}],"author":[{"embeddable":true,"href":"https:\/\/losperiodistas.com.mx\/portal\/wp-json\/wp\/v2\/users\/1"}],"replies":[{"embeddable":true,"href":"https:\/\/losperiodistas.com.mx\/portal\/wp-json\/wp\/v2\/comments?post=31806"}],"version-history":[{"count":1,"href":"https:\/\/losperiodistas.com.mx\/portal\/wp-json\/wp\/v2\/posts\/31806\/revisions"}],"predecessor-version":[{"id":31808,"href":"https:\/\/losperiodistas.com.mx\/portal\/wp-json\/wp\/v2\/posts\/31806\/revisions\/31808"}],"wp:featuredmedia":[{"embeddable":true,"href":"https:\/\/losperiodistas.com.mx\/portal\/wp-json\/wp\/v2\/media\/31807"}],"wp:attachment":[{"href":"https:\/\/losperiodistas.com.mx\/portal\/wp-json\/wp\/v2\/media?parent=31806"}],"wp:term":[{"taxonomy":"category","embeddable":true,"href":"https:\/\/losperiodistas.com.mx\/portal\/wp-json\/wp\/v2\/categories?post=31806"},{"taxonomy":"post_tag","embeddable":true,"href":"https:\/\/losperiodistas.com.mx\/portal\/wp-json\/wp\/v2\/tags?post=31806"}],"curies":[{"name":"wp","href":"https:\/\/api.w.org\/{rel}","templated":true}]}}