{"id":31615,"date":"2022-07-08T07:02:15","date_gmt":"2022-07-08T12:02:15","guid":{"rendered":"http:\/\/losperiodistas.com.mx\/portal\/?p=31615"},"modified":"2022-07-08T08:06:43","modified_gmt":"2022-07-08T13:06:43","slug":"ayuntamiento-inicia-procesos-de-concesion-de-espacios-publicitarios-servicios-de-recoleccion-y-manejo-de-residuos-solidos","status":"publish","type":"post","link":"https:\/\/losperiodistas.com.mx\/portal\/ayuntamiento-inicia-procesos-de-concesion-de-espacios-publicitarios-servicios-de-recoleccion-y-manejo-de-residuos-solidos\/","title":{"rendered":"Ayuntamiento inicia procesos de concesi\u00f3n de espacios publicitarios, servicios de recolecci\u00f3n y manejo de residuos s\u00f3lidos"},"content":{"rendered":"\n<ul class=\"wp-block-list\"><li><em>En Sesi\u00f3n Extraordinaria de Cabildo se solicit\u00f3 autorizaci\u00f3n del Congreso del Estado de Puebla para otorgar los T\u00edtulos de Concesi\u00f3n.<\/em><\/li><\/ul>\n\n\n\n<figure class=\"wp-block-image size-large is-style-default\"><img fetchpriority=\"high\" decoding=\"async\" width=\"1024\" height=\"682\" src=\"https:\/\/losperiodistas.com.mx\/portal\/wp-content\/uploads\/2022\/07\/WhatsApp-Image-2022-07-07-at-3.03.12-PM-1024x682.jpeg\" alt=\"\" class=\"wp-image-31616\" srcset=\"https:\/\/losperiodistas.com.mx\/portal\/wp-content\/uploads\/2022\/07\/WhatsApp-Image-2022-07-07-at-3.03.12-PM-1024x682.jpeg 1024w, https:\/\/losperiodistas.com.mx\/portal\/wp-content\/uploads\/2022\/07\/WhatsApp-Image-2022-07-07-at-3.03.12-PM-300x200.jpeg 300w, https:\/\/losperiodistas.com.mx\/portal\/wp-content\/uploads\/2022\/07\/WhatsApp-Image-2022-07-07-at-3.03.12-PM-768x512.jpeg 768w, https:\/\/losperiodistas.com.mx\/portal\/wp-content\/uploads\/2022\/07\/WhatsApp-Image-2022-07-07-at-3.03.12-PM.jpeg 1280w\" sizes=\"(max-width: 1024px) 100vw, 1024px\" \/><figcaption>Ayuntamiento Puebla<\/figcaption><\/figure>\n\n\n\n<p><\/p>\n\n\n\n<p class=\"has-vivid-cyan-blue-color has-text-color has-medium-font-size\">REDACCI\u00d3N<\/p>\n\n\n\n<p>Para que la ciudadan\u00eda cuente con mejores servicios y el gobierno de la ciudad evite gastos en mantenimiento del equipamiento urbano, el Cabildo aprob\u00f3 por mayor\u00eda iniciar el proceso de concesi\u00f3n sobre el uso, aprovechamiento y explotaci\u00f3n de zonas de espera peatonal, pendones y espacios en puentes para uso publicitario.<\/p>\n\n\n\n<p>Las y los regidores consideraron oportuno acceder a un esquema que no genere costos extraordinarios y que otorgue beneficios econ\u00f3micos a la ciudad, por ello se evaluar\u00e1n diversas alternativas que garanticen la instalaci\u00f3n de 25 espacios publicitarios iluminados, as\u00ed como la operaci\u00f3n, mantenimiento y reparaci\u00f3n de 486 equipamientos en zona de espera peatonal, de 800 porta pendones y de los espacios ubicados en 33 puentes autorizados.<\/p>\n\n\n\n<p>Este esquema de financiamiento ya se utiliza, sin embargo, la concesi\u00f3n por 10 a\u00f1os venci\u00f3 el 7 de diciembre de 2021. El proyecto actual contempla un plazo de 3 a\u00f1os 6 meses con posibilidad de pr\u00f3rroga.<\/p>\n\n\n\n<p>A su vez, en Sesi\u00f3n Extraordinaria de Cabildo presidida por Eduardo Rivera P\u00e9rez, se expuso la necesidad de realizar el proceso de concesi\u00f3n del servicio p\u00fablico de disposici\u00f3n final y aprovechamiento de los residuos s\u00f3lidos urbanos generados en el municipio, que est\u00e1 por concluir.<\/p>\n\n\n\n<figure class=\"wp-block-image size-large is-style-default\"><img decoding=\"async\" width=\"1024\" height=\"682\" src=\"https:\/\/losperiodistas.com.mx\/portal\/wp-content\/uploads\/2022\/07\/WhatsApp-Image-2022-07-07-at-3.03.07-PM-1024x682.jpeg\" alt=\"\" class=\"wp-image-31619\" srcset=\"https:\/\/losperiodistas.com.mx\/portal\/wp-content\/uploads\/2022\/07\/WhatsApp-Image-2022-07-07-at-3.03.07-PM-1024x682.jpeg 1024w, https:\/\/losperiodistas.com.mx\/portal\/wp-content\/uploads\/2022\/07\/WhatsApp-Image-2022-07-07-at-3.03.07-PM-300x200.jpeg 300w, https:\/\/losperiodistas.com.mx\/portal\/wp-content\/uploads\/2022\/07\/WhatsApp-Image-2022-07-07-at-3.03.07-PM-768x512.jpeg 768w, https:\/\/losperiodistas.com.mx\/portal\/wp-content\/uploads\/2022\/07\/WhatsApp-Image-2022-07-07-at-3.03.07-PM.jpeg 1280w\" sizes=\"(max-width: 1024px) 100vw, 1024px\" \/><figcaption>Ayuntamiento Puebla<\/figcaption><\/figure>\n\n\n\n<p>Con esta medida se busca mejorar el manejo de residuos, ampliar la vida \u00fatil del Relleno Sanitario de Chiltepeque que s\u00f3lo en 2021 recibi\u00f3 501 mil 864 toneladas de residuos, garantizar una cobertura en el 100 por ciento del municipio, mejorar el servicio con la revisi\u00f3n de rutas, frecuencias y horarios, tambi\u00e9n que la recolecci\u00f3n sea diaria incluido el domingo en el Centro Hist\u00f3rico, que se coloquen nuevos contenedores y compactadores, que el vaciado de botes papeleros en la ciudad sea diario, as\u00ed como la instalaci\u00f3n de dos mil nuevos como m\u00ednimo.<\/p>\n\n\n\n<p>A su vez se aprob\u00f3 otorgar la concesi\u00f3n del servicio de recolecci\u00f3n, traslado y aprovechamiento de residuos s\u00f3lidos urbanos, a fin de contar con diversas alternativas de tratamiento como aprovechamiento del biog\u00e1s, generaci\u00f3n de combustibles alternos, compostaje de org\u00e1nicos, acciones de promoci\u00f3n y capacitaci\u00f3n de Educaci\u00f3n Ambiental, entre otros beneficios.<\/p>\n\n\n\n<p>En las dos \u00faltimas propuestas de concesi\u00f3n se contempl\u00f3 un plazo de 15 a\u00f1os.<\/p>\n\n\n\n<p>Por la temporalidad de los servicios ya mencionados y el aprovechamiento de espacios publicitarios, se solicit\u00f3 autorizaci\u00f3n del Congreso del Estado de Puebla para otorgar los T\u00edtulos de Concesi\u00f3n correspondientes.<\/p>\n","protected":false},"excerpt":{"rendered":"<p>En Sesi\u00f3n Extraordinaria de Cabildo se solicit\u00f3 autorizaci\u00f3n del Congreso del Estado de Puebla para otorgar los T\u00edtulos de Concesi\u00f3n. [&hellip;]<\/p>\n","protected":false},"author":1,"featured_media":31619,"comment_status":"open","ping_status":"open","sticky":false,"template":"","format":"standard","meta":{"site-sidebar-layout":"default","site-content-layout":"","ast-site-content-layout":"default","site-content-style":"default","site-sidebar-style":"default","ast-global-header-display":"","ast-banner-title-visibility":"","ast-main-header-display":"","ast-hfb-above-header-display":"","ast-hfb-below-header-display":"","ast-hfb-mobile-header-display":"","site-post-title":"","ast-breadcrumbs-content":"","ast-featured-img":"","footer-sml-layout":"","theme-transparent-header-meta":"","adv-header-id-meta":"","stick-header-meta":"","header-above-stick-meta":"","header-main-stick-meta":"","header-below-stick-meta":"","astra-migrate-meta-layouts":"default","ast-page-background-enabled":"default","ast-page-background-meta":{"desktop":{"background-color":"var(--ast-global-color-4)","background-image":"","background-repeat":"repeat","background-position":"center center","background-size":"auto","background-attachment":"scroll","background-type":"","background-media":"","overlay-type":"","overlay-color":"","overlay-opacity":"","overlay-gradient":""},"tablet":{"background-color":"","background-image":"","background-repeat":"repeat","background-position":"center center","background-size":"auto","background-attachment":"scroll","background-type":"","background-media":"","overlay-type":"","overlay-color":"","overlay-opacity":"","overlay-gradient":""},"mobile":{"background-color":"","background-image":"","background-repeat":"repeat","background-position":"center center","background-size":"auto","background-attachment":"scroll","background-type":"","background-media":"","overlay-type":"","overlay-color":"","overlay-opacity":"","overlay-gradient":""}},"ast-content-background-meta":{"desktop":{"background-color":"var(--ast-global-color-5)","background-image":"","background-repeat":"repeat","background-position":"center center","background-size":"auto","background-attachment":"scroll","background-type":"","background-media":"","overlay-type":"","overlay-color":"","overlay-opacity":"","overlay-gradient":""},"tablet":{"background-color":"var(--ast-global-color-5)","background-image":"","background-repeat":"repeat","background-position":"center center","background-size":"auto","background-attachment":"scroll","background-type":"","background-media":"","overlay-type":"","overlay-color":"","overlay-opacity":"","overlay-gradient":""},"mobile":{"background-color":"var(--ast-global-color-5)","background-image":"","background-repeat":"repeat","background-position":"center center","background-size":"auto","background-attachment":"scroll","background-type":"","background-media":"","overlay-type":"","overlay-color":"","overlay-opacity":"","overlay-gradient":""}},"footnotes":""},"categories":[8],"tags":[7279,11234,11235],"class_list":["post-31615","post","type-post","status-publish","format-standard","has-post-thumbnail","hentry","category-noticias","tag-contigoyconrumbo","tag-concesion-espacios-publicitarios","tag-concesion-recoleccion-basura"],"_links":{"self":[{"href":"https:\/\/losperiodistas.com.mx\/portal\/wp-json\/wp\/v2\/posts\/31615","targetHints":{"allow":["GET"]}}],"collection":[{"href":"https:\/\/losperiodistas.com.mx\/portal\/wp-json\/wp\/v2\/posts"}],"about":[{"href":"https:\/\/losperiodistas.com.mx\/portal\/wp-json\/wp\/v2\/types\/post"}],"author":[{"embeddable":true,"href":"https:\/\/losperiodistas.com.mx\/portal\/wp-json\/wp\/v2\/users\/1"}],"replies":[{"embeddable":true,"href":"https:\/\/losperiodistas.com.mx\/portal\/wp-json\/wp\/v2\/comments?post=31615"}],"version-history":[{"count":1,"href":"https:\/\/losperiodistas.com.mx\/portal\/wp-json\/wp\/v2\/posts\/31615\/revisions"}],"predecessor-version":[{"id":31620,"href":"https:\/\/losperiodistas.com.mx\/portal\/wp-json\/wp\/v2\/posts\/31615\/revisions\/31620"}],"wp:featuredmedia":[{"embeddable":true,"href":"https:\/\/losperiodistas.com.mx\/portal\/wp-json\/wp\/v2\/media\/31619"}],"wp:attachment":[{"href":"https:\/\/losperiodistas.com.mx\/portal\/wp-json\/wp\/v2\/media?parent=31615"}],"wp:term":[{"taxonomy":"category","embeddable":true,"href":"https:\/\/losperiodistas.com.mx\/portal\/wp-json\/wp\/v2\/categories?post=31615"},{"taxonomy":"post_tag","embeddable":true,"href":"https:\/\/losperiodistas.com.mx\/portal\/wp-json\/wp\/v2\/tags?post=31615"}],"curies":[{"name":"wp","href":"https:\/\/api.w.org\/{rel}","templated":true}]}}