{"id":31603,"date":"2022-07-08T07:19:56","date_gmt":"2022-07-08T12:19:56","guid":{"rendered":"http:\/\/losperiodistas.com.mx\/portal\/?p=31603"},"modified":"2022-07-08T07:20:00","modified_gmt":"2022-07-08T12:20:00","slug":"obispos-responden-a-lopez-obrador-la-iglesia-siempre-ha-alzado-la-voz-por-la-paz-aci","status":"publish","type":"post","link":"https:\/\/losperiodistas.com.mx\/portal\/obispos-responden-a-lopez-obrador-la-iglesia-siempre-ha-alzado-la-voz-por-la-paz-aci\/","title":{"rendered":"Obispos responden a L\u00f3pez Obrador: La Iglesia siempre ha alzado la voz por la paz | ACI"},"content":{"rendered":"\n<p><\/p>\n\n\n\n<figure class=\"wp-block-image size-full is-style-default\"><img fetchpriority=\"high\" decoding=\"async\" width=\"900\" height=\"500\" src=\"https:\/\/losperiodistas.com.mx\/portal\/wp-content\/uploads\/2022\/07\/AMLO-Lopez-Obrador-Sitio-oficial-070722.jpg\" alt=\"\" class=\"wp-image-31604\" srcset=\"https:\/\/losperiodistas.com.mx\/portal\/wp-content\/uploads\/2022\/07\/AMLO-Lopez-Obrador-Sitio-oficial-070722.jpg 900w, https:\/\/losperiodistas.com.mx\/portal\/wp-content\/uploads\/2022\/07\/AMLO-Lopez-Obrador-Sitio-oficial-070722-300x167.jpg 300w, https:\/\/losperiodistas.com.mx\/portal\/wp-content\/uploads\/2022\/07\/AMLO-Lopez-Obrador-Sitio-oficial-070722-768x427.jpg 768w\" sizes=\"(max-width: 900px) 100vw, 900px\" \/><figcaption>Andr\u00e9s Manuel L\u00f3pez Obrador. Cr\u00e9dito: Sitio web oficial.<\/figcaption><\/figure>\n\n\n\n<p class=\"has-vivid-cyan-blue-color has-text-color has-medium-font-size\">DAVID RAMOS \/ ACI PRENSA<\/p>\n\n\n\n<p>La Conferencia del Episcopado Mexicano (CEM) respondi\u00f3 este 7 de julio a las insistentes acusaciones del presidente de M\u00e9xico, Andr\u00e9s Manuel L\u00f3pez Obrador, y precis\u00f3 que la Iglesia Cat\u00f3lica \u201csiempre ha estado y siempre estar\u00e1 preocupada y ocupada por el bienestar de nuestro pa\u00eds\u201d.<\/p>\n\n\n\n<p>En un video mensaje publicado este 7 de julio, la CEM pregunta: \u201c\u200b\u200b<strong>\u00bfDesde cu\u00e1ndo los obispos se han interesado por la paz en M\u00e9xico?<\/strong>\u201d. A continuaci\u00f3n muestra una serie de publicaciones que revelan que la Iglesia Cat\u00f3lica lleva pronunci\u00e1ndose y haciendo llamados por la paz en el pa\u00eds durante d\u00e9cadas.<\/p>\n\n\n\n<figure class=\"wp-block-embed is-type-rich is-provider-twitter wp-block-embed-twitter\"><div class=\"wp-block-embed__wrapper\">\n<blockquote class=\"twitter-tweet\" data-width=\"500\" data-dnt=\"true\"><p lang=\"es\" dir=\"ltr\">La Iglesia ha alzado la voz y trabajado por la paz.<br><br>La Iglesia siempre ha estado y siempre estar\u00e1 preocupada y ocupada por el bienestar de nuestro pa\u00eds. <br><br>116 documentos por la paz de la CEM publicados desde 1968.<br><br>\ud83d\udcce PDF: <a href=\"https:\/\/t.co\/D79T6QgwvX\">https:\/\/t.co\/D79T6QgwvX<\/a> <a href=\"https:\/\/t.co\/tm2od7DitM\">pic.twitter.com\/tm2od7DitM<\/a><\/p>&mdash; CEM (@IglesiaMexico) <a href=\"https:\/\/twitter.com\/IglesiaMexico\/status\/1545071553863450624?ref_src=twsrc%5Etfw\">July 7, 2022<\/a><\/blockquote><script async src=\"https:\/\/platform.twitter.com\/widgets.js\" charset=\"utf-8\"><\/script>\n<\/div><\/figure>\n\n\n\n<p><strong>Los obispos mexicanos responden as\u00ed a las acusaciones de L\u00f3pez Obrador<\/strong>, que desde d\u00edas atr\u00e1s los ha acusado de callar ante la violencia en gobiernos anteriores.<\/p>\n\n\n\n<p>El 30 de junio,&nbsp;<a href=\"https:\/\/lopezobrador.org.mx\/2022\/06\/30\/version-estenografica-de-la-conferencia-de-prensa-matutina-del-presidente-andres-manuel-lopez-obrador-765\/\">en su conferencia de prensa matutina<\/a>, el Presidente de M\u00e9xico critic\u00f3 a los sacerdotes, obispos y cardenales que criticaron su pol\u00edtica de \u201cabrazos y no balazos\u201d contra el crimen organizado.<\/p>\n\n\n\n<p>L\u00f3pez Obrador dijo: \u201cY esas expresiones de que ya no nos alcanzan los abrazos. \u00bfQu\u00e9 quieren entonces los sacerdotes? \u00bfQue resolvamos los problemas con violencia? \u00bfVamos a desaparecer a todos? \u00bfVamos a apostar a la guerra?\u201d.<\/p>\n\n\n\n<p>\u201c<strong>\u00bfPor qu\u00e9 no actuaron, cuando Calder\u00f3n, de esa manera?<\/strong>&nbsp;\u00bfPor qu\u00e9 callaron cuando se ordenaban las masacres, cuando se puso en pr\u00e1ctica el \u2018m\u00e1talos en caliente\u2019, cuando se dec\u00eda a los altos mandos del Ej\u00e9rcito: \u2018Ustedes hagan su trabajo y nosotros nos encargamos de los derechos humanos\u2019? \u00bfPor qu\u00e9 esa hipocres\u00eda?\u201d, cuestion\u00f3 L\u00f3pez Obrador, refiri\u00e9ndose a per\u00edodos presidenciales anteriores, como el de Felipe Calder\u00f3n.<\/p>\n\n\n\n<p>\u201cEso no debe permitir a nadie y mucho menos a un religioso, sea pastor de una iglesia evang\u00e9lica o sea sacerdote\u201d, dijo en esa ocasi\u00f3n L\u00f3pez Obrador.<\/p>\n\n\n\n<p>Las cr\u00edticas contra la pol\u00edtica del Gobierno de M\u00e9xico contra el crimen organizado se acrecentaron&nbsp;<strong>tras el reciente&nbsp;<a href=\"https:\/\/www.aciprensa.com\/noticias\/asesinan-a-jesuitas-que-intentaban-proteger-a-un-hombre-en-iglesia-catolica-en-mexico-55151\">asesinato de dos sacerdotes de la Compa\u00f1\u00eda de Jes\u00fas (Jesuitas)<\/a><\/strong>&nbsp;en la Sierra Tarahumara, en el estado mexicano de Chihuahua el lunes 20 de junio.<\/p>\n\n\n\n<p>El Arzobispo de Guadalajara, Cardenal Jos\u00e9 Francisco Robles Ortega,&nbsp;<a href=\"https:\/\/www.aciprensa.com\/noticias\/cardenal-advierte-a-lopez-obrador-el-crimen-en-mexico-no-sabe-de-abrazos-63864\">advirti\u00f3 el 22 de junio<\/a>&nbsp;que&nbsp;<strong>el crimen organizado \u201cno sabe de abrazos, por m\u00e1s que el Gobierno se los ofrezca y se los prometa y se los d\u00e9\u201d<\/strong>.<\/p>\n\n\n\n<p>\u201cEllos no entienden de abrazos, ellos solamente saben de balazos\u201d, lament\u00f3 el Purpurado, que d\u00edas despu\u00e9s inform\u00f3 que&nbsp;<a href=\"https:\/\/www.aciprensa.com\/noticias\/cardenal-revela-que-fue-retenido-por-narcotraficantes-en-mexico-38293\">fue retenido por narcotraficantes<\/a>&nbsp;cuando visitaba una comunidad en el norte del estado de Jalisco.<\/p>\n\n\n\n<p>Mons. Ram\u00f3n Castro Castro, secretario general de la CEM, public\u00f3 un video mensaje el 23 de junio lamentando que \u201c<strong><a href=\"https:\/\/www.aciprensa.com\/noticias\/la-iglesia-denuncia-que-mexico-esta-salpicado-de-sangre-de-muertos-y-desaparecidos-87076\">nuestro M\u00e9xico est\u00e1 salpicando sangre<\/a>&nbsp;de tantos muertos y desaparecidos<\/strong>, entre ellos 27 sacerdotes, incluidos los padres jesuitas que han sido asesinados por el crimen organizado\u201d.<\/p>\n\n\n\n<p>El Papa Francisco&nbsp;<a href=\"https:\/\/www.aciprensa.com\/noticias\/papa-francisco-por-asesinato-en-mexico-de-2-sacerdotes-jesuitas-la-violencia-no-resuelve-los-probl-95316\">tambi\u00e9n lament\u00f3 el asesinato de los jesuitas<\/a>&nbsp;en M\u00e9xico durante su Audiencia General del 22 de junio: \u201c\u200b\u200b\u00a1Cu\u00e1ntos asesinatos en M\u00e9xico!\u201d, expres\u00f3.<\/p>\n\n\n\n<p>El 4 de julio, el P. Mateo Calvillo Paz, del clero de la Arquidi\u00f3cesis de Morelia, en el estado mexicano de Michoac\u00e1n,&nbsp;<a href=\"https:\/\/www.aciprensa.com\/noticias\/sacerdote-denuncia-brutal-ataque-de-sicario-en-mexico-88263\/\">denunci\u00f3 que sufri\u00f3 un&nbsp;<strong>brutal ataque<\/strong><\/a><strong>&nbsp;a manos de un \u00absicario\u00bb<\/strong>.<\/p>\n\n\n\n<p>Ese mismo d\u00eda, la CEM, de la mano de la Conferencia de Superiores Mayores de Religiosos de M\u00e9xico y la Provincia Mexicana de la Compa\u00f1\u00eda de Jes\u00fas convoc\u00f3 a una \u00ab<a href=\"https:\/\/www.aciprensa.com\/noticias\/la-iglesia-catolica-convoca-jornada-de-oracion-por-la-paz-mexico-22968\/\">Jornada de Oraci\u00f3n por la Paz<\/a>\u00bb durante julio.<\/p>\n\n\n\n<p>En sus mensajes de redes sociales de este 7 de julio, la Conferencia del Episcopado Mexicano subray\u00f3 que&nbsp;<strong>la Iglesia Cat\u00f3lica ha publicado \u201c116 documentos por la paz\u201d desde 1968<\/strong>.<\/p>\n\n\n\n<p>De estos, 24 documentos fueron publicados entre 2006 y 2012, el sexenio de Felipe Calder\u00f3n como presidente de M\u00e9xico.<\/p>\n\n\n\n<p>El gobierno de Andr\u00e9s Manuel L\u00f3pez Obrador enfrenta una de las mayores crisis de violencia en la historia de M\u00e9xico.<\/p>\n\n\n\n<p><strong>En apenas 3 a\u00f1os y medio del gobierno de L\u00f3pez Obrador ya suman m\u00e1s de 121 mil homicidios<\/strong>&nbsp;registrados en el pa\u00eds, por lo que podr\u00eda superar los m\u00e1s de 156 mil cr\u00edmenes cometidos durante los seis a\u00f1os del gobierno de su predecesor, Enrique Pe\u00f1a Nieto.<\/p>\n\n\n\n<p>Desde el 1 de enero hasta el 6 de julio de este a\u00f1o, de acuerdo a cifras oficiales, se han registrado 13.588 homicidios en M\u00e9xico.<\/p>\n\n\n\n<p>Fuente: https:\/\/www.aciprensa.com\/noticias\/obispos-responden-a-lopez-obrador-la-iglesia-siempre-ha-alzado-la-voz-por-la-paz-60497<\/p>\n","protected":false},"excerpt":{"rendered":"<p>DAVID RAMOS \/ ACI PRENSA La Conferencia del Episcopado Mexicano (CEM) respondi\u00f3 este 7 de julio a las insistentes acusaciones [&hellip;]<\/p>\n","protected":false},"author":1,"featured_media":31604,"comment_status":"open","ping_status":"open","sticky":false,"template":"","format":"standard","meta":{"site-sidebar-layout":"default","site-content-layout":"","ast-site-content-layout":"default","site-content-style":"default","site-sidebar-style":"default","ast-global-header-display":"","ast-banner-title-visibility":"","ast-main-header-display":"","ast-hfb-above-header-display":"","ast-hfb-below-header-display":"","ast-hfb-mobile-header-display":"","site-post-title":"","ast-breadcrumbs-content":"","ast-featured-img":"","footer-sml-layout":"","theme-transparent-header-meta":"","adv-header-id-meta":"","stick-header-meta":"","header-above-stick-meta":"","header-main-stick-meta":"","header-below-stick-meta":"","astra-migrate-meta-layouts":"default","ast-page-background-enabled":"default","ast-page-background-meta":{"desktop":{"background-color":"var(--ast-global-color-4)","background-image":"","background-repeat":"repeat","background-position":"center center","background-size":"auto","background-attachment":"scroll","background-type":"","background-media":"","overlay-type":"","overlay-color":"","overlay-opacity":"","overlay-gradient":""},"tablet":{"background-color":"","background-image":"","background-repeat":"repeat","background-position":"center center","background-size":"auto","background-attachment":"scroll","background-type":"","background-media":"","overlay-type":"","overlay-color":"","overlay-opacity":"","overlay-gradient":""},"mobile":{"background-color":"","background-image":"","background-repeat":"repeat","background-position":"center center","background-size":"auto","background-attachment":"scroll","background-type":"","background-media":"","overlay-type":"","overlay-color":"","overlay-opacity":"","overlay-gradient":""}},"ast-content-background-meta":{"desktop":{"background-color":"var(--ast-global-color-5)","background-image":"","background-repeat":"repeat","background-position":"center center","background-size":"auto","background-attachment":"scroll","background-type":"","background-media":"","overlay-type":"","overlay-color":"","overlay-opacity":"","overlay-gradient":""},"tablet":{"background-color":"var(--ast-global-color-5)","background-image":"","background-repeat":"repeat","background-position":"center center","background-size":"auto","background-attachment":"scroll","background-type":"","background-media":"","overlay-type":"","overlay-color":"","overlay-opacity":"","overlay-gradient":""},"mobile":{"background-color":"var(--ast-global-color-5)","background-image":"","background-repeat":"repeat","background-position":"center center","background-size":"auto","background-attachment":"scroll","background-type":"","background-media":"","overlay-type":"","overlay-color":"","overlay-opacity":"","overlay-gradient":""}},"footnotes":""},"categories":[8],"tags":[7196,11229,10905,11228],"class_list":["post-31603","post","type-post","status-publish","format-standard","has-post-thumbnail","hentry","category-noticias","tag-cem","tag-enfrentamiento-iglesia-estado-mexico","tag-jesuitas-asesinados","tag-jornada-de-oracion-por-la-paz"],"_links":{"self":[{"href":"https:\/\/losperiodistas.com.mx\/portal\/wp-json\/wp\/v2\/posts\/31603","targetHints":{"allow":["GET"]}}],"collection":[{"href":"https:\/\/losperiodistas.com.mx\/portal\/wp-json\/wp\/v2\/posts"}],"about":[{"href":"https:\/\/losperiodistas.com.mx\/portal\/wp-json\/wp\/v2\/types\/post"}],"author":[{"embeddable":true,"href":"https:\/\/losperiodistas.com.mx\/portal\/wp-json\/wp\/v2\/users\/1"}],"replies":[{"embeddable":true,"href":"https:\/\/losperiodistas.com.mx\/portal\/wp-json\/wp\/v2\/comments?post=31603"}],"version-history":[{"count":1,"href":"https:\/\/losperiodistas.com.mx\/portal\/wp-json\/wp\/v2\/posts\/31603\/revisions"}],"predecessor-version":[{"id":31605,"href":"https:\/\/losperiodistas.com.mx\/portal\/wp-json\/wp\/v2\/posts\/31603\/revisions\/31605"}],"wp:featuredmedia":[{"embeddable":true,"href":"https:\/\/losperiodistas.com.mx\/portal\/wp-json\/wp\/v2\/media\/31604"}],"wp:attachment":[{"href":"https:\/\/losperiodistas.com.mx\/portal\/wp-json\/wp\/v2\/media?parent=31603"}],"wp:term":[{"taxonomy":"category","embeddable":true,"href":"https:\/\/losperiodistas.com.mx\/portal\/wp-json\/wp\/v2\/categories?post=31603"},{"taxonomy":"post_tag","embeddable":true,"href":"https:\/\/losperiodistas.com.mx\/portal\/wp-json\/wp\/v2\/tags?post=31603"}],"curies":[{"name":"wp","href":"https:\/\/api.w.org\/{rel}","templated":true}]}}