{"id":31599,"date":"2022-07-08T07:09:40","date_gmt":"2022-07-08T12:09:40","guid":{"rendered":"http:\/\/losperiodistas.com.mx\/portal\/?p=31599"},"modified":"2022-07-08T07:09:42","modified_gmt":"2022-07-08T12:09:42","slug":"se-mantiene-aval-de-gobers-en-50-el-economista","status":"publish","type":"post","link":"https:\/\/losperiodistas.com.mx\/portal\/se-mantiene-aval-de-gobers-en-50-el-economista\/","title":{"rendered":"Se mantiene aval de gobers en 50% | El Economista"},"content":{"rendered":"\n<p><em>El ranking de Consulta Mitofsky \u201cGobernadores y Gobernadoras de M\u00e9xico\u201d, ubic\u00f3 Miguel Riquelme (Coahuila); Mauricio Vila (Yucat\u00e1n); Mauricio Kuri (Quer\u00e9taro), Marina del Pilar \u00c1vila (Baja California) y Rub\u00e9n Rocha Moya (Sinaloa), con los niveles m\u00e1s altos de aprobaci\u00f3n ciudadana en junio.<\/em><\/p>\n\n\n\n<p><\/p>\n\n\n\n<figure class=\"wp-block-image size-large is-style-default\"><img fetchpriority=\"high\" decoding=\"async\" width=\"859\" height=\"1024\" src=\"https:\/\/losperiodistas.com.mx\/portal\/wp-content\/uploads\/2022\/07\/aprobacion1_080722w.jpg_1263536381-859x1024.jpg\" alt=\"\" class=\"wp-image-31600\" srcset=\"https:\/\/losperiodistas.com.mx\/portal\/wp-content\/uploads\/2022\/07\/aprobacion1_080722w.jpg_1263536381-859x1024.jpg 859w, https:\/\/losperiodistas.com.mx\/portal\/wp-content\/uploads\/2022\/07\/aprobacion1_080722w.jpg_1263536381-252x300.jpg 252w, https:\/\/losperiodistas.com.mx\/portal\/wp-content\/uploads\/2022\/07\/aprobacion1_080722w.jpg_1263536381-768x915.jpg 768w, https:\/\/losperiodistas.com.mx\/portal\/wp-content\/uploads\/2022\/07\/aprobacion1_080722w.jpg_1263536381.jpg 1120w\" sizes=\"(max-width: 859px) 100vw, 859px\" \/><\/figure>\n\n\n\n<p><\/p>\n\n\n\n<p class=\"has-vivid-cyan-blue-color has-text-color has-medium-font-size\">JORGE MONROY \/ EL ECONOMISTA<\/p>\n\n\n\n<p>El ranking de Consulta Mitofsky \u201cGobernadores y Gobernadoras de M\u00e9xico\u201d, ubic\u00f3 Miguel Riquelme (Coahuila); Mauricio Vila (Yucat\u00e1n); Mauricio Kuri (Quer\u00e9taro), Marina del Pilar \u00c1vila (Baja California) y Rub\u00e9n Rocha Moya (Sinaloa), con los niveles m\u00e1s altos de aprobaci\u00f3n ciudadana en junio.<\/p>\n\n\n\n<p>El ranking mostr\u00f3 al gobernador pri\u00edsta de Coahuila con una aprobaci\u00f3n de 65.6, un aumento respecto al 65.2 del mes previo. El gobernador panista Mauricio Vila destac\u00f3 con un 63.3 de aprobaci\u00f3n en junio, aunque tuvo una merma respecto al 64.3 del mes previo. En el caso del tambi\u00e9n mandatario panista de Quer\u00e9taro, Mauricio Kuri, el ranking dio un 58.8 de aprobaci\u00f3n, aunque tambi\u00e9n tuvo una ca\u00edda respecto al 59.0 del mes previo.<\/p>\n\n\n\n<figure class=\"wp-block-image size-full is-style-default\"><img decoding=\"async\" width=\"760\" height=\"930\" src=\"https:\/\/losperiodistas.com.mx\/portal\/wp-content\/uploads\/2022\/07\/aprobacion2_080722w.jpg_478197700.jpg\" alt=\"\" class=\"wp-image-31601\" srcset=\"https:\/\/losperiodistas.com.mx\/portal\/wp-content\/uploads\/2022\/07\/aprobacion2_080722w.jpg_478197700.jpg 760w, https:\/\/losperiodistas.com.mx\/portal\/wp-content\/uploads\/2022\/07\/aprobacion2_080722w.jpg_478197700-245x300.jpg 245w\" sizes=\"(max-width: 760px) 100vw, 760px\" \/><\/figure>\n\n\n\n<p>En el caso de la gobernadora de Morena, Marina del Pilar \u00c1vila, se ubic\u00f3 -con un 58.7- como la cuarta mandataria mejor evaluada de los 32 ejecutivos estatales y la Jefa de Gobierno de la Ciudad de M\u00e9xico, y en el quinto lugar el gobernador -tambi\u00e9n de Morena- Rub\u00e9n Rocha Moya de Sinaloa, con un 58.6.<\/p>\n\n\n\n<p>El ranking de Consulta Mitofsky expuso que los cinco gobernadores con mayor incremento en su aprobaci\u00f3n en junio fueron David Monreal de Zacatecas; Francisco Garc\u00eda Cabeza de Vaca de Tamaulipas; Layda Sansores de Campeche; Alejandro Murat de Oaxaca y Miguel Riquelme de Coahuila.<\/p>\n\n\n\n<p>Por partido, los Gobernadores mejor evaluados fueron: Marina del Pilar \u00c1vila de Baja California, por Morena; Mauricio Vila de Yucat\u00e1n, por el PAN; y Miguel Riquelme de Coahuila, por el PRI.<\/p>\n\n\n\n<figure class=\"wp-block-image is-style-default\"><img decoding=\"async\" src=\"https:\/\/www.eleconomista.com.mx\/export\/sites\/eleconomista\/img\/2022\/07\/08\/aprobacion3_080722w.jpg_859317002.jpg\" alt=\"\" title=\"\"\/><\/figure>\n\n\n\n<p><\/p>\n\n\n\n<p>Fuente: https:\/\/www.eleconomista.com.mx\/politica\/Se-mantiene-aval-de-gobers-en-50-20220707-0121.html<\/p>\n","protected":false},"excerpt":{"rendered":"<p>El ranking de Consulta Mitofsky \u201cGobernadores y Gobernadoras de M\u00e9xico\u201d, ubic\u00f3 Miguel Riquelme (Coahuila); Mauricio Vila (Yucat\u00e1n); Mauricio Kuri (Quer\u00e9taro), [&hellip;]<\/p>\n","protected":false},"author":1,"featured_media":31600,"comment_status":"open","ping_status":"open","sticky":false,"template":"","format":"standard","meta":{"site-sidebar-layout":"default","site-content-layout":"","ast-site-content-layout":"default","site-content-style":"default","site-sidebar-style":"default","ast-global-header-display":"","ast-banner-title-visibility":"","ast-main-header-display":"","ast-hfb-above-header-display":"","ast-hfb-below-header-display":"","ast-hfb-mobile-header-display":"","site-post-title":"","ast-breadcrumbs-content":"","ast-featured-img":"","footer-sml-layout":"","theme-transparent-header-meta":"","adv-header-id-meta":"","stick-header-meta":"","header-above-stick-meta":"","header-main-stick-meta":"","header-below-stick-meta":"","astra-migrate-meta-layouts":"default","ast-page-background-enabled":"default","ast-page-background-meta":{"desktop":{"background-color":"var(--ast-global-color-4)","background-image":"","background-repeat":"repeat","background-position":"center center","background-size":"auto","background-attachment":"scroll","background-type":"","background-media":"","overlay-type":"","overlay-color":"","overlay-opacity":"","overlay-gradient":""},"tablet":{"background-color":"","background-image":"","background-repeat":"repeat","background-position":"center center","background-size":"auto","background-attachment":"scroll","background-type":"","background-media":"","overlay-type":"","overlay-color":"","overlay-opacity":"","overlay-gradient":""},"mobile":{"background-color":"","background-image":"","background-repeat":"repeat","background-position":"center center","background-size":"auto","background-attachment":"scroll","background-type":"","background-media":"","overlay-type":"","overlay-color":"","overlay-opacity":"","overlay-gradient":""}},"ast-content-background-meta":{"desktop":{"background-color":"var(--ast-global-color-5)","background-image":"","background-repeat":"repeat","background-position":"center center","background-size":"auto","background-attachment":"scroll","background-type":"","background-media":"","overlay-type":"","overlay-color":"","overlay-opacity":"","overlay-gradient":""},"tablet":{"background-color":"var(--ast-global-color-5)","background-image":"","background-repeat":"repeat","background-position":"center center","background-size":"auto","background-attachment":"scroll","background-type":"","background-media":"","overlay-type":"","overlay-color":"","overlay-opacity":"","overlay-gradient":""},"mobile":{"background-color":"var(--ast-global-color-5)","background-image":"","background-repeat":"repeat","background-position":"center center","background-size":"auto","background-attachment":"scroll","background-type":"","background-media":"","overlay-type":"","overlay-color":"","overlay-opacity":"","overlay-gradient":""}},"footnotes":""},"categories":[8],"tags":[11227],"class_list":["post-31599","post","type-post","status-publish","format-standard","has-post-thumbnail","hentry","category-noticias","tag-evaluacion-gobernadores"],"_links":{"self":[{"href":"https:\/\/losperiodistas.com.mx\/portal\/wp-json\/wp\/v2\/posts\/31599","targetHints":{"allow":["GET"]}}],"collection":[{"href":"https:\/\/losperiodistas.com.mx\/portal\/wp-json\/wp\/v2\/posts"}],"about":[{"href":"https:\/\/losperiodistas.com.mx\/portal\/wp-json\/wp\/v2\/types\/post"}],"author":[{"embeddable":true,"href":"https:\/\/losperiodistas.com.mx\/portal\/wp-json\/wp\/v2\/users\/1"}],"replies":[{"embeddable":true,"href":"https:\/\/losperiodistas.com.mx\/portal\/wp-json\/wp\/v2\/comments?post=31599"}],"version-history":[{"count":1,"href":"https:\/\/losperiodistas.com.mx\/portal\/wp-json\/wp\/v2\/posts\/31599\/revisions"}],"predecessor-version":[{"id":31602,"href":"https:\/\/losperiodistas.com.mx\/portal\/wp-json\/wp\/v2\/posts\/31599\/revisions\/31602"}],"wp:featuredmedia":[{"embeddable":true,"href":"https:\/\/losperiodistas.com.mx\/portal\/wp-json\/wp\/v2\/media\/31600"}],"wp:attachment":[{"href":"https:\/\/losperiodistas.com.mx\/portal\/wp-json\/wp\/v2\/media?parent=31599"}],"wp:term":[{"taxonomy":"category","embeddable":true,"href":"https:\/\/losperiodistas.com.mx\/portal\/wp-json\/wp\/v2\/categories?post=31599"},{"taxonomy":"post_tag","embeddable":true,"href":"https:\/\/losperiodistas.com.mx\/portal\/wp-json\/wp\/v2\/tags?post=31599"}],"curies":[{"name":"wp","href":"https:\/\/api.w.org\/{rel}","templated":true}]}}