{"id":31596,"date":"2022-07-08T06:56:46","date_gmt":"2022-07-08T11:56:46","guid":{"rendered":"http:\/\/losperiodistas.com.mx\/portal\/?p=31596"},"modified":"2022-07-08T06:56:48","modified_gmt":"2022-07-08T11:56:48","slug":"covid-19-en-mexico-se-reportan-32295-contagios-cifra-mas-alta-de-la-quinta-ola-el-financiero","status":"publish","type":"post","link":"https:\/\/losperiodistas.com.mx\/portal\/covid-19-en-mexico-se-reportan-32295-contagios-cifra-mas-alta-de-la-quinta-ola-el-financiero\/","title":{"rendered":"COVID-19 en M\u00e9xico: Se reportan 32,295 contagios, cifra m\u00e1s alta de la quinta ola | El Financiero"},"content":{"rendered":"\n<p><em>La Secretar\u00eda de Salud report\u00f3 204 mil 367 casos activos estimados de COVID-19 al corte de este jueves en M\u00e9xico, as\u00ed como 48 muertes a causa del virus.<\/em><\/p>\n\n\n\n<p><\/p>\n\n\n\n<figure class=\"wp-block-image size-full is-style-default\"><img fetchpriority=\"high\" decoding=\"async\" width=\"800\" height=\"581\" src=\"https:\/\/losperiodistas.com.mx\/portal\/wp-content\/uploads\/2022\/07\/SLWOVLQVDVH4HBZYDNL46YSLOA.jpeg\" alt=\"\" class=\"wp-image-31597\" srcset=\"https:\/\/losperiodistas.com.mx\/portal\/wp-content\/uploads\/2022\/07\/SLWOVLQVDVH4HBZYDNL46YSLOA.jpeg 800w, https:\/\/losperiodistas.com.mx\/portal\/wp-content\/uploads\/2022\/07\/SLWOVLQVDVH4HBZYDNL46YSLOA-300x218.jpeg 300w, https:\/\/losperiodistas.com.mx\/portal\/wp-content\/uploads\/2022\/07\/SLWOVLQVDVH4HBZYDNL46YSLOA-768x558.jpeg 768w\" sizes=\"(max-width: 800px) 100vw, 800px\" \/><figcaption>M\u00e9xico est\u00e1 volviendo a presentar cifras de contagios diarios de COVID-19 similares a las de enero y febrero.\u00a0(Cuartoscuro)<\/figcaption><\/figure>\n\n\n\n<p class=\"has-vivid-cyan-blue-color has-text-color has-medium-font-size\">EL FINANCIERO<\/p>\n\n\n\n<p>En las \u00faltimas 24 horas, M\u00e9xico report\u00f3<a href=\"https:\/\/www.elfinanciero.com.mx\/\"><strong>&nbsp;32 mil 295 contagios y 48 muertes<\/strong><\/a>&nbsp;por COVID-19. La \u00faltima vez que M\u00e9xico report\u00f3 una cifra mayor de contagios en un d\u00eda fue el 10 de febrero de este a\u00f1o.<\/p>\n\n\n\n<p>De acuerdo con el informe t\u00e9cnico de la Secretar\u00eda de Salud, al corte de este jueves 7 de julio, el pa\u00eds acumula<strong>&nbsp;6 millones 185 mil 219 casos positivos y 325 mil 976 defunciones<\/strong>&nbsp;a causa de COVID.<\/p>\n\n\n\n<p>La dependencia detall\u00f3 que, hasta este d\u00eda,&nbsp;<a href=\"https:\/\/www.elfinanciero.com.mx\/salud\/2022\/07\/06\/quinta-ola-de-covid-19-ya-puedes-tramitar-tu-permiso-covid-40-del-imss\/\">se tienen detectados&nbsp;<strong>204 mil 367 casos activos de COVID-19<\/strong><\/a><strong>,&nbsp;<\/strong>mismos que se encuentran de manera predominante en las siguientes entidades: Ciudad de M\u00e9xico, Baja California Sur, Quintana Roo, Colima Sinaloa, Yucat\u00e1n, Quer\u00e9taro, Nuevo Le\u00f3n, Nayarit y Tabasco.<\/p>\n\n\n\n<p>Se consideran casos activos a aquellos positivos que iniciaron s\u00edntomas en los \u00faltimos 14 d\u00edas, permitiendo identificar d\u00f3nde hay mayor actividad viral y aumento en la transmisi\u00f3n del virus.<\/p>\n\n\n\n<p>M\u00e9xico<strong>&nbsp;tuvo un incremento de casi 20 mil casos activos estimados de COVID en las \u00faltimas 24 horas<\/strong>, pasando de 185 mil a 204 mil entre este mi\u00e9rcoles y jueves.<\/p>\n\n\n\n<p>Sobre los casos confirmados acumulados por estado, las<strong>&nbsp;10 primeras entidades que acumulan el mayor n\u00famero de casos son<\/strong>: Ciudad de M\u00e9xico, Estado de M\u00e9xico, Nuevo Le\u00f3n, Guanajuato, Jalisco, San Luis Potos\u00ed, Tabasco, Veracruz, Puebla y Sonora, que en conjunto conforman el 65 por ciento.<\/p>\n\n\n\n<p>En las \u00faltimas cinco semanas, la mayor parte de los casos est\u00e1n presentes en los grupos de<strong>&nbsp;18 a 29 a\u00f1os,&nbsp;<\/strong>seguido del grupo de 30 a 39 a\u00f1os y 40 a 49 a\u00f1os.<\/p>\n\n\n\n<p>El pasado mi\u00e9rcoles 29 de junio, M\u00e9xico\u00a0<a href=\"https:\/\/www.elfinanciero.com.mx\/nacional\/2022\/07\/05\/quinta-ola-de-covid-19-en-la-4t-estos-son-los-funcionarios-que-se-han-contagiado\/\"><strong>super\u00f3 los seis millones de contagios de COVID-19<\/strong><\/a><strong>,<\/strong>\u00a0luego de dos a\u00f1os y cuatro meses de haberse confirmado el primer caso en el pa\u00eds, esto de acuerdo con las cifras de la Secretar\u00eda de Salud.<\/p>\n\n\n\n<p>Fuente: https:\/\/www.elfinanciero.com.mx\/salud\/2022\/07\/07\/covid-19-en-mexico-se-reportan-32295-contagios-cifra-mas-alta-de-la-quinta-ola\/<\/p>\n","protected":false},"excerpt":{"rendered":"<p>La Secretar\u00eda de Salud report\u00f3 204 mil 367 casos activos estimados de COVID-19 al corte de este jueves en M\u00e9xico, [&hellip;]<\/p>\n","protected":false},"author":1,"featured_media":31597,"comment_status":"open","ping_status":"open","sticky":false,"template":"","format":"standard","meta":{"site-sidebar-layout":"default","site-content-layout":"","ast-site-content-layout":"default","site-content-style":"default","site-sidebar-style":"default","ast-global-header-display":"","ast-banner-title-visibility":"","ast-main-header-display":"","ast-hfb-above-header-display":"","ast-hfb-below-header-display":"","ast-hfb-mobile-header-display":"","site-post-title":"","ast-breadcrumbs-content":"","ast-featured-img":"","footer-sml-layout":"","theme-transparent-header-meta":"","adv-header-id-meta":"","stick-header-meta":"","header-above-stick-meta":"","header-main-stick-meta":"","header-below-stick-meta":"","astra-migrate-meta-layouts":"default","ast-page-background-enabled":"default","ast-page-background-meta":{"desktop":{"background-color":"var(--ast-global-color-4)","background-image":"","background-repeat":"repeat","background-position":"center center","background-size":"auto","background-attachment":"scroll","background-type":"","background-media":"","overlay-type":"","overlay-color":"","overlay-opacity":"","overlay-gradient":""},"tablet":{"background-color":"","background-image":"","background-repeat":"repeat","background-position":"center center","background-size":"auto","background-attachment":"scroll","background-type":"","background-media":"","overlay-type":"","overlay-color":"","overlay-opacity":"","overlay-gradient":""},"mobile":{"background-color":"","background-image":"","background-repeat":"repeat","background-position":"center center","background-size":"auto","background-attachment":"scroll","background-type":"","background-media":"","overlay-type":"","overlay-color":"","overlay-opacity":"","overlay-gradient":""}},"ast-content-background-meta":{"desktop":{"background-color":"var(--ast-global-color-5)","background-image":"","background-repeat":"repeat","background-position":"center center","background-size":"auto","background-attachment":"scroll","background-type":"","background-media":"","overlay-type":"","overlay-color":"","overlay-opacity":"","overlay-gradient":""},"tablet":{"background-color":"var(--ast-global-color-5)","background-image":"","background-repeat":"repeat","background-position":"center center","background-size":"auto","background-attachment":"scroll","background-type":"","background-media":"","overlay-type":"","overlay-color":"","overlay-opacity":"","overlay-gradient":""},"mobile":{"background-color":"var(--ast-global-color-5)","background-image":"","background-repeat":"repeat","background-position":"center center","background-size":"auto","background-attachment":"scroll","background-type":"","background-media":"","overlay-type":"","overlay-color":"","overlay-opacity":"","overlay-gradient":""}},"footnotes":""},"categories":[8],"tags":[1536,10714],"class_list":["post-31596","post","type-post","status-publish","format-standard","has-post-thumbnail","hentry","category-noticias","tag-covid-19-mexico","tag-quinta-ola"],"_links":{"self":[{"href":"https:\/\/losperiodistas.com.mx\/portal\/wp-json\/wp\/v2\/posts\/31596","targetHints":{"allow":["GET"]}}],"collection":[{"href":"https:\/\/losperiodistas.com.mx\/portal\/wp-json\/wp\/v2\/posts"}],"about":[{"href":"https:\/\/losperiodistas.com.mx\/portal\/wp-json\/wp\/v2\/types\/post"}],"author":[{"embeddable":true,"href":"https:\/\/losperiodistas.com.mx\/portal\/wp-json\/wp\/v2\/users\/1"}],"replies":[{"embeddable":true,"href":"https:\/\/losperiodistas.com.mx\/portal\/wp-json\/wp\/v2\/comments?post=31596"}],"version-history":[{"count":1,"href":"https:\/\/losperiodistas.com.mx\/portal\/wp-json\/wp\/v2\/posts\/31596\/revisions"}],"predecessor-version":[{"id":31598,"href":"https:\/\/losperiodistas.com.mx\/portal\/wp-json\/wp\/v2\/posts\/31596\/revisions\/31598"}],"wp:featuredmedia":[{"embeddable":true,"href":"https:\/\/losperiodistas.com.mx\/portal\/wp-json\/wp\/v2\/media\/31597"}],"wp:attachment":[{"href":"https:\/\/losperiodistas.com.mx\/portal\/wp-json\/wp\/v2\/media?parent=31596"}],"wp:term":[{"taxonomy":"category","embeddable":true,"href":"https:\/\/losperiodistas.com.mx\/portal\/wp-json\/wp\/v2\/categories?post=31596"},{"taxonomy":"post_tag","embeddable":true,"href":"https:\/\/losperiodistas.com.mx\/portal\/wp-json\/wp\/v2\/tags?post=31596"}],"curies":[{"name":"wp","href":"https:\/\/api.w.org\/{rel}","templated":true}]}}