{"id":31593,"date":"2022-07-08T06:48:20","date_gmt":"2022-07-08T11:48:20","guid":{"rendered":"http:\/\/losperiodistas.com.mx\/portal\/?p=31593"},"modified":"2022-07-08T06:48:22","modified_gmt":"2022-07-08T11:48:22","slug":"el-segundo-encierro-de-san-fermin-2022-los-fuente-ymbro-van-a-lo-suyo-otro-encierro-limpio","status":"publish","type":"post","link":"https:\/\/losperiodistas.com.mx\/portal\/el-segundo-encierro-de-san-fermin-2022-los-fuente-ymbro-van-a-lo-suyo-otro-encierro-limpio\/","title":{"rendered":"El segundo encierro de San Ferm\u00edn 2022: los Fuente Ymbro van a lo suyo, otro encierro limpio"},"content":{"rendered":"\n<p><em>Emocionante carrera con mucha m\u00e1s presencia de mozos que el jueves<\/em><\/p>\n\n\n\n<p><\/p>\n\n\n\n<figure class=\"wp-block-image size-large is-style-default\"><img fetchpriority=\"high\" decoding=\"async\" width=\"1024\" height=\"576\" src=\"https:\/\/losperiodistas.com.mx\/portal\/wp-content\/uploads\/2022\/07\/a4d002ee-ef9a-4f28-a945-ec377b492b09_16-9-discover-aspect-ratio_default_0_x964y667-1024x576.jpeg\" alt=\"\" class=\"wp-image-31594\" srcset=\"https:\/\/losperiodistas.com.mx\/portal\/wp-content\/uploads\/2022\/07\/a4d002ee-ef9a-4f28-a945-ec377b492b09_16-9-discover-aspect-ratio_default_0_x964y667-1024x576.jpeg 1024w, https:\/\/losperiodistas.com.mx\/portal\/wp-content\/uploads\/2022\/07\/a4d002ee-ef9a-4f28-a945-ec377b492b09_16-9-discover-aspect-ratio_default_0_x964y667-300x169.jpeg 300w, https:\/\/losperiodistas.com.mx\/portal\/wp-content\/uploads\/2022\/07\/a4d002ee-ef9a-4f28-a945-ec377b492b09_16-9-discover-aspect-ratio_default_0_x964y667-768x432.jpeg 768w, https:\/\/losperiodistas.com.mx\/portal\/wp-content\/uploads\/2022\/07\/a4d002ee-ef9a-4f28-a945-ec377b492b09_16-9-discover-aspect-ratio_default_0_x964y667.jpeg 1200w\" sizes=\"(max-width: 1024px) 100vw, 1024px\" \/><\/figure>\n\n\n\n<p><strong>TODAS LAS FOTOS DEL ENCIERRO: <\/strong><a href=\"https:\/\/www.noticiasdenavarra.com\/fotos\/general\/sanfermines\/2022\/07\/08\/fotos-segundo-encierro-san-fermin-5790637.html\">https:\/\/www.noticiasdenavarra.com\/fotos\/general\/sanfermines\/2022\/07\/08\/fotos-segundo-encierro-san-fermin-5790637.html<\/a><\/p>\n\n\n\n<p class=\"has-vivid-cyan-blue-color has-text-color has-medium-font-size\">KEPA GARC\u00cdA \/ NOTICIAS DE NAVARRA<\/p>\n\n\n\n<p>Carrera r\u00e1pida de la ganader\u00eda de&nbsp;<strong>Fuente Ymbro<\/strong>&nbsp;en el segundo&nbsp;<strong>encierro de los Sanfermines<\/strong>, que se ha saldado&nbsp;<strong>sin heridos por asta<\/strong>&nbsp;pero con muchas contusiones por las continuas ca\u00eddas y tropezones dada la avalancha de corredores. Seis corredores han sido traslados al complejo hospitalario con heridas de diversa consideraci\u00f3n.<\/p>\n\n\n\n<p>La duraci\u00f3n ha superado los tres minutos&nbsp;<strong>(3\u201910\u2019\u2019)<\/strong>, despu\u00e9s de que el \u00faltimo toro en acceder al coso se haya hecho el remol\u00f3n para entrar a chiqueros y cuando parec\u00eda que el encierro hab\u00eda terminado, \u2018<strong>Zalagarda<\/strong>\u2019 ha vuelto a aparecer en la arena.<\/p>\n\n\n\n<p>Este toro, que hab\u00eda liderado la carrera desde el principio, ha sufrido un tropez\u00f3n nada m\u00e1s pisar la arena y seguidamente un \u2018pata\u2019 con todas las letras trat\u00f3 de llamar su atenci\u00f3n por detr\u00e1s, sin lograrlo.<\/p>\n\n\n\n<p>Finalmente, los\u00a0<strong>dobladores\u00a0<\/strong>han conseguido que dejara la arena camino de chiqueros, mientras el fantoche que le agarr\u00f3 del rabo se llev\u00f3 una pitada monumental y qui\u00e9n sabe si alguna multa por su grave imprudencia.<\/p>\n\n\n\n<figure class=\"wp-block-embed is-type-video is-provider-youtube wp-block-embed-youtube wp-embed-aspect-16-9 wp-has-aspect-ratio\"><div class=\"wp-block-embed__wrapper\">\n<iframe title=\"SEGUNDO ENCIERRO de San Ferm\u00edn 2022 | Toros de Fuente Ymbro\" width=\"500\" height=\"281\" src=\"https:\/\/www.youtube.com\/embed\/OgWOxI1mGfc?feature=oembed\" frameborder=\"0\" allow=\"accelerometer; autoplay; clipboard-write; encrypted-media; gyroscope; picture-in-picture; web-share\" referrerpolicy=\"strict-origin-when-cross-origin\" allowfullscreen><\/iframe>\n<\/div><\/figure>\n\n\n\n<p><\/p>\n\n\n\n<p>La ganader\u00eda gaditana, despu\u00e9s de quedarse fuera en 2019, ha vuelto a mostrar sus se\u00f1ales de identidad m\u00e1s caracter\u00edsticas, con toros veloces y sin prestar ninguna atenci\u00f3n a los corredores (ha sido su sexto encierro consecutivo sin corneados).<\/p>\n\n\n\n<p>Pese a la cantidad de gente en el recorrido, los \u2018Fuente Ymbro\u2019 han&nbsp;estado a lo suyo, ignorando todo lo que suced\u00eda a su alrededor.<\/p>\n\n\n\n<h2 class=\"wp-block-heading\">Nobleza<\/h2>\n\n\n\n<p>Un ejemplo de su comportamiento noble se ha vivido en la&nbsp;<strong>bajada hacia el callej\u00f3n<\/strong>, donde tres toros se han topado de frente con un grupo de corredores bloqueados a la derecha del vallado, sin hacer el m\u00e1s m\u00ednimo amago de ir a por ellos. Ni un derrote, sin querer molestar.&nbsp;<\/p>\n\n\n\n<p>El encierro ha comenzado con los cabestros liderando la carrera en&nbsp;<strong>Santo Domingo<\/strong>, con la manada compacta por detr\u00e1s.<\/p>\n\n\n\n<p>Al llegar a la&nbsp;<strong>plaza Consistoria<\/strong>l tres \u2018fuente ymbros\u2019 se han colocado en cabeza y han llegado a toda velocidad a la curva de Estafeta sin poder frenar a tiempo.<\/p>\n\n\n\n<h2 class=\"wp-block-heading\">Ca\u00edda en Mercaderes<\/h2>\n\n\n\n<p>Uno de ellos, \u2018Enmudecido\u2019 se ha levantado mirando hacia Mercaderes. Pod\u00eda haber tomado el camino de vuelta, pero ha optado por seguir a sus hermanos de camada, que ya enfilaban&nbsp;<strong>Estafeta&nbsp;<\/strong>divididos en varios grupos para delicia de los mozos m\u00e1s expertos.<\/p>\n\n\n\n<p>Por delante iban dos toros con un cabestro, seguidos por otros tres morlacos y &#8216;Enmudecido&#8217; un poco por detr\u00e1s, que optado por seguir su carrera sin ser molestado.&nbsp;<\/p>\n\n\n\n<p>En Estafeta se han abierto huecos que han sido aprovechados por los corredores m\u00e1s expertos pese a las apreturas, mientras la manada fue perdiendo velocidad, llegando casi compacta a la plaza, donde &#8216;Zalagarda&#8217; se hizo al tard\u00f3n.<\/p>\n\n\n\n<p>Ricardo Gallardo trae entre ceja y ceja el volver a conseguir los premios de esta feria. Galardones que ha conseguido en ocho ocasiones desde su debut de 2005. Regresa tras su ausencia de 2019. La normalmente buena materia prima gaditana y el cartel m\u00e1s equilibrado y uno de los mejores del serial, auguran una buena tarde: Daniel Luque, que vuelve a estar en plan figura, Jos\u00e9 Garrido, que no pudo con la corrida de La Palmosilla en 2019, pero que en San Isidro ha \u2018dicho\u2019 que est\u00e1 recuperado y el debutante \u00c1lvaro Lorenzo.<\/p>\n\n\n\n<p><strong>TEMPORADA 2022<\/strong><\/p>\n\n\n\n<p>Lleva cinco corridas y tres novilladas. Cuatro festejos en Madrid, dos corridas desiguales y discretas de juego y dos notables novilladas picadas. Una corrida de mejor nota en la Brede (Francia) y en Alicante, y otra de buen juego de rejones en Granada.<\/p>\n\n\n\n<p><strong>LOS TOROS DE HOY<\/strong><\/p>\n\n\n\n<p>Los 8 toros desplazados hasta el Gas son cinque\u00f1os. Han dado una media de 535 kilos de peso. Son todos negros;, uno, chorreado.<\/p>\n\n\n\n<p><strong>En el encierro<\/strong><\/p>\n\n\n\n<p>\u00daltima carrera: 10\/7\/2018. Duraci\u00f3n: 2 m. y 33 sg. Hubo 5 traumatismos que necesitaron atenci\u00f3n.<\/p>\n\n\n\n<figure class=\"wp-block-image is-style-default\"><img decoding=\"async\" src=\"https:\/\/estaticosgn-cdn.deia.eus\/clip\/b1685577-1599-4af3-bef5-f128258dc6da_16-9-aspect-ratio_75p_0.jpg\" alt=\"\"\/><\/figure>\n\n\n\n<p><em>N\u00ba 187. Guard\u00e9s. Negro bragado meano. 500 kilos. Nacimiento: Julio\/2016. Guarismo 7. Cinque\u00f1o.<\/em><\/p>\n\n\n\n<figure class=\"wp-block-image is-style-default\"><img decoding=\"async\" src=\"https:\/\/estaticosgn-cdn.deia.eus\/clip\/8f76a3d1-fafe-4f2b-b916-c3a391fceb82_16-9-aspect-ratio_default_0.jpg\" alt=\"N\u00ba 153, Ind\u00f3mito, Negro mulato chorreado. 510 kilos. Nacimiento: julio 2016. Cinque\u00f1o\"\/><\/figure>\n\n\n\n<p><em>N\u00ba 153, Ind\u00f3mito, Negro mulato chorreado. 510 kilos. Nacimiento: julio 2016. Cinque\u00f1o<\/em><\/p>\n\n\n\n<figure class=\"wp-block-image is-style-default\"><img decoding=\"async\" src=\"https:\/\/estaticosgn-cdn.deia.eus\/clip\/b69069c1-9baa-4f4d-8005-18bd07d7bd1b_16-9-aspect-ratio_default_0.jpg\" alt=\"N\u00ba 97. comisario. Negro list\u00f3n. 575 kilos. Nacimiento: Enero\/2017. Guarismo: 7. Cinque\u00f1o.\"\/><\/figure>\n\n\n\n<p><em>N\u00ba 97. comisario. Negro list\u00f3n. 575 kilos. Nacimiento: Enero\/2017. Guarismo: 7. Cinque\u00f1o.<\/em><\/p>\n\n\n\n<figure class=\"wp-block-image is-style-default\"><img decoding=\"async\" src=\"https:\/\/estaticosgn-cdn.deia.eus\/clip\/bf5651d9-60c3-415f-aa1f-23b17bf5a7b7_16-9-aspect-ratio_75p_0.jpg\" alt=\"\"\/><\/figure>\n\n\n\n<p><em>N\u00ba 4. cazador. Negro list\u00f3n. 510 kilos. Nacimiento: Enero\/2017. Guarismo: 7. Cinque\u00f1o.<\/em><\/p>\n\n\n\n<figure class=\"wp-block-image is-style-default\"><img decoding=\"async\" src=\"https:\/\/estaticosgn-cdn.deia.eus\/clip\/2767eb24-3636-4eb9-95e2-1e0ef765708d_16-9-aspect-ratio_75p_0.jpg\" alt=\"\"\/><\/figure>\n\n\n\n<p><em>N\u00ba 51. zalagarda. Negro list\u00f3n bragado meano. 565 kilos. Nacimiento: Noviembre\/2016. Guarismo 7. Cinque\u00f1o.<\/em><\/p>\n\n\n\n<figure class=\"wp-block-image is-style-default\"><img decoding=\"async\" src=\"https:\/\/estaticosgn-cdn.deia.eus\/clip\/4815eebc-d338-4a4c-b61f-2e5376eb4337_16-9-discover-aspect-ratio_75p_0.jpg\" alt=\"\"\/><\/figure>\n\n\n\n<p><em>N\u00ba135. Enmudecido. Negro. 585 kilos. Nacimiento. Agosto\/2016. Guarismo 7. Cinquie\u00f1o<\/em>&nbsp;JAVIER BERGASA<\/p>\n\n\n\n<p><strong>Antig\u00fcedad<\/strong>. 217 de marzo de 2002.<\/p>\n\n\n\n<p><strong>Finca<\/strong>. Fuente Ymbro-Los Romerales, en San Jos\u00e9 del Valle (C\u00e1diz).<\/p>\n\n\n\n<p><strong>Propietario<\/strong>. Ricardo Gallardo Gim\u00e9nez.<\/p>\n\n\n\n<p><strong>Mayoral<\/strong>. Alfonso V\u00e1zquez Ben\u00edtez.<\/p>\n\n\n\n<p><strong>Presencias<\/strong>. 13.<\/p>\n\n\n\n<p><strong>Premios<\/strong>. 8. Premio Feria del Toro: 4, en 2005, 2007, 2010 y 2013. Premio Carriquiri: 4, en 2006, 2008, 2010 y 2013.<\/p>\n\n\n\n<p>Fuente: https:\/\/www.noticiasdenavarra.com\/san-fermin\/2022\/07\/07\/encierro-san-fermin-directo-fuente-ymbro-5787887.html<\/p>\n","protected":false},"excerpt":{"rendered":"<p>Emocionante carrera con mucha m\u00e1s presencia de mozos que el jueves TODAS LAS FOTOS DEL ENCIERRO: https:\/\/www.noticiasdenavarra.com\/fotos\/general\/sanfermines\/2022\/07\/08\/fotos-segundo-encierro-san-fermin-5790637.html KEPA GARC\u00cdA \/ [&hellip;]<\/p>\n","protected":false},"author":1,"featured_media":31594,"comment_status":"open","ping_status":"open","sticky":false,"template":"","format":"standard","meta":{"site-sidebar-layout":"default","site-content-layout":"","ast-site-content-layout":"default","site-content-style":"default","site-sidebar-style":"default","ast-global-header-display":"","ast-banner-title-visibility":"","ast-main-header-display":"","ast-hfb-above-header-display":"","ast-hfb-below-header-display":"","ast-hfb-mobile-header-display":"","site-post-title":"","ast-breadcrumbs-content":"","ast-featured-img":"","footer-sml-layout":"","theme-transparent-header-meta":"","adv-header-id-meta":"","stick-header-meta":"","header-above-stick-meta":"","header-main-stick-meta":"","header-below-stick-meta":"","astra-migrate-meta-layouts":"default","ast-page-background-enabled":"default","ast-page-background-meta":{"desktop":{"background-color":"var(--ast-global-color-4)","background-image":"","background-repeat":"repeat","background-position":"center center","background-size":"auto","background-attachment":"scroll","background-type":"","background-media":"","overlay-type":"","overlay-color":"","overlay-opacity":"","overlay-gradient":""},"tablet":{"background-color":"","background-image":"","background-repeat":"repeat","background-position":"center center","background-size":"auto","background-attachment":"scroll","background-type":"","background-media":"","overlay-type":"","overlay-color":"","overlay-opacity":"","overlay-gradient":""},"mobile":{"background-color":"","background-image":"","background-repeat":"repeat","background-position":"center center","background-size":"auto","background-attachment":"scroll","background-type":"","background-media":"","overlay-type":"","overlay-color":"","overlay-opacity":"","overlay-gradient":""}},"ast-content-background-meta":{"desktop":{"background-color":"var(--ast-global-color-5)","background-image":"","background-repeat":"repeat","background-position":"center center","background-size":"auto","background-attachment":"scroll","background-type":"","background-media":"","overlay-type":"","overlay-color":"","overlay-opacity":"","overlay-gradient":""},"tablet":{"background-color":"var(--ast-global-color-5)","background-image":"","background-repeat":"repeat","background-position":"center center","background-size":"auto","background-attachment":"scroll","background-type":"","background-media":"","overlay-type":"","overlay-color":"","overlay-opacity":"","overlay-gradient":""},"mobile":{"background-color":"var(--ast-global-color-5)","background-image":"","background-repeat":"repeat","background-position":"center center","background-size":"auto","background-attachment":"scroll","background-type":"","background-media":"","overlay-type":"","overlay-color":"","overlay-opacity":"","overlay-gradient":""}},"footnotes":""},"categories":[8],"tags":[11225,11224,11190,11226],"class_list":["post-31593","post","type-post","status-publish","format-standard","has-post-thumbnail","hentry","category-noticias","tag-fuente-ymbro","tag-ganaderia-ymbro","tag-sanfermines-2022","tag-zalagarda"],"_links":{"self":[{"href":"https:\/\/losperiodistas.com.mx\/portal\/wp-json\/wp\/v2\/posts\/31593","targetHints":{"allow":["GET"]}}],"collection":[{"href":"https:\/\/losperiodistas.com.mx\/portal\/wp-json\/wp\/v2\/posts"}],"about":[{"href":"https:\/\/losperiodistas.com.mx\/portal\/wp-json\/wp\/v2\/types\/post"}],"author":[{"embeddable":true,"href":"https:\/\/losperiodistas.com.mx\/portal\/wp-json\/wp\/v2\/users\/1"}],"replies":[{"embeddable":true,"href":"https:\/\/losperiodistas.com.mx\/portal\/wp-json\/wp\/v2\/comments?post=31593"}],"version-history":[{"count":1,"href":"https:\/\/losperiodistas.com.mx\/portal\/wp-json\/wp\/v2\/posts\/31593\/revisions"}],"predecessor-version":[{"id":31595,"href":"https:\/\/losperiodistas.com.mx\/portal\/wp-json\/wp\/v2\/posts\/31593\/revisions\/31595"}],"wp:featuredmedia":[{"embeddable":true,"href":"https:\/\/losperiodistas.com.mx\/portal\/wp-json\/wp\/v2\/media\/31594"}],"wp:attachment":[{"href":"https:\/\/losperiodistas.com.mx\/portal\/wp-json\/wp\/v2\/media?parent=31593"}],"wp:term":[{"taxonomy":"category","embeddable":true,"href":"https:\/\/losperiodistas.com.mx\/portal\/wp-json\/wp\/v2\/categories?post=31593"},{"taxonomy":"post_tag","embeddable":true,"href":"https:\/\/losperiodistas.com.mx\/portal\/wp-json\/wp\/v2\/tags?post=31593"}],"curies":[{"name":"wp","href":"https:\/\/api.w.org\/{rel}","templated":true}]}}