{"id":31546,"date":"2022-07-07T10:48:54","date_gmt":"2022-07-07T15:48:54","guid":{"rendered":"http:\/\/losperiodistas.com.mx\/portal\/?p=31546"},"modified":"2022-07-07T10:48:55","modified_gmt":"2022-07-07T15:48:55","slug":"el-papa-francisco-nombra-nuevo-nuncio-apostolico-para-mexico-aci","status":"publish","type":"post","link":"https:\/\/losperiodistas.com.mx\/portal\/el-papa-francisco-nombra-nuevo-nuncio-apostolico-para-mexico-aci\/","title":{"rendered":"El Papa Francisco nombra nuevo Nuncio Apost\u00f3lico para M\u00e9xico | ACI"},"content":{"rendered":"\n<figure class=\"wp-block-image size-full is-style-default\"><img fetchpriority=\"high\" decoding=\"async\" width=\"900\" height=\"500\" src=\"https:\/\/losperiodistas.com.mx\/portal\/wp-content\/uploads\/2022\/07\/Joseph-Spiteri-ACN-Chile-070722.jpg\" alt=\"\" class=\"wp-image-31547\" srcset=\"https:\/\/losperiodistas.com.mx\/portal\/wp-content\/uploads\/2022\/07\/Joseph-Spiteri-ACN-Chile-070722.jpg 900w, https:\/\/losperiodistas.com.mx\/portal\/wp-content\/uploads\/2022\/07\/Joseph-Spiteri-ACN-Chile-070722-300x167.jpg 300w, https:\/\/losperiodistas.com.mx\/portal\/wp-content\/uploads\/2022\/07\/Joseph-Spiteri-ACN-Chile-070722-768x427.jpg 768w\" sizes=\"(max-width: 900px) 100vw, 900px\" \/><figcaption>Mons. Joseph Spiteri. Cr\u00e9dito: ACN Chile.<\/figcaption><\/figure>\n\n\n\n<p><\/p>\n\n\n\n<p class=\"has-vivid-cyan-blue-color has-text-color has-medium-font-size\">DAVID RAMOS \/ ACI PRENSA<\/p>\n\n\n\n<p>El Papa Francisco nombr\u00f3 este jueves 7 de julio como nuevo Nuncio Apost\u00f3lico en M\u00e9xico a Mons. Joseph Spiteri, de 63 a\u00f1os, que se desempe\u00f1aba hasta ahora como representante del Santo Padre en L\u00edbano.<\/p>\n\n\n\n<p>Mons. Joseph Spiteri sucede en el cargo a Mons. Franco Coppola, nombrado Nuncio Apost\u00f3lico en B\u00e9lgica a mediados de noviembre de 2021.<\/p>\n\n\n\n<p>El nuevo Nuncio Apost\u00f3lico en M\u00e9xico habla espa\u00f1ol, italiano, ingl\u00e9s, franc\u00e9s y portugu\u00e9s.<\/p>\n\n\n\n<p>La Conferencia del Episcopado Mexicano (CEM) asegur\u00f3 en un comunicado que el nombramiento \u201cllena de alegr\u00eda\u201d a los obispos del pa\u00eds.<\/p>\n\n\n\n<p>\u201cAgradecemos al Se\u00f1or Jes\u00fas, Pastor de pastores, la presencia del nuevo Nuncio que ser\u00e1 instrumento de comuni\u00f3n, puente que une, evangelizador con Esp\u00edritu que fomente el di\u00e1logo entre instituciones, y as\u00ed nos haga testimoniar como Iglesia, una visi\u00f3n unitaria del hombre en Cristo, que nos lleve a la solidaridad y la paz con todos\u201d, expresaron los obispos mexicanos.<\/p>\n\n\n\n<p>\u201cRogamos al Se\u00f1or y a la Virgen de Guadalupe Emperatriz de Am\u00e9rica le bendiga abundantemente su Persona, Ministerio y su nueva Misi\u00f3n\u201d, a\u00f1adieron.<\/p>\n\n\n\n<p>Mons. Spiteri naci\u00f3 en Malta el 20 de mayo de 1959, y fue ordenado sacerdote el 29 de junio de 1984, a los 25 a\u00f1os.<\/p>\n\n\n\n<p>Tras licenciarse en Derecho Can\u00f3nico ingres\u00f3 al Servicio Diplom\u00e1tico de la Santa Sede en 1988.<\/p>\n\n\n\n<p>Ha trabajado en las Representaciones Pontificias en Panam\u00e1, Irak, M\u00e9xico, Portugal, Grecia y Venezuela.<\/p>\n\n\n\n<p>Adem\u00e1s, ha formado parte de la Secci\u00f3n para las Relaciones con los Estados de la Secretar\u00eda de Estado.<\/p>\n\n\n\n<p>Ha representado al Papa Francisco como Nuncio Apost\u00f3lico en Sri Lanka, Costa de Marfil y L\u00edbano.<\/p>\n\n\n\n<p>Fuente: https:\/\/www.aciprensa.com\/noticias\/el-papa-francisco-nombra-nuevo-nuncio-apostolico-para-mexico-67615<\/p>\n\n\n\n<p><\/p>\n","protected":false},"excerpt":{"rendered":"<p>DAVID RAMOS \/ ACI PRENSA El Papa Francisco nombr\u00f3 este jueves 7 de julio como nuevo Nuncio Apost\u00f3lico en M\u00e9xico [&hellip;]<\/p>\n","protected":false},"author":1,"featured_media":31547,"comment_status":"open","ping_status":"open","sticky":false,"template":"","format":"standard","meta":{"site-sidebar-layout":"default","site-content-layout":"","ast-site-content-layout":"default","site-content-style":"default","site-sidebar-style":"default","ast-global-header-display":"","ast-banner-title-visibility":"","ast-main-header-display":"","ast-hfb-above-header-display":"","ast-hfb-below-header-display":"","ast-hfb-mobile-header-display":"","site-post-title":"","ast-breadcrumbs-content":"","ast-featured-img":"","footer-sml-layout":"","theme-transparent-header-meta":"","adv-header-id-meta":"","stick-header-meta":"","header-above-stick-meta":"","header-main-stick-meta":"","header-below-stick-meta":"","astra-migrate-meta-layouts":"default","ast-page-background-enabled":"default","ast-page-background-meta":{"desktop":{"background-color":"var(--ast-global-color-4)","background-image":"","background-repeat":"repeat","background-position":"center center","background-size":"auto","background-attachment":"scroll","background-type":"","background-media":"","overlay-type":"","overlay-color":"","overlay-opacity":"","overlay-gradient":""},"tablet":{"background-color":"","background-image":"","background-repeat":"repeat","background-position":"center center","background-size":"auto","background-attachment":"scroll","background-type":"","background-media":"","overlay-type":"","overlay-color":"","overlay-opacity":"","overlay-gradient":""},"mobile":{"background-color":"","background-image":"","background-repeat":"repeat","background-position":"center center","background-size":"auto","background-attachment":"scroll","background-type":"","background-media":"","overlay-type":"","overlay-color":"","overlay-opacity":"","overlay-gradient":""}},"ast-content-background-meta":{"desktop":{"background-color":"var(--ast-global-color-5)","background-image":"","background-repeat":"repeat","background-position":"center center","background-size":"auto","background-attachment":"scroll","background-type":"","background-media":"","overlay-type":"","overlay-color":"","overlay-opacity":"","overlay-gradient":""},"tablet":{"background-color":"var(--ast-global-color-5)","background-image":"","background-repeat":"repeat","background-position":"center center","background-size":"auto","background-attachment":"scroll","background-type":"","background-media":"","overlay-type":"","overlay-color":"","overlay-opacity":"","overlay-gradient":""},"mobile":{"background-color":"var(--ast-global-color-5)","background-image":"","background-repeat":"repeat","background-position":"center center","background-size":"auto","background-attachment":"scroll","background-type":"","background-media":"","overlay-type":"","overlay-color":"","overlay-opacity":"","overlay-gradient":""}},"footnotes":""},"categories":[8],"tags":[11219,11220],"class_list":["post-31546","post","type-post","status-publish","format-standard","has-post-thumbnail","hentry","category-noticias","tag-mons-joseph-spiteri","tag-nuncio-apostolico-mexico"],"_links":{"self":[{"href":"https:\/\/losperiodistas.com.mx\/portal\/wp-json\/wp\/v2\/posts\/31546","targetHints":{"allow":["GET"]}}],"collection":[{"href":"https:\/\/losperiodistas.com.mx\/portal\/wp-json\/wp\/v2\/posts"}],"about":[{"href":"https:\/\/losperiodistas.com.mx\/portal\/wp-json\/wp\/v2\/types\/post"}],"author":[{"embeddable":true,"href":"https:\/\/losperiodistas.com.mx\/portal\/wp-json\/wp\/v2\/users\/1"}],"replies":[{"embeddable":true,"href":"https:\/\/losperiodistas.com.mx\/portal\/wp-json\/wp\/v2\/comments?post=31546"}],"version-history":[{"count":1,"href":"https:\/\/losperiodistas.com.mx\/portal\/wp-json\/wp\/v2\/posts\/31546\/revisions"}],"predecessor-version":[{"id":31548,"href":"https:\/\/losperiodistas.com.mx\/portal\/wp-json\/wp\/v2\/posts\/31546\/revisions\/31548"}],"wp:featuredmedia":[{"embeddable":true,"href":"https:\/\/losperiodistas.com.mx\/portal\/wp-json\/wp\/v2\/media\/31547"}],"wp:attachment":[{"href":"https:\/\/losperiodistas.com.mx\/portal\/wp-json\/wp\/v2\/media?parent=31546"}],"wp:term":[{"taxonomy":"category","embeddable":true,"href":"https:\/\/losperiodistas.com.mx\/portal\/wp-json\/wp\/v2\/categories?post=31546"},{"taxonomy":"post_tag","embeddable":true,"href":"https:\/\/losperiodistas.com.mx\/portal\/wp-json\/wp\/v2\/tags?post=31546"}],"curies":[{"name":"wp","href":"https:\/\/api.w.org\/{rel}","templated":true}]}}