{"id":31538,"date":"2022-07-07T10:19:04","date_gmt":"2022-07-07T15:19:04","guid":{"rendered":"http:\/\/losperiodistas.com.mx\/portal\/?p=31538"},"modified":"2022-07-07T10:19:07","modified_gmt":"2022-07-07T15:19:07","slug":"remedios-naturales-para-limpiar-el-colon-de-manera-segura-ensedeciencia","status":"publish","type":"post","link":"https:\/\/losperiodistas.com.mx\/portal\/remedios-naturales-para-limpiar-el-colon-de-manera-segura-ensedeciencia\/","title":{"rendered":"Remedios naturales para limpiar el colon de manera segura | Ensedeciencia"},"content":{"rendered":"\n<p><\/p>\n\n\n\n<figure class=\"wp-block-image size-large is-style-default\"><img fetchpriority=\"high\" decoding=\"async\" width=\"1024\" height=\"631\" src=\"https:\/\/losperiodistas.com.mx\/portal\/wp-content\/uploads\/2022\/07\/aloe-vera-hortalizas-ayunas-alimentos-remedio-natural-ayuno-te-agua-1140x703-1-1024x631.jpg\" alt=\"\" class=\"wp-image-31539\" srcset=\"https:\/\/losperiodistas.com.mx\/portal\/wp-content\/uploads\/2022\/07\/aloe-vera-hortalizas-ayunas-alimentos-remedio-natural-ayuno-te-agua-1140x703-1-1024x631.jpg 1024w, https:\/\/losperiodistas.com.mx\/portal\/wp-content\/uploads\/2022\/07\/aloe-vera-hortalizas-ayunas-alimentos-remedio-natural-ayuno-te-agua-1140x703-1-300x185.jpg 300w, https:\/\/losperiodistas.com.mx\/portal\/wp-content\/uploads\/2022\/07\/aloe-vera-hortalizas-ayunas-alimentos-remedio-natural-ayuno-te-agua-1140x703-1-768x474.jpg 768w, https:\/\/losperiodistas.com.mx\/portal\/wp-content\/uploads\/2022\/07\/aloe-vera-hortalizas-ayunas-alimentos-remedio-natural-ayuno-te-agua-1140x703-1.jpg 1140w\" sizes=\"(max-width: 1024px) 100vw, 1024px\" \/><figcaption>Foto: Tododisca<\/figcaption><\/figure>\n\n\n\n<p><\/p>\n\n\n\n<p class=\"has-vivid-cyan-blue-color has-text-color has-medium-font-size\">ENS\u00c9\u00d1AME DE CIENCIA<\/p>\n\n\n\n<p>El&nbsp;<a href=\"https:\/\/es.wikipedia.org\/wiki\/Colon#:~:text=El%20colon%20es%20la%20%C3%BAltima,que%20sean%20eliminados%20del%20cuerpo.&amp;text=Parte%20delantera%20del%20abdomen%2C%20mostrando,est%C3%B3mago%20y%20el%20intestino%20grueso.\"><strong>colon<\/strong><\/a>&nbsp;o intestino grueso forma parte del sistema digestivo y cumple con diferentes funciones, una de ellas es absorber los l\u00edquidos y nutrientes que son necesarios para el bienestar del cuerpo humano, al mismo tiempo es el segmento final que ayuda a completar el proceso de evacuaci\u00f3n de las heces de forma correcta. Tambi\u00e9n se encarga de eliminar las toxinas, esto evita otros males como la fatiga cr\u00f3nica, insomnio, dolores de cabeza e incluso fuertes olores corporales.&nbsp;&nbsp;<\/p>\n\n\n\n<p>De tal manera, que un colon saludable es vital para evitar la aparici\u00f3n de enfermedades como el c\u00e1ncer, el s\u00edndrome del intestino irritable, la colitis ulcerosa, por mencionar algunos. Es conveniente mencionar que el c\u00e1ncer de colon es la tercera causa de muerte en el mundo.&nbsp;<\/p>\n\n\n\n<p>Como se ha mencionado anteriormente el colon tiene un papel fundamental en el cuerpo humano, con el fin de ayudar al intestino y evitar malestares como el estre\u00f1imiento se puede recurrir a diversos remedios naturales. Una planta que ayuda a este prop\u00f3sito es el aloe vera o s\u00e1bila, espec\u00edficamente la sustancia que produce, la cual es un gel transparente que se compone de amino\u00e1cidos, polisac\u00e1ridos, enzimas, vitaminas y minerales.&nbsp;<\/p>\n\n\n\n<p>El\u00a0<strong><a href=\"https:\/\/es.wikipedia.org\/wiki\/Aloe_vera\">aloe vera<\/a><\/strong>\u00a0tiene diferentes usos dentro del \u00e1rea de la salud y la cosm\u00e9tica, ya sea como uso t\u00f3pico o ingiriendo el gel. Posee propiedades cicatrizantes, regeneradoras, antibacterianas y antibi\u00f3ticas que son muy utilizadas en los productos faciales\u00a0(exfoliar la piel, cicatrizar y controlar el acn\u00e9), capilares (contra la ca\u00edda del cabello, mantiene la hidrataci\u00f3n, controla la caspa, etc.) y bucales.\u00a0\u00a0<\/p>\n\n\n\n<p>Los siguientes jugos limpian el colon de manera efectiva y natural, asimismo funcionan para aumentar las defensas o mejor dicho reforzar el sistema inmunitario. Se debe tener en cuenta que este tipo de ingredientes est\u00e1n contraindicados para personas con enfermedades cr\u00f3nicas, embarazadas, ni\u00f1os y diab\u00e9ticos. Se recomienda consultar antes con su m\u00e9dico para evitar efectos negativos.&nbsp;&nbsp;<\/p>\n\n\n\n<figure class=\"wp-block-image is-style-default\" id=\"attachment_17798\"><img decoding=\"async\" src=\"https:\/\/i0.wp.com\/ensedeciencia.com\/wp-content\/uploads\/2022\/07\/piqsels.com-id-fvqoo.jpg?resize=800%2C450&amp;ssl=1\" alt=\"\" class=\"wp-image-17798\"\/><figcaption>Foto: Piqsels<\/figcaption><\/figure>\n\n\n\n<p>Antes de preparar los jugos, se debe cortar las hojas de aloe vera desde la base y dejar reposar en un recipiente con agua durante toda la noche.&nbsp;&nbsp;<\/p>\n\n\n\n<p><strong>ALOE VERA CON LIM\u00d3N<\/strong>&nbsp;<\/p>\n\n\n\n<p>Esta combinaci\u00f3n ayuda contra el estre\u00f1imiento y se debe beber en ayunas. Para preparar este jugo necesitas estos ingredientes:&nbsp;<\/p>\n\n\n\n<ul class=\"wp-block-list\"><li>Aloe vera&nbsp;&nbsp;<\/li><li>Agua&nbsp;&nbsp;<\/li><li>Lim\u00f3n&nbsp;<\/li><\/ul>\n\n\n\n<p>Modo de preparaci\u00f3n:\u00a0<\/p>\n\n\n\n<ol class=\"wp-block-list\"><li>Lavar la hoja de s\u00e1bila y extraer el gel de la planta.&nbsp;<\/li><li>Licuar&nbsp;tres cucharadas de gel con \u00bc de agua.&nbsp;<\/li><li>Vaciar la mezcla en un recipiente e ir agregando pausadamente el jugo de un lim\u00f3n.&nbsp;&nbsp;<\/li><\/ol>\n\n\n\n<p><strong>ALOE VERA CON PAPAYA<\/strong>&nbsp;<\/p>\n\n\n\n<p>Este jugo es efectivo para problemas de tr\u00e1nsito intestinal y para desintoxicar el organismo seg\u00fan el art\u00edculo publicado en&nbsp;<a href=\"https:\/\/www.televisa.com\/noticias\/jugo-de-papaya-con-aloe-vera-una-combinacion-que-limpia-el-colon\/\"><strong>Televisa.<\/strong><\/a>&nbsp;Se&nbsp;recomienda beber 30 minutos antes del desayuno.&nbsp;&nbsp;<\/p>\n\n\n\n<ul class=\"wp-block-list\"><li>\u00bc de papaya&nbsp;<\/li><li>2 hojas de aloe vera&nbsp;&nbsp;<\/li><li>1 cucharada de semillas de linaza&nbsp;<\/li><li>Agua natural&nbsp;<\/li><\/ul>\n\n\n\n<p>Modo de preparaci\u00f3n:&nbsp;<\/p>\n\n\n\n<ol class=\"wp-block-list\"><li>Lavar las hojas y con ayuda de un cuchillo extraer la pulpa.&nbsp;&nbsp;<\/li><li>Licuar la papaya junto con&nbsp;la pulpa del aloe vera y el agua&nbsp;&nbsp;<\/li><li>Servir y a\u00f1adir las semillas de linaza.&nbsp;&nbsp;<\/li><\/ol>\n\n\n\n<p><strong>ALOE VERA, PI\u00d1A Y PEPINO<\/strong>&nbsp;<\/p>\n\n\n\n<p>De acuerdo con el art\u00edculo publicado en&nbsp;<a href=\"https:\/\/www.mundodeportivo.com\/uncomo\/salud\/articulo\/jugos-para-limpiar-el-colon-26538.html\"><strong>UNCOMO<\/strong><\/a>&nbsp;este jugo que es de gran utilidad para desinflamar, limpiar el colon e incluso bajar de peso. Se recomienda beber dos veces al d\u00eda, en ayunas y antes de la comida.&nbsp;<\/p>\n\n\n\n<p>Ingredientes:&nbsp;<\/p>\n\n\n\n<ul class=\"wp-block-list\"><li>Aloe vera&nbsp;<\/li><li>\u00bc de pi\u00f1a&nbsp;<\/li><li>La mitad de un pepino&nbsp;<\/li><li>1 manzana&nbsp;<\/li><li>Naranja&nbsp;<\/li><\/ul>\n\n\n\n<p>Modo de preparaci\u00f3n:&nbsp;&nbsp;<\/p>\n\n\n\n<ol class=\"wp-block-list\"><li>Lavar las frutas y la hoja de aloe vera.&nbsp;<\/li><li>Retirar la c\u00e1scara de la pi\u00f1a y del pepino, seguidamente extraer la pulpa de las hojas de aloe vera.&nbsp;<\/li><li>Cortar la pi\u00f1a, el pepino y la manzana en trozos, depositar en la licuadora junto con la pulpa.&nbsp;&nbsp;<\/li><li>Despu\u00e9s de licuar, agregar el jugo de naranja y mezclar.&nbsp;&nbsp;<\/li><\/ol>\n\n\n\n<p>Fuente: https:\/\/ensedeciencia.com\/2022\/07\/07\/remedios-naturales-para-limpiar-el-colon-de-manera-segura\/<a href=\"https:\/\/www.liverpool.com.mx\/tienda\/paginas\/editoriales\/terrazas-para-veranos-divertidos?utm_source=DIGITAL&amp;utm_medium=CONTEBIO&amp;utm_campaign=BLP_MUEBLES&amp;utm_content=TABOOLA_TERRAZAS_PARA_VERANOS_DIVERTIDOS&amp;tblci=GiAi1tcEXBYvDhyAscanUh_0gRpwdjXmzsd_bOnSHlZvMSDtw1Ioo6HGld3swILCAQ#tblciGiAi1tcEXBYvDhyAscanUh_0gRpwdjXmzsd_bOnSHlZvMSDtw1Ioo6HGld3swILCAQ\" target=\"_blank\" rel=\"noreferrer noopener\"><\/a><\/p>\n\n\n\n<p><\/p>\n","protected":false},"excerpt":{"rendered":"<p>ENS\u00c9\u00d1AME DE CIENCIA El&nbsp;colon&nbsp;o intestino grueso forma parte del sistema digestivo y cumple con diferentes funciones, una de ellas es [&hellip;]<\/p>\n","protected":false},"author":1,"featured_media":31539,"comment_status":"open","ping_status":"open","sticky":false,"template":"","format":"standard","meta":{"site-sidebar-layout":"default","site-content-layout":"","ast-site-content-layout":"default","site-content-style":"default","site-sidebar-style":"default","ast-global-header-display":"","ast-banner-title-visibility":"","ast-main-header-display":"","ast-hfb-above-header-display":"","ast-hfb-below-header-display":"","ast-hfb-mobile-header-display":"","site-post-title":"","ast-breadcrumbs-content":"","ast-featured-img":"","footer-sml-layout":"","theme-transparent-header-meta":"","adv-header-id-meta":"","stick-header-meta":"","header-above-stick-meta":"","header-main-stick-meta":"","header-below-stick-meta":"","astra-migrate-meta-layouts":"default","ast-page-background-enabled":"default","ast-page-background-meta":{"desktop":{"background-color":"var(--ast-global-color-4)","background-image":"","background-repeat":"repeat","background-position":"center center","background-size":"auto","background-attachment":"scroll","background-type":"","background-media":"","overlay-type":"","overlay-color":"","overlay-opacity":"","overlay-gradient":""},"tablet":{"background-color":"","background-image":"","background-repeat":"repeat","background-position":"center center","background-size":"auto","background-attachment":"scroll","background-type":"","background-media":"","overlay-type":"","overlay-color":"","overlay-opacity":"","overlay-gradient":""},"mobile":{"background-color":"","background-image":"","background-repeat":"repeat","background-position":"center center","background-size":"auto","background-attachment":"scroll","background-type":"","background-media":"","overlay-type":"","overlay-color":"","overlay-opacity":"","overlay-gradient":""}},"ast-content-background-meta":{"desktop":{"background-color":"var(--ast-global-color-5)","background-image":"","background-repeat":"repeat","background-position":"center center","background-size":"auto","background-attachment":"scroll","background-type":"","background-media":"","overlay-type":"","overlay-color":"","overlay-opacity":"","overlay-gradient":""},"tablet":{"background-color":"var(--ast-global-color-5)","background-image":"","background-repeat":"repeat","background-position":"center center","background-size":"auto","background-attachment":"scroll","background-type":"","background-media":"","overlay-type":"","overlay-color":"","overlay-opacity":"","overlay-gradient":""},"mobile":{"background-color":"var(--ast-global-color-5)","background-image":"","background-repeat":"repeat","background-position":"center center","background-size":"auto","background-attachment":"scroll","background-type":"","background-media":"","overlay-type":"","overlay-color":"","overlay-opacity":"","overlay-gradient":""}},"footnotes":""},"categories":[8],"tags":[11216,11215,11217],"class_list":["post-31538","post","type-post","status-publish","format-standard","has-post-thumbnail","hentry","category-noticias","tag-alimentacion-sana","tag-colon-inflamado","tag-colon-saludable"],"_links":{"self":[{"href":"https:\/\/losperiodistas.com.mx\/portal\/wp-json\/wp\/v2\/posts\/31538","targetHints":{"allow":["GET"]}}],"collection":[{"href":"https:\/\/losperiodistas.com.mx\/portal\/wp-json\/wp\/v2\/posts"}],"about":[{"href":"https:\/\/losperiodistas.com.mx\/portal\/wp-json\/wp\/v2\/types\/post"}],"author":[{"embeddable":true,"href":"https:\/\/losperiodistas.com.mx\/portal\/wp-json\/wp\/v2\/users\/1"}],"replies":[{"embeddable":true,"href":"https:\/\/losperiodistas.com.mx\/portal\/wp-json\/wp\/v2\/comments?post=31538"}],"version-history":[{"count":1,"href":"https:\/\/losperiodistas.com.mx\/portal\/wp-json\/wp\/v2\/posts\/31538\/revisions"}],"predecessor-version":[{"id":31540,"href":"https:\/\/losperiodistas.com.mx\/portal\/wp-json\/wp\/v2\/posts\/31538\/revisions\/31540"}],"wp:featuredmedia":[{"embeddable":true,"href":"https:\/\/losperiodistas.com.mx\/portal\/wp-json\/wp\/v2\/media\/31539"}],"wp:attachment":[{"href":"https:\/\/losperiodistas.com.mx\/portal\/wp-json\/wp\/v2\/media?parent=31538"}],"wp:term":[{"taxonomy":"category","embeddable":true,"href":"https:\/\/losperiodistas.com.mx\/portal\/wp-json\/wp\/v2\/categories?post=31538"},{"taxonomy":"post_tag","embeddable":true,"href":"https:\/\/losperiodistas.com.mx\/portal\/wp-json\/wp\/v2\/tags?post=31538"}],"curies":[{"name":"wp","href":"https:\/\/api.w.org\/{rel}","templated":true}]}}