{"id":3139,"date":"2021-01-09T12:17:00","date_gmt":"2021-01-09T18:17:00","guid":{"rendered":"http:\/\/losperiodistas.com.mx\/portal\/?p=3139"},"modified":"2021-01-09T12:17:00","modified_gmt":"2021-01-09T18:17:00","slug":"la-reina-isabel-y-el-duque-de-edimburgo-vacunados-contra-el-coronavirus-vanity-fair","status":"publish","type":"post","link":"https:\/\/losperiodistas.com.mx\/portal\/la-reina-isabel-y-el-duque-de-edimburgo-vacunados-contra-el-coronavirus-vanity-fair\/","title":{"rendered":"La reina Isabel y el duque de Edimburgo, vacunados contra el coronavirus| Vanity Fair"},"content":{"rendered":"\n<p style=\"font-size:18px\"><em>Han recibido la primera dosis de la vacuna en el castillo de Windsor, donde la pareja ha pasado las navidades y contin\u00faa aislada.<\/em><\/p>\n\n\n\n<p class=\"has-vivid-cyan-blue-color has-text-color has-medium-font-size\">A.S. \/ VANITY FAIR<\/p>\n\n\n\n<p>La&nbsp;<a href=\"http:\/\/www.revistavanityfair.es\/tags\/isabel-ii\/3913\"><strong>reina Isabel<\/strong><\/a>&nbsp;y el&nbsp;<a href=\"http:\/\/www.revistavanityfair.es\/tags\/felipe-de-edimburgo\/4304\"><strong>duque de Edimburgo<\/strong><\/a>&nbsp;han recibido este s\u00e1bado la primera dosis de la&nbsp;<strong>vacuna contra el coronavirus<\/strong>, seg\u00fan ha informado un portavoz el Palacio de Buckingham. Un m\u00e9dico ha suministrado los&nbsp;<em>royals<\/em>&nbsp;la vacuna de Pfizer\/BioNTech en el&nbsp;<strong>castillo de Windsor<\/strong>&nbsp;donde la pareja&nbsp;<a href=\"http:\/\/https\/\/www.revistavanityfair.es\/realeza\/articulos\/isabel-ii-cancela-defintivamente-sus-vacaciones-familiares-navidenas-en-sandringham\/47858\">ha pasado las navidades<\/a>&nbsp;y contin\u00faa aislada tratando de evitar el Covid-19.<\/p>\n\n\n\n<p>La monarca tiene&nbsp;<strong>94 a\u00f1os<\/strong>&nbsp;y el pr\u00edncipe Felipe est\u00e1&nbsp;<a href=\"http:\/\/www.revistavanityfair.es\/realeza\/articulos\/el-duque-de-edimburgo-no-quiere-tener-nada-que-ver-con-la-fiesta-de-su-100-cumpleanos\/48216\">a punto de cumplir 100<\/a>, de ah\u00ed que es l\u00f3gico que hayan sido de los primeros en recibir la vacuna en el Reino Unido, que inici\u00f3 su campa\u00f1a hace ya un mes. Desde que estall\u00f3 la pandemia la reina y el duque, y su entorno, han tenido una especial precauci\u00f3n y, en todo momento, han tratado de evitar el contacto con alguien que pudiera haber estado expuesto al virus. El&nbsp;<a href=\"http:\/\/ww.revistavanityfair.es\/realeza\/articulos\/el-principe-carlos-perdio-el-gusto-y-el-olfato-a-causa-del-coronavirus-y-todavia-no-los-ha-recuperado\/45556\"><strong>pr\u00edncipe Carlos<\/strong>&nbsp;lo sufri\u00f3<\/a>, igual que el&nbsp;<a href=\"http:\/\/www.revistavanityfair.es\/tags\/guillermo-windsor\/3720\"><strong>pr\u00edncipe Guillermo<\/strong><\/a>&nbsp;de cuya infecci\u00f3n supimos&nbsp;<a href=\"http:\/\/www.revistavanityfair.es\/realeza\/articulos\/principe-guillermo-positivo-coronavirus\/47424\">meses despu\u00e9s<\/a>, primero por la prensa y despu\u00e9s por la Casa Real que lo confirm\u00f3.<\/p>\n\n\n\n<p>Buckingham no suele pronunciarse respecto a la salud de los miembros de la familia real, sin embargo, en esta ocasi\u00f3n ha querido hacerlo, quiz\u00e1, para evitar especulaciones e informaciones poco precisas. Es, adem\u00e1s, una forma de alentar a la poblaci\u00f3n a vacunarse.https:\/\/6da6629685d6b6c3cc8f219129a6efe6.safeframe.googlesyndication.com\/safeframe\/1-0-37\/html\/container.html<\/p>\n\n\n\n<p>La reina Isabel es la segunda monarca europea en recibir la vacuna frente al coronavirus despu\u00e9s de que la reina\u00a0<a href=\"http:\/\/www.revistavanityfair.es\/realeza\/articulos\/margarita-dinamarca-reina-vacuna-covid-19\/48256\">Margarita de Dinamarca<\/a>\u00a0se vacunara hace una semana.<\/p>\n\n\n\n<p>Fuente: https:\/\/www.revistavanityfair.es\/realeza\/articulos\/reina-isabel-duque-de-edimburgo-vacuna-covid-coronavirus\/48333<\/p>\n","protected":false},"excerpt":{"rendered":"<p>Han recibido la primera dosis de la vacuna en el castillo de Windsor, donde la pareja ha pasado las navidades [&hellip;]<\/p>\n","protected":false},"author":1,"featured_media":3140,"comment_status":"open","ping_status":"open","sticky":false,"template":"","format":"standard","meta":{"site-sidebar-layout":"default","site-content-layout":"","ast-site-content-layout":"default","site-content-style":"default","site-sidebar-style":"default","ast-global-header-display":"","ast-banner-title-visibility":"","ast-main-header-display":"","ast-hfb-above-header-display":"","ast-hfb-below-header-display":"","ast-hfb-mobile-header-display":"","site-post-title":"","ast-breadcrumbs-content":"","ast-featured-img":"","footer-sml-layout":"","theme-transparent-header-meta":"","adv-header-id-meta":"","stick-header-meta":"","header-above-stick-meta":"","header-main-stick-meta":"","header-below-stick-meta":"","astra-migrate-meta-layouts":"default","ast-page-background-enabled":"default","ast-page-background-meta":{"desktop":{"background-color":"var(--ast-global-color-4)","background-image":"","background-repeat":"repeat","background-position":"center center","background-size":"auto","background-attachment":"scroll","background-type":"","background-media":"","overlay-type":"","overlay-color":"","overlay-opacity":"","overlay-gradient":""},"tablet":{"background-color":"","background-image":"","background-repeat":"repeat","background-position":"center center","background-size":"auto","background-attachment":"scroll","background-type":"","background-media":"","overlay-type":"","overlay-color":"","overlay-opacity":"","overlay-gradient":""},"mobile":{"background-color":"","background-image":"","background-repeat":"repeat","background-position":"center center","background-size":"auto","background-attachment":"scroll","background-type":"","background-media":"","overlay-type":"","overlay-color":"","overlay-opacity":"","overlay-gradient":""}},"ast-content-background-meta":{"desktop":{"background-color":"var(--ast-global-color-5)","background-image":"","background-repeat":"repeat","background-position":"center center","background-size":"auto","background-attachment":"scroll","background-type":"","background-media":"","overlay-type":"","overlay-color":"","overlay-opacity":"","overlay-gradient":""},"tablet":{"background-color":"var(--ast-global-color-5)","background-image":"","background-repeat":"repeat","background-position":"center center","background-size":"auto","background-attachment":"scroll","background-type":"","background-media":"","overlay-type":"","overlay-color":"","overlay-opacity":"","overlay-gradient":""},"mobile":{"background-color":"var(--ast-global-color-5)","background-image":"","background-repeat":"repeat","background-position":"center center","background-size":"auto","background-attachment":"scroll","background-type":"","background-media":"","overlay-type":"","overlay-color":"","overlay-opacity":"","overlay-gradient":""}},"footnotes":""},"categories":[8],"tags":[],"class_list":["post-3139","post","type-post","status-publish","format-standard","has-post-thumbnail","hentry","category-noticias"],"_links":{"self":[{"href":"https:\/\/losperiodistas.com.mx\/portal\/wp-json\/wp\/v2\/posts\/3139","targetHints":{"allow":["GET"]}}],"collection":[{"href":"https:\/\/losperiodistas.com.mx\/portal\/wp-json\/wp\/v2\/posts"}],"about":[{"href":"https:\/\/losperiodistas.com.mx\/portal\/wp-json\/wp\/v2\/types\/post"}],"author":[{"embeddable":true,"href":"https:\/\/losperiodistas.com.mx\/portal\/wp-json\/wp\/v2\/users\/1"}],"replies":[{"embeddable":true,"href":"https:\/\/losperiodistas.com.mx\/portal\/wp-json\/wp\/v2\/comments?post=3139"}],"version-history":[{"count":1,"href":"https:\/\/losperiodistas.com.mx\/portal\/wp-json\/wp\/v2\/posts\/3139\/revisions"}],"predecessor-version":[{"id":3141,"href":"https:\/\/losperiodistas.com.mx\/portal\/wp-json\/wp\/v2\/posts\/3139\/revisions\/3141"}],"wp:featuredmedia":[{"embeddable":true,"href":"https:\/\/losperiodistas.com.mx\/portal\/wp-json\/wp\/v2\/media\/3140"}],"wp:attachment":[{"href":"https:\/\/losperiodistas.com.mx\/portal\/wp-json\/wp\/v2\/media?parent=3139"}],"wp:term":[{"taxonomy":"category","embeddable":true,"href":"https:\/\/losperiodistas.com.mx\/portal\/wp-json\/wp\/v2\/categories?post=3139"},{"taxonomy":"post_tag","embeddable":true,"href":"https:\/\/losperiodistas.com.mx\/portal\/wp-json\/wp\/v2\/tags?post=3139"}],"curies":[{"name":"wp","href":"https:\/\/api.w.org\/{rel}","templated":true}]}}