{"id":3126,"date":"2021-01-08T14:49:44","date_gmt":"2021-01-08T20:49:44","guid":{"rendered":"http:\/\/losperiodistas.com.mx\/portal\/?p=3126"},"modified":"2021-01-08T14:49:44","modified_gmt":"2021-01-08T20:49:44","slug":"pelosi-afirma-haber-discutido-con-el-jefe-del-ejercito-la-posibilidad-de-evitar-que-trump-pueda-usar-armas-nucleares-rt","status":"publish","type":"post","link":"https:\/\/losperiodistas.com.mx\/portal\/pelosi-afirma-haber-discutido-con-el-jefe-del-ejercito-la-posibilidad-de-evitar-que-trump-pueda-usar-armas-nucleares-rt\/","title":{"rendered":"Pelosi afirma haber discutido con el jefe del Ej\u00e9rcito la posibilidad de evitar que Trump pueda usar armas nucleares | RT"},"content":{"rendered":"\n<p style=\"font-size:18px\"><em>La situaci\u00f3n con \u00abeste presidente desquiciado\u00bb no podr\u00eda ser \u00abm\u00e1s peligrosa\u00bb, advierte la presidenta de la C\u00e1mara de Representantes.<\/em><\/p>\n\n\n\n<p class=\"has-vivid-cyan-blue-color has-text-color has-medium-font-size\">RT<\/p>\n\n\n\n<p>La presidenta de la C\u00e1mara de Representantes, Nancy Pelosi, ha anunciado este viernes en un comunicado dirigido a sus colegas que ha hablado con el presidente del Estado Mayor Conjunto, el general Mark Milley, sobre la posibilidad de evitar que el presidente Donald Trump pueda ordenar acciones militares o lanzar un ataque nuclear.<\/p>\n\n\n\n<p>En concreto, Pelosi asegura que abord\u00f3 con Milley \u00ablas precauciones disponibles para evitar que&nbsp;<strong>un presidente inestable<\/strong>&nbsp;inicie hostilidades militares o acceda a los c\u00f3digos de lanzamiento y ordene un ataque nuclear\u00bb.<\/p>\n\n\n\n<p>La situaci\u00f3n con \u00abeste presidente desquiciado\u00bb no podr\u00eda ser \u00abm\u00e1s peligrosa\u00bb, advierte la dem\u00f3crata, que enfatiza la necesidad de \u00abhacer todo lo posible para proteger al pueblo estadounidense de su asalto desequilibrado\u00bb al pa\u00eds y a la democracia de EE.UU.<\/p>\n\n\n\n<h3 class=\"wp-block-heading\">\u00abIncit\u00f3 una insurrecci\u00f3n armada\u00bb<\/h3>\n\n\n\n<figure class=\"wp-block-image\"><img decoding=\"async\" src=\"https:\/\/cdni.rt.com\/actualidad\/public_images\/2021.01\/thumbnail\/5ff8828be9ff714239214c69.JPG\" alt=\"\u00bfQu\u00e9 va a pasar con Trump? \u00bfCu\u00e1l ser\u00e1 el papel de Biden?: Los escenarios que se abren en EE.UU. tras el asalto al Capitolio\"\/><\/figure>\n\n\n\n<p><a href=\"https:\/\/actualidad.rt.com\/opinion\/ociel-ali-lopez\/379533-puede-suceder-eeuu-asalto-capitolio\">\u00bfQu\u00e9 va a pasar con Trump? \u00bfCu\u00e1l ser\u00e1 el papel de Biden?: Los escenarios que se abren en EE.UU. tras el asalto al Capitolio<\/a><\/p>\n\n\n\n<p>Un d\u00eda antes de dar a conocer su anuncio, la dem\u00f3crata&nbsp;<a href=\"https:\/\/actualidad.rt.com\/actualidad\/379432-pelosi-enmienda-25-destituir-trump\" target=\"_blank\" rel=\"noreferrer noopener\">exigi\u00f3<\/a>al vicepresidente Mike Pence y al Gabinete de Trump que invoquen la 25.\u00aa Enmienda para apartar al mandatario del poder, tras el violento asalto al Capitolio protagonizado este mi\u00e9rcoles por los partidarios del presidente saliente.<\/p>\n\n\n\n<p>Pelosi argument\u00f3 en el Capitolio que \u00abel presidente de Estados Unidos incit\u00f3 una insurrecci\u00f3n armada contra EE.UU.\u00bb y&nbsp;<strong>podr\u00eda hacer m\u00e1s da\u00f1o al pa\u00eds<\/strong>&nbsp;si sigue en el cargo hasta el fin de su mandato, que termina el 20 de enero con la toma de posesi\u00f3n de Joe Biden. \u00abCualquier d\u00eda puede ser un &#8216;show&#8217; de terror para EE.UU.\u00bb, afirm\u00f3 la presidenta de la C\u00e1mara de Representantes.<\/p>\n\n\n\n<p>Si no se procede con la aplicaci\u00f3n de la 25\u00aa enmienda, \u00abel Congreso puede estar preparado para proseguir con el juicio pol\u00edtico\u00bb, sugiri\u00f3 Pelosi.<\/p>\n\n\n\n<p>Fuente: https:\/\/actualidad.rt.com\/actualidad\/379545-pelosi-ejercito-bloquear-trump-nuclear<\/p>\n","protected":false},"excerpt":{"rendered":"<p>La situaci\u00f3n con \u00abeste presidente desquiciado\u00bb no podr\u00eda ser \u00abm\u00e1s peligrosa\u00bb, advierte la presidenta de la C\u00e1mara de Representantes. RT [&hellip;]<\/p>\n","protected":false},"author":1,"featured_media":3127,"comment_status":"open","ping_status":"open","sticky":false,"template":"","format":"standard","meta":{"site-sidebar-layout":"default","site-content-layout":"","ast-site-content-layout":"default","site-content-style":"default","site-sidebar-style":"default","ast-global-header-display":"","ast-banner-title-visibility":"","ast-main-header-display":"","ast-hfb-above-header-display":"","ast-hfb-below-header-display":"","ast-hfb-mobile-header-display":"","site-post-title":"","ast-breadcrumbs-content":"","ast-featured-img":"","footer-sml-layout":"","theme-transparent-header-meta":"","adv-header-id-meta":"","stick-header-meta":"","header-above-stick-meta":"","header-main-stick-meta":"","header-below-stick-meta":"","astra-migrate-meta-layouts":"default","ast-page-background-enabled":"default","ast-page-background-meta":{"desktop":{"background-color":"var(--ast-global-color-4)","background-image":"","background-repeat":"repeat","background-position":"center center","background-size":"auto","background-attachment":"scroll","background-type":"","background-media":"","overlay-type":"","overlay-color":"","overlay-opacity":"","overlay-gradient":""},"tablet":{"background-color":"","background-image":"","background-repeat":"repeat","background-position":"center center","background-size":"auto","background-attachment":"scroll","background-type":"","background-media":"","overlay-type":"","overlay-color":"","overlay-opacity":"","overlay-gradient":""},"mobile":{"background-color":"","background-image":"","background-repeat":"repeat","background-position":"center center","background-size":"auto","background-attachment":"scroll","background-type":"","background-media":"","overlay-type":"","overlay-color":"","overlay-opacity":"","overlay-gradient":""}},"ast-content-background-meta":{"desktop":{"background-color":"var(--ast-global-color-5)","background-image":"","background-repeat":"repeat","background-position":"center center","background-size":"auto","background-attachment":"scroll","background-type":"","background-media":"","overlay-type":"","overlay-color":"","overlay-opacity":"","overlay-gradient":""},"tablet":{"background-color":"var(--ast-global-color-5)","background-image":"","background-repeat":"repeat","background-position":"center center","background-size":"auto","background-attachment":"scroll","background-type":"","background-media":"","overlay-type":"","overlay-color":"","overlay-opacity":"","overlay-gradient":""},"mobile":{"background-color":"var(--ast-global-color-5)","background-image":"","background-repeat":"repeat","background-position":"center center","background-size":"auto","background-attachment":"scroll","background-type":"","background-media":"","overlay-type":"","overlay-color":"","overlay-opacity":"","overlay-gradient":""}},"footnotes":""},"categories":[8],"tags":[],"class_list":["post-3126","post","type-post","status-publish","format-standard","has-post-thumbnail","hentry","category-noticias"],"_links":{"self":[{"href":"https:\/\/losperiodistas.com.mx\/portal\/wp-json\/wp\/v2\/posts\/3126","targetHints":{"allow":["GET"]}}],"collection":[{"href":"https:\/\/losperiodistas.com.mx\/portal\/wp-json\/wp\/v2\/posts"}],"about":[{"href":"https:\/\/losperiodistas.com.mx\/portal\/wp-json\/wp\/v2\/types\/post"}],"author":[{"embeddable":true,"href":"https:\/\/losperiodistas.com.mx\/portal\/wp-json\/wp\/v2\/users\/1"}],"replies":[{"embeddable":true,"href":"https:\/\/losperiodistas.com.mx\/portal\/wp-json\/wp\/v2\/comments?post=3126"}],"version-history":[{"count":1,"href":"https:\/\/losperiodistas.com.mx\/portal\/wp-json\/wp\/v2\/posts\/3126\/revisions"}],"predecessor-version":[{"id":3128,"href":"https:\/\/losperiodistas.com.mx\/portal\/wp-json\/wp\/v2\/posts\/3126\/revisions\/3128"}],"wp:featuredmedia":[{"embeddable":true,"href":"https:\/\/losperiodistas.com.mx\/portal\/wp-json\/wp\/v2\/media\/3127"}],"wp:attachment":[{"href":"https:\/\/losperiodistas.com.mx\/portal\/wp-json\/wp\/v2\/media?parent=3126"}],"wp:term":[{"taxonomy":"category","embeddable":true,"href":"https:\/\/losperiodistas.com.mx\/portal\/wp-json\/wp\/v2\/categories?post=3126"},{"taxonomy":"post_tag","embeddable":true,"href":"https:\/\/losperiodistas.com.mx\/portal\/wp-json\/wp\/v2\/tags?post=3126"}],"curies":[{"name":"wp","href":"https:\/\/api.w.org\/{rel}","templated":true}]}}