{"id":3122,"date":"2021-01-08T14:42:18","date_gmt":"2021-01-08T20:42:18","guid":{"rendered":"http:\/\/losperiodistas.com.mx\/portal\/?p=3122"},"modified":"2021-01-08T14:42:18","modified_gmt":"2021-01-08T20:42:18","slug":"amaga-barbosa-con-intervenir-hospitales-privados-por-covid-19-e-consulta","status":"publish","type":"post","link":"https:\/\/losperiodistas.com.mx\/portal\/amaga-barbosa-con-intervenir-hospitales-privados-por-covid-19-e-consulta\/","title":{"rendered":"Amaga Barbosa con intervenir hospitales privados por Covid-19 | E-Consulta"},"content":{"rendered":"\n<p style=\"font-size:18px\"><em>Los acusa de falta de solidaridad con pacientes de coronavirus que no pueden pagar tarifas<\/em><\/p>\n\n\n\n<p class=\"has-vivid-cyan-blue-color has-text-color has-medium-font-size\">KAREN MEZA \/ E-CONSULTA<\/p>\n\n\n\n<p>El gobernador Luis Miguel Barbosa Huerta pidi\u00f3 a los due\u00f1os de hospitales privados de Puebla ser solidarios con la sociedad y con los enfermos de Covid-19 y no rechazarlos antes de concluir su tratamiento.<\/p>\n\n\n\n<p>\u201cLos hospitales privados nos est\u00e1n queriendo mandar \u2013al sector p\u00fablico- a sus pacientes. Y<strong>o les recomiendo a los hospitales privados que atiendan a los pacientes que tienen, hasta su recuperaci\u00f3n total,<\/strong>&nbsp;y no vean el pago o la garant\u00eda del p<strong>ago como condici\u00f3n para mantenerlos&nbsp;<\/strong>en sus instalaciones. Humanidad y solidaridad, por favor\u201d, dijo.<\/p>\n\n\n\n<p>El mandatario asever\u00f3 que&nbsp;<strong>\u201cno le va a faltar ni voluntad ni decisi\u00f3n<\/strong>\u201d para regular los centros hospitalarios particulares que condicionan la estancia de un paciente al&nbsp;<a href=\"https:\/\/www.e-consulta.com\/nota\/2021-01-08\/nacion\/por-covid-casi-no-hay-camas-en-hospitales-de-8-estados\">pago de los servicios<\/a>.<\/p>\n\n\n\n<p>En su opini\u00f3n,&nbsp;<strong>la pandemia se convirti\u00f3 en un negocio&nbsp;<\/strong>de laboratorios, farmac\u00e9uticas y hospitales privados, pero en Puebla tendr\u00e1 que intervenir en caso de que sigan estas anomal\u00edas.<\/p>\n\n\n\n<p>&nbsp;\u201cPuede llegar el momento que utilicemos toda la autoridad del estado para intervenir a los hospitales privados. No me va a faltar ni voluntad ni decisi\u00f3n para intervenir &nbsp;los hospitales privados. Se los advierto\u201d.<\/p>\n\n\n\n<p>Y agreg\u00f3: \u201cNo empiecen a jugar, no: no ya v\u00e1yanse porque no pueden pagar, v\u00e1yanse. Se acab\u00f3 esto. Estamos en un estado de emergencia\u201d.<\/p>\n\n\n\n<p>Fuente: https:\/\/www.e-consulta.com\/nota\/2021-01-08\/gobierno\/amaga-barbosa-con-intervenir-hospitales-privados-por-covid-19<\/p>\n","protected":false},"excerpt":{"rendered":"<p>Los acusa de falta de solidaridad con pacientes de coronavirus que no pueden pagar tarifas KAREN MEZA \/ E-CONSULTA El [&hellip;]<\/p>\n","protected":false},"author":1,"featured_media":3124,"comment_status":"open","ping_status":"open","sticky":false,"template":"","format":"standard","meta":{"site-sidebar-layout":"default","site-content-layout":"","ast-site-content-layout":"default","site-content-style":"default","site-sidebar-style":"default","ast-global-header-display":"","ast-banner-title-visibility":"","ast-main-header-display":"","ast-hfb-above-header-display":"","ast-hfb-below-header-display":"","ast-hfb-mobile-header-display":"","site-post-title":"","ast-breadcrumbs-content":"","ast-featured-img":"","footer-sml-layout":"","theme-transparent-header-meta":"","adv-header-id-meta":"","stick-header-meta":"","header-above-stick-meta":"","header-main-stick-meta":"","header-below-stick-meta":"","astra-migrate-meta-layouts":"default","ast-page-background-enabled":"default","ast-page-background-meta":{"desktop":{"background-color":"var(--ast-global-color-4)","background-image":"","background-repeat":"repeat","background-position":"center center","background-size":"auto","background-attachment":"scroll","background-type":"","background-media":"","overlay-type":"","overlay-color":"","overlay-opacity":"","overlay-gradient":""},"tablet":{"background-color":"","background-image":"","background-repeat":"repeat","background-position":"center center","background-size":"auto","background-attachment":"scroll","background-type":"","background-media":"","overlay-type":"","overlay-color":"","overlay-opacity":"","overlay-gradient":""},"mobile":{"background-color":"","background-image":"","background-repeat":"repeat","background-position":"center center","background-size":"auto","background-attachment":"scroll","background-type":"","background-media":"","overlay-type":"","overlay-color":"","overlay-opacity":"","overlay-gradient":""}},"ast-content-background-meta":{"desktop":{"background-color":"var(--ast-global-color-5)","background-image":"","background-repeat":"repeat","background-position":"center center","background-size":"auto","background-attachment":"scroll","background-type":"","background-media":"","overlay-type":"","overlay-color":"","overlay-opacity":"","overlay-gradient":""},"tablet":{"background-color":"var(--ast-global-color-5)","background-image":"","background-repeat":"repeat","background-position":"center center","background-size":"auto","background-attachment":"scroll","background-type":"","background-media":"","overlay-type":"","overlay-color":"","overlay-opacity":"","overlay-gradient":""},"mobile":{"background-color":"var(--ast-global-color-5)","background-image":"","background-repeat":"repeat","background-position":"center center","background-size":"auto","background-attachment":"scroll","background-type":"","background-media":"","overlay-type":"","overlay-color":"","overlay-opacity":"","overlay-gradient":""}},"footnotes":""},"categories":[8],"tags":[],"class_list":["post-3122","post","type-post","status-publish","format-standard","has-post-thumbnail","hentry","category-noticias"],"_links":{"self":[{"href":"https:\/\/losperiodistas.com.mx\/portal\/wp-json\/wp\/v2\/posts\/3122","targetHints":{"allow":["GET"]}}],"collection":[{"href":"https:\/\/losperiodistas.com.mx\/portal\/wp-json\/wp\/v2\/posts"}],"about":[{"href":"https:\/\/losperiodistas.com.mx\/portal\/wp-json\/wp\/v2\/types\/post"}],"author":[{"embeddable":true,"href":"https:\/\/losperiodistas.com.mx\/portal\/wp-json\/wp\/v2\/users\/1"}],"replies":[{"embeddable":true,"href":"https:\/\/losperiodistas.com.mx\/portal\/wp-json\/wp\/v2\/comments?post=3122"}],"version-history":[{"count":1,"href":"https:\/\/losperiodistas.com.mx\/portal\/wp-json\/wp\/v2\/posts\/3122\/revisions"}],"predecessor-version":[{"id":3125,"href":"https:\/\/losperiodistas.com.mx\/portal\/wp-json\/wp\/v2\/posts\/3122\/revisions\/3125"}],"wp:featuredmedia":[{"embeddable":true,"href":"https:\/\/losperiodistas.com.mx\/portal\/wp-json\/wp\/v2\/media\/3124"}],"wp:attachment":[{"href":"https:\/\/losperiodistas.com.mx\/portal\/wp-json\/wp\/v2\/media?parent=3122"}],"wp:term":[{"taxonomy":"category","embeddable":true,"href":"https:\/\/losperiodistas.com.mx\/portal\/wp-json\/wp\/v2\/categories?post=3122"},{"taxonomy":"post_tag","embeddable":true,"href":"https:\/\/losperiodistas.com.mx\/portal\/wp-json\/wp\/v2\/tags?post=3122"}],"curies":[{"name":"wp","href":"https:\/\/api.w.org\/{rel}","templated":true}]}}