{"id":3119,"date":"2021-01-08T14:37:00","date_gmt":"2021-01-08T20:37:00","guid":{"rendered":"http:\/\/losperiodistas.com.mx\/portal\/?p=3119"},"modified":"2021-01-08T14:37:00","modified_gmt":"2021-01-08T20:37:00","slug":"extiende-puebla-maxima-alerta-por-covid-19-dos-semanas-mas-oem","status":"publish","type":"post","link":"https:\/\/losperiodistas.com.mx\/portal\/extiende-puebla-maxima-alerta-por-covid-19-dos-semanas-mas-oem\/","title":{"rendered":"Extiende Puebla m\u00e1xima alerta por Covid-19 dos semanas m\u00e1s | OEM"},"content":{"rendered":"\n<p style=\"font-size:18px\"><em>Quedan suspendidas todas las actividades no esenciales del 12 de enero hasta el 25 de este mes<\/em><\/p>\n\n\n\n<p class=\"has-vivid-cyan-blue-color has-text-color has-medium-font-size\">MIGUEL CEBALLOS \/ OEM<\/p>\n\n\n\n<p>Ante el disparo de casos de coronavirus en la entidad que podr\u00edan llevar a un colapso del sistema hospitalario entre el 14 y 18 de enero, el gobierno de Puebla ratific\u00f3 esta tarde el llamado de alerta m\u00e1ximo en la entidad.&nbsp;<\/p>\n\n\n\n<p>Con ello se extiende el periodo de suspensi\u00f3n de todas las actividades no esenciales por dos semanas m\u00e1s, que comprende del&nbsp;<strong>12 al 25 de enero.<\/strong><\/p>\n\n\n\n<p>El funcionamiento de los comercios considerados actividad esencial solo ser\u00e1 con un aforo del 20 por ciento.<\/p>\n\n\n\n<p>En tanto que<strong>&nbsp;queda prohibida la venta de bebidas alcoh\u00f3licas de jueves a domingo en todo el estado<\/strong>.<\/p>\n\n\n\n<p><a href=\"https:\/\/www.elsoldepuebla.com.mx\/local\/\">LOCAL&nbsp;<\/a><\/p>\n\n\n\n<figure class=\"wp-block-image\"><a href=\"https:\/\/www.elsoldepuebla.com.mx\/local\/embargan-walmart-de-san-manuel-por-deuda-laboral-puebla-6214471.html\"><img decoding=\"async\" src=\"https:\/\/www.elsoldepuebla.com.mx\/local\/eof6m8-embargo-walmart.jpg\/alternates\/LANDSCAPE_200\/EMBARGO%20WALMART.jpg\" alt=\"\" title=\"EMBARGO WALMART.jpg\"\/><\/a><\/figure>\n\n\n\n<h4 class=\"wp-block-heading\"><a href=\"https:\/\/www.elsoldepuebla.com.mx\/local\/embargan-walmart-de-san-manuel-por-deuda-laboral-puebla-6214471.html\">Embargan Walmart de San Manuel por deuda laboral<\/a><\/h4>\n\n\n\n<p>De igual forma, se proh\u00edbe&nbsp;<strong>el comercio informal<\/strong>&nbsp;en todo el territorio poblano y es responsabilidad de los Ayuntamientos actuar en consecuencia, se\u00f1alaron autoridades estatales.<\/p>\n\n\n\n<p>Finalmente se anunci\u00f3 mayor presencia de polic\u00edas en las calles para reforzar el decreto anti-pandemia.&nbsp;<\/p>\n\n\n\n<p><strong>SE PRON\u00d3STOCA QUE EL 18 DE ENERO SER\u00c1 UN D\u00cdA CR\u00cdTICO&nbsp;<\/strong><\/p>\n\n\n\n<p>De acuerdo con el Secretario de Salud en la entidad, Jos\u00e9 Antonio Mart\u00ednez, a las 13:00 horas de este 8 de enero de 2021 se ten\u00edan registrados mil 7 pacientes internados en los hospitales Covid, por lo que la entidad s\u00f3lo est\u00e1 a 10 pacientes de igualar el pico m\u00e1ximo de la pandemia que se present\u00f3 el 20 de julio de 2020 en el que hubo mil 18 pacientes hospitalizados.<\/p>\n\n\n\n<p>En tanto que la capacidad total del sector salud en la entidad \u201ccon los hospitales privados, los hermanos p\u00fablicos y los Servicios de Salud es de mil 389 camas\u201d<\/p>\n\n\n\n<p>As\u00ed, \u201cel d\u00eda 14 estar\u00edas en el tope con esta tendencia y para el d\u00eda 18 de enero podemos llegar a tener mil 613 pacientes, pr\u00e1cticamente 300 pacientes m\u00e1s que tendr\u00edamos que implementar estrategias de expansi\u00f3n hospitalaria y estuvi\u00e9ramos en un problema severo para atenci\u00f3n de calidad a los poblanos\u201d, se\u00f1al\u00f3 el secretario estatal de Salud.<\/p>\n\n\n\n<p>Este viernes 8 de enero se reportaron 310 nuevos contagios en las \u00faltimas 24 horas en la entidad y 28 defunciones por Covid-19, por lo que el Gobierno de Puebla adelant\u00f3 que ya tiene todo preparado para reconvertir todos los hospitales del territorio en nosocomios Covid-19.<\/p>\n\n\n\n<p>Fuente: https:\/\/www.elsoldepuebla.com.mx\/local\/extiende-puebla-maxima-alerta-por-covid-19-dos-semanas-mas-coronavirus-salud-puebla-sarscov2-licores-bebidas-alcoholicas-confinamiento-6218549.html<\/p>\n","protected":false},"excerpt":{"rendered":"<p>Quedan suspendidas todas las actividades no esenciales del 12 de enero hasta el 25 de este mes MIGUEL CEBALLOS \/ [&hellip;]<\/p>\n","protected":false},"author":1,"featured_media":3120,"comment_status":"open","ping_status":"open","sticky":false,"template":"","format":"standard","meta":{"site-sidebar-layout":"default","site-content-layout":"","ast-site-content-layout":"default","site-content-style":"default","site-sidebar-style":"default","ast-global-header-display":"","ast-banner-title-visibility":"","ast-main-header-display":"","ast-hfb-above-header-display":"","ast-hfb-below-header-display":"","ast-hfb-mobile-header-display":"","site-post-title":"","ast-breadcrumbs-content":"","ast-featured-img":"","footer-sml-layout":"","theme-transparent-header-meta":"","adv-header-id-meta":"","stick-header-meta":"","header-above-stick-meta":"","header-main-stick-meta":"","header-below-stick-meta":"","astra-migrate-meta-layouts":"default","ast-page-background-enabled":"default","ast-page-background-meta":{"desktop":{"background-color":"var(--ast-global-color-4)","background-image":"","background-repeat":"repeat","background-position":"center center","background-size":"auto","background-attachment":"scroll","background-type":"","background-media":"","overlay-type":"","overlay-color":"","overlay-opacity":"","overlay-gradient":""},"tablet":{"background-color":"","background-image":"","background-repeat":"repeat","background-position":"center center","background-size":"auto","background-attachment":"scroll","background-type":"","background-media":"","overlay-type":"","overlay-color":"","overlay-opacity":"","overlay-gradient":""},"mobile":{"background-color":"","background-image":"","background-repeat":"repeat","background-position":"center center","background-size":"auto","background-attachment":"scroll","background-type":"","background-media":"","overlay-type":"","overlay-color":"","overlay-opacity":"","overlay-gradient":""}},"ast-content-background-meta":{"desktop":{"background-color":"var(--ast-global-color-5)","background-image":"","background-repeat":"repeat","background-position":"center center","background-size":"auto","background-attachment":"scroll","background-type":"","background-media":"","overlay-type":"","overlay-color":"","overlay-opacity":"","overlay-gradient":""},"tablet":{"background-color":"var(--ast-global-color-5)","background-image":"","background-repeat":"repeat","background-position":"center center","background-size":"auto","background-attachment":"scroll","background-type":"","background-media":"","overlay-type":"","overlay-color":"","overlay-opacity":"","overlay-gradient":""},"mobile":{"background-color":"var(--ast-global-color-5)","background-image":"","background-repeat":"repeat","background-position":"center center","background-size":"auto","background-attachment":"scroll","background-type":"","background-media":"","overlay-type":"","overlay-color":"","overlay-opacity":"","overlay-gradient":""}},"footnotes":""},"categories":[8],"tags":[],"class_list":["post-3119","post","type-post","status-publish","format-standard","has-post-thumbnail","hentry","category-noticias"],"_links":{"self":[{"href":"https:\/\/losperiodistas.com.mx\/portal\/wp-json\/wp\/v2\/posts\/3119","targetHints":{"allow":["GET"]}}],"collection":[{"href":"https:\/\/losperiodistas.com.mx\/portal\/wp-json\/wp\/v2\/posts"}],"about":[{"href":"https:\/\/losperiodistas.com.mx\/portal\/wp-json\/wp\/v2\/types\/post"}],"author":[{"embeddable":true,"href":"https:\/\/losperiodistas.com.mx\/portal\/wp-json\/wp\/v2\/users\/1"}],"replies":[{"embeddable":true,"href":"https:\/\/losperiodistas.com.mx\/portal\/wp-json\/wp\/v2\/comments?post=3119"}],"version-history":[{"count":1,"href":"https:\/\/losperiodistas.com.mx\/portal\/wp-json\/wp\/v2\/posts\/3119\/revisions"}],"predecessor-version":[{"id":3121,"href":"https:\/\/losperiodistas.com.mx\/portal\/wp-json\/wp\/v2\/posts\/3119\/revisions\/3121"}],"wp:featuredmedia":[{"embeddable":true,"href":"https:\/\/losperiodistas.com.mx\/portal\/wp-json\/wp\/v2\/media\/3120"}],"wp:attachment":[{"href":"https:\/\/losperiodistas.com.mx\/portal\/wp-json\/wp\/v2\/media?parent=3119"}],"wp:term":[{"taxonomy":"category","embeddable":true,"href":"https:\/\/losperiodistas.com.mx\/portal\/wp-json\/wp\/v2\/categories?post=3119"},{"taxonomy":"post_tag","embeddable":true,"href":"https:\/\/losperiodistas.com.mx\/portal\/wp-json\/wp\/v2\/tags?post=3119"}],"curies":[{"name":"wp","href":"https:\/\/api.w.org\/{rel}","templated":true}]}}