{"id":31139,"date":"2022-07-02T08:04:11","date_gmt":"2022-07-02T13:04:11","guid":{"rendered":"http:\/\/losperiodistas.com.mx\/portal\/?p=31139"},"modified":"2022-07-02T08:04:13","modified_gmt":"2022-07-02T13:04:13","slug":"amlo-celebra-4-anos-de-su-triunfo-con-la-mira-puesta-en-la-sucesion-presidencial-expansion-politica","status":"publish","type":"post","link":"https:\/\/losperiodistas.com.mx\/portal\/amlo-celebra-4-anos-de-su-triunfo-con-la-mira-puesta-en-la-sucesion-presidencial-expansion-politica\/","title":{"rendered":"AMLO celebra 4 a\u00f1os de su triunfo con la mira puesta en la sucesi\u00f3n presidencial | Expansi\u00f3n Pol\u00edtica"},"content":{"rendered":"\n<p><em>A\u00fan faltan m\u00e1s de dos a\u00f1os para el relevo, pero para el presidente el proceso de sucesi\u00f3n es una prioridad, pues de ello depende la continuaci\u00f3n de su proyecto, se\u00f1alan analistas.<\/em><\/p>\n\n\n\n<p><\/p>\n\n\n\n<figure class=\"wp-block-image size-large\"><img fetchpriority=\"high\" decoding=\"async\" width=\"1024\" height=\"759\" src=\"https:\/\/losperiodistas.com.mx\/portal\/wp-content\/uploads\/2022\/07\/amlo-triunfo-1024x759.jpg\" alt=\"\" class=\"wp-image-31140\" srcset=\"https:\/\/losperiodistas.com.mx\/portal\/wp-content\/uploads\/2022\/07\/amlo-triunfo-1024x759.jpg 1024w, https:\/\/losperiodistas.com.mx\/portal\/wp-content\/uploads\/2022\/07\/amlo-triunfo-300x222.jpg 300w, https:\/\/losperiodistas.com.mx\/portal\/wp-content\/uploads\/2022\/07\/amlo-triunfo-768x569.jpg 768w, https:\/\/losperiodistas.com.mx\/portal\/wp-content\/uploads\/2022\/07\/amlo-triunfo.jpg 1200w\" sizes=\"(max-width: 1024px) 100vw, 1024px\" \/><figcaption>Este viernes se cumplen 4 a\u00f1os del triunfo electoral del presidente Andr\u00e9s Manuel L\u00f3pez Obrador. Hoy no habr\u00e1 festejo en el Z\u00f3calo, pues el mensaje de conmemoraci\u00f3n lo dar\u00e1 en Tabasco.\u00a0(Cuartoscuro)<\/figcaption><\/figure>\n\n\n\n<p class=\"has-vivid-cyan-blue-color has-text-color has-medium-font-size\">LIDIA ARISTA \/ EXPANSI\u00d3N POL\u00cdTICA<\/p>\n\n\n\n<p>Hay sexenios en los que el ocaso llega en el cuarto a\u00f1o o incluso en el tercero, pero en el caso del presidente&nbsp;<strong>Andr\u00e9s Manuel L\u00f3pez Obrador<\/strong>&nbsp;lo que se vive es la campa\u00f1a por la continuidad. A cuatro a\u00f1os de su victoria del 1 de julio y a 43 meses de haber iniciado su administraci\u00f3n, el presidente goza de una aprobaci\u00f3n ciudadana de m\u00e1s de 60%, lo que impulsa que su movimiento pol\u00edtico busque trascender m\u00e1s all\u00e1 del actual gobierno y por ello han convertido en prioridad la sucesi\u00f3n presidencial, indican especialistas.<\/p>\n\n\n\n<p>Este viernes 1 de julio se cumplen cuatro a\u00f1os de la jornada electoral en la que L\u00f3pez Obrador logr\u00f3 m\u00e1s de 30 millones de votos.<\/p>\n\n\n\n<p>A diferencia de sus antecesores, L\u00f3pez Obrador llega a este cuarto aniversario de su triunfo con una aprobaci\u00f3n de 63%, de acuerdo con&nbsp;<a href=\"https:\/\/oraculus.mx\/aprobacion-presidencial\/\">la encuesta de encuestas de Oraculus<\/a>&nbsp;. Es el mandatario mejor evaluado de los \u00faltimos cinco expresidentes: Enrique Pe\u00f1a Nieto ten\u00eda 29% de respaldo; Vicente Fox, 54%; Felipe Calder\u00f3n, 57%, y Ernesto Zedillo Ponce de Le\u00f3n, 59%.<\/p>\n\n\n\n<p>Azucena Rojas, profesora de la Escuela de Gobierno del Tec de Monterrey, considera que a\u00fan no ha comenzado el ocaso del sexenio de L\u00f3pez Obrador, ello a pesar de que se habla cada vez m\u00e1s de la sucesi\u00f3n presidencial.<\/p>\n\n\n\n<p>\u201cContrario a otros sexenios cuando a esta altura se ve\u00edan claras ca\u00eddas en aprobaci\u00f3n, aqu\u00ed lo que vemos son ca\u00eddas y subidas en su aprobaci\u00f3n. Eso es porque sabe c\u00f3mo hablarle a los mexicanos, sabe dominar la agenda, eso lo mantiene en esos niveles. Ahorita no ha llegado el ocaso, \u00e9l sigue teniendo el poder en sus manos y los que se perfilan para sucederlo est\u00e1n muy cuidadosos en no mostrar alg\u00fan signo de alejamiento con el presidente, sino buscan un acercamiento\u201d, explica.<\/p>\n\n\n\n<h3 class=\"wp-block-heading\">Te recomendamos:<\/h3>\n\n\n\n<figure class=\"wp-block-image is-style-default\"><a href=\"https:\/\/politica.expansion.mx\/mexico\/2021\/07\/22\/la-pelea-por-la-sucesion-presidencial-revive-la-lucha-de-corrientes-dentro-de-morena?utm_source=internal&amp;utm_medium=branded\" target=\"_blank\" rel=\"noreferrer noopener\"><img decoding=\"async\" src=\"https:\/\/cdn-3.expansion.mx\/dims4\/default\/04b7fe7\/2147483647\/strip\/true\/crop\/1279x896+0+0\/resize\/1200x841!\/format\/webp\/quality\/90\/?url=https%3A%2F%2Fcdn-3.expansion.mx%2F16%2Fee%2F6352c63f43e28bd1a206c18a15ef%2Fmorenaa.jpeg\" alt=\"Morenaa.jpeg\"\/><\/a><\/figure>\n\n\n\n<p><a href=\"https:\/\/politica.expansion.mx\/mexico\/2021\/07\/22\/la-pelea-por-la-sucesion-presidencial-revive-la-lucha-de-corrientes-dentro-de-morena?utm_source=internal&amp;utm_medium=branded\" target=\"_blank\" rel=\"noreferrer noopener\">M\u00c9XICO<\/a><\/p>\n\n\n\n<h3 class=\"wp-block-heading\"><a href=\"https:\/\/politica.expansion.mx\/mexico\/2021\/07\/22\/la-pelea-por-la-sucesion-presidencial-revive-la-lucha-de-corrientes-dentro-de-morena?utm_source=internal&amp;utm_medium=branded\" target=\"_blank\" rel=\"noreferrer noopener\">La pelea por la sucesi\u00f3n presidencial revive la lucha de \u00abcorrientes\u00bb en Morena<\/a><\/h3>\n\n\n\n<p>Por estrategia y por no perder los reflectores, los presidentes en turno suelen&nbsp;<a href=\"https:\/\/politica.expansion.mx\/presidencia\/2022\/06\/28\/unidad-frases-de-las-corcholatas-que-reflejan-como-va-la-carrera-por-el-2024?utm_source=internal&amp;utm_medium=link-recommended\">\u201cdestapar\u201d a sus perfiles un a\u00f1o antes del relevo en la presidencia<\/a>&nbsp;, mientras ese momento llega se tienen que \u201cleer\u201d los movimientos y se\u00f1ales. Sin embargo, L\u00f3pez Obrador lo hizo un a\u00f1o antes. En su conferencia de prensa, enlist\u00f3 a tres hombres y tres mujeres como sus posibles sucesores y sobre qui\u00e9n recaer\u00eda la responsabilidad de continuar con el movimiento de transformaci\u00f3n que, asegura, \u00e9l inici\u00f3 el 1 de diciembre de 2018.<\/p>\n\n\n\n<p>\u201cNinguno de los presidentes quiere que su poder se venga para abajo antes de tiempo, de hecho, no les queda de otra, por eso lo hacen un a\u00f1o antes, pero si pudieran lo har\u00edan hasta el final, pero por razones de tiempo, tienen que destapar a sus favoritos, pero eso aplica a todos\u201d, explic\u00f3 en una entrevista a Expansi\u00f3n Pol\u00edtica, el investigador del Centro de Investigaci\u00f3n y Docencia Econ\u00f3micas (CIDE), Jos\u00e9 Antonio Crespo.https:\/\/www.youtube.com\/embed\/spLhjMyeNXM?enablejsapi=1&amp;autoplay=1<\/p>\n\n\n\n<h3 class=\"wp-block-heading\">LO \u00daLTIMO<\/h3>\n\n\n\n<ul class=\"wp-block-list\"><li><a href=\"https:\/\/politica.expansion.mx\/presidencia\/2022\/07\/01\/amlo-reconoce-a-slim-empresario-austero-institucional\">AMLO reconoce a Slim como el empresario \u201cm\u00e1s austero e institucional\u201d de M\u00e9xico<\/a><\/li><li><a href=\"https:\/\/politica.expansion.mx\/presidencia\/2022\/07\/01\/falta-mucho-por-hacer-amlo-reconoce-pendientes-en-seguridad-para-el-pais\">\u201cFalta mucho por hacer\u201d: AMLO reconoce pendientes en seguridad para el pa\u00eds<\/a><\/li><li><a href=\"https:\/\/politica.expansion.mx\/presidencia\/2022\/07\/01\/quedate-en-mexico-finaliza-con-116-000-migrantes-en-espera\">\u00abQu\u00e9date en M\u00e9xico\u00bb llega a su fin con 116,000 migrantes en espera de asilo<\/a><\/li><\/ul>\n\n\n\n<p>Si bien el presidente tiene grandes pendientes en la administraci\u00f3n p\u00fablica como la seguridad y la econom\u00eda, ha convertido en una prioridad la sucesi\u00f3n presidencial. \u00bfLa raz\u00f3n? Es que su movimiento pol\u00edtico trascienda a su sexenio.<\/p>\n\n\n\n<p>\u201cVamos a seguir y va a haber continuidad con cambio, eso es lo que espero, continuidad con cambio. Yo espero que\u00a0<strong>contin\u00fae la transformaci\u00f3n con otro presidente, hombre o mujer<\/strong>, y que sea el pueblo el que elija libremente\u201d, dijo el 18 de mayo de este a\u00f1o.<\/p>\n\n\n\n<figure class=\"wp-block-embed is-type-video is-provider-youtube wp-block-embed-youtube wp-embed-aspect-16-9 wp-has-aspect-ratio\"><div class=\"wp-block-embed__wrapper\">\n<iframe title=\"AMLO: \u201cYo soy el destapador\u201d; todos tienen posibilidad, dice | #EnSegundos\" width=\"500\" height=\"281\" src=\"https:\/\/www.youtube.com\/embed\/spLhjMyeNXM?feature=oembed\" frameborder=\"0\" allow=\"accelerometer; autoplay; clipboard-write; encrypted-media; gyroscope; picture-in-picture; web-share\" referrerpolicy=\"strict-origin-when-cross-origin\" allowfullscreen><\/iframe>\n<\/div><\/figure>\n\n\n\n<p>\u201cEl presidente est\u00e1 pensando en su legado m\u00e1s all\u00e1 de sus obras: enfrentar un proceso electoral le sea favorable, que su movimiento se consolide y al mismo tiempo deje cimentado este tipo de liderazgo que ha establecido\u201d, explica Efr\u00e9n Arellano, catedr\u00e1tico de la Facultad de Ciencias Pol\u00edticas y Sociales de la UNAM.<\/p>\n\n\n\n<p>Aunque gan\u00f3 la presidencia, no dej\u00f3 de hacer campa\u00f1a. Ma\u00f1aneras, programas sociales, cr\u00edticas a sus adversarios, cuestionamientos al neoliberalismo, polarizaci\u00f3n, promesas han rodeado sus 43 meses de Gobierno.<\/p>\n\n\n\n<p>\u00abAndr\u00e9s Manuel L\u00f3pez Obrador ha estado en campa\u00f1a desde que gan\u00f3&#8230; Ha apostado a programas sociales que se comenta son los que probablemente atraigan a toda esa cantidad de personas que est\u00e1n apoyando su gesti\u00f3n\u00bb, considera Azucena Rojas.<\/p>\n\n\n\n<h3 class=\"wp-block-heading\">Lee:<\/h3>\n\n\n\n<figure class=\"wp-block-image is-style-default\"><a href=\"https:\/\/politica.expansion.mx\/presidencia\/2022\/01\/24\/amlo-testamento-politico-es-para-evitar-ingobernabilidad?utm_source=internal&amp;utm_medium=branded\" target=\"_blank\" rel=\"noreferrer noopener\"><img decoding=\"async\" src=\"https:\/\/cdn-3.expansion.mx\/dims4\/default\/0839e42\/2147483647\/strip\/true\/crop\/1920x1280+0+0\/resize\/1200x800!\/format\/webp\/quality\/90\/?url=https%3A%2F%2Fcdn-3.expansion.mx%2F9a%2Fda%2Febc15d76480488392a48e79a6b58%2Famlo-240122.jpeg\" alt=\"AMLO Candidatos Petroleros\"\/><\/a><\/figure>\n\n\n\n<p><a href=\"https:\/\/politica.expansion.mx\/presidencia\/2022\/01\/24\/amlo-testamento-politico-es-para-evitar-ingobernabilidad?utm_source=internal&amp;utm_medium=branded\" target=\"_blank\" rel=\"noreferrer noopener\">PRESIDENCIA<\/a><\/p>\n\n\n\n<h3 class=\"wp-block-heading\"><a href=\"https:\/\/politica.expansion.mx\/presidencia\/2022\/01\/24\/amlo-testamento-politico-es-para-evitar-ingobernabilidad?utm_source=internal&amp;utm_medium=branded\" target=\"_blank\" rel=\"noreferrer noopener\">AMLO sobre su testamento pol\u00edtico: es para evitar ingobernabilidad<\/a><\/h3>\n\n\n\n<p>Aunque el presidente ha asegurado que \u00e9l no intervendr\u00e1 en la selecci\u00f3n del candidato presidencial del partido que fund\u00f3 en 2014, s\u00ed ha delineado de qui\u00e9nes podr\u00eda salir el elegido. Primero nombr\u00f3 al canciller Marcelo Ebrard, a la jefa de Gobierno, Claudia Sheinbaum; a la secretaria de Econom\u00eda, Tatiana Clouthier; a la titular de Energ\u00eda, Roc\u00edo Nahle; al embajador de M\u00e9xico en Estados Unidos, Esteban Moctezuma y al representante de M\u00e9xico ante la Organizaci\u00f3n de las Naciones Unidas (ONU), Juan Ram\u00f3n de la Fuente.<\/p>\n\n\n\n<p>En un segundo lance, meses despu\u00e9s, subi\u00f3 a la carrera presidencial a su paisano y hoy secretario de Gobernaci\u00f3n, Ad\u00e1n Augusto L\u00f3pez, pero su papel es diferente: no competir por la candidatura, sino ser los ojos y o\u00eddos del mandatario federal al interior de la contienda.<\/p>\n\n\n\n<p>\u201cEl papel de Ad\u00e1n Augusto podr\u00eda ser el fiel de la balanza. Se ha dado la lectura de que puede ser el Plan B o el caballo negro, pero m\u00e1s bien es quien est\u00e1 dentro de la contienda para mirar desde dentro qui\u00e9n es la mejor opci\u00f3n. Es el mejor confidente del presidente y quien podr\u00eda convertirse en el gran elector porque es el o\u00eddo y ojos de presidente en esa contienda\u201d, dice Roberto Alonso Mu\u00f1oz, analista pol\u00edtico y acad\u00e9mico de la Universidad Iberoamericana campus Puebla.<\/p>\n\n\n\n<h3 class=\"wp-block-heading\">LO M\u00c1S VISTO<\/h3>\n\n\n\n<ul class=\"wp-block-list\"><li><a href=\"https:\/\/politica.expansion.mx\/voces\/2020\/09\/24\/la-estampa-improvisacion-de-amlo-ante-la-onu-y-equivoca\">#LaEstampa | La improvisaci\u00f3n de AMLO ante la ONU<\/a><\/li><li><a href=\"https:\/\/politica.expansion.mx\/voces\/2020\/10\/05\/viri-rios-por-que-frena-esta-ganando-fuerza\">\u00bfPor qu\u00e9 FRENA est\u00e1 ganando fuerza?<\/a><\/li><li><a href=\"https:\/\/politica.expansion.mx\/voces\/2020\/12\/10\/la-estampa-vacuna-covid-una-proeza-sin-comparacion\">#LaEstampa | Vacuna COVID: una proeza sin comparaci\u00f3n<\/a><\/li><li><a href=\"https:\/\/politica.expansion.mx\/cdmx\/2021\/01\/30\/voces-testimonio-en-los-hospitales-privados-tambien-estamos-saturados\">#Testimonio | \u201cEn los hospitales privados tambi\u00e9n estamos saturados\u201d<\/a><\/li><\/ul>\n\n\n\n<p>El inter\u00e9s del presidente de involucrarse en la sucesi\u00f3n presidencial desde ya, seg\u00fan los expertos consultados, responde a que quiere que quien sea el electo contin\u00fae con su proyecto, pues si bien Sheinbaum, Ebrard y L\u00f3pez Hern\u00e1ndez (los mejor posicionados) forman parte de Morena, tienen diferentes proyectos y visi\u00f3n de pa\u00eds.<\/p>\n\n\n\n<p>\u201cEl estilo que pudieran tener cada uno para gobernar pudiera ser decisivo para ver por qui\u00e9n se decide el presidente L\u00f3pez Obrador. Todos los presidentes tienen tentaciones de influir en qui\u00e9n ser\u00e1 su sucesor algunos para cuidarse las espaldas, para cuidar equipos, para impulsar cosas que dejaron a medias, en el caso del presidente est\u00e1 pensando en consolidar su movimiento y darle viabilidad a esta nueva forma de vinculaci\u00f3n con la opini\u00f3n p\u00fablica\u201d, agrega Efr\u00e9n Arellano.<\/p>\n\n\n\n<h3 class=\"wp-block-heading\">Conoce m\u00e1s:<\/h3>\n\n\n\n<figure class=\"wp-block-image is-style-default\"><a href=\"https:\/\/politica.expansion.mx\/mexico\/2021\/08\/16\/amlo-se-retirara-de-la-politica-2024?utm_source=internal&amp;utm_medium=branded\" target=\"_blank\" rel=\"noreferrer noopener\"><img decoding=\"async\" src=\"https:\/\/cdn-3.expansion.mx\/dims4\/default\/7a39988\/2147483647\/strip\/true\/crop\/1280x853+0+0\/resize\/1200x800!\/format\/webp\/quality\/90\/?url=https%3A%2F%2Fcdn-3.expansion.mx%2F99%2Fea%2Fc4da31a540baaf5ae66a1689a3ea%2Famlo-se-jubila-en-2024.jpeg\" alt=\"AMLO se jubila en el 2024\"\/><\/a><\/figure>\n\n\n\n<p><a href=\"https:\/\/politica.expansion.mx\/mexico\/2021\/08\/16\/amlo-se-retirara-de-la-politica-2024?utm_source=internal&amp;utm_medium=branded\" target=\"_blank\" rel=\"noreferrer noopener\">M\u00c9XICO<\/a><\/p>\n\n\n\n<h3 class=\"wp-block-heading\"><a href=\"https:\/\/politica.expansion.mx\/mexico\/2021\/08\/16\/amlo-se-retirara-de-la-politica-2024?utm_source=internal&amp;utm_medium=branded\" target=\"_blank\" rel=\"noreferrer noopener\">AMLO: En septiembre del 2024, me jubilo y no vuelvo a participar en nada<\/a><\/h3>\n\n\n\n<p>El presidente fue quien abri\u00f3 el tema de la sucesi\u00f3n presidencial justo a la mitad de su sexenio y tambi\u00e9n es \u00e9l quien se ha encargado de recordar constantemente que a\u00fan faltan dos a\u00f1os de sexenio y en ese tiempo se puede hacer mucho.<\/p>\n\n\n\n<p>\u201cVan a ser los mejores, van a ser los mejores de todo el gobierno, pero no s\u00f3lo para el Presidente, lo m\u00e1s importante es que van a ser los dos mejores a\u00f1os para el pueblo de M\u00e9xico\u201d, dijo en Malinaltepec, Guerrero, hace unos d\u00edas.<\/p>\n\n\n\n<p>En cuatro a\u00f1os, el presidente ha logrado un cambio en la forma de hacer gobierno en la que, seg\u00fan los expertos, se le reconoce la austeridad y una nueva forma de hacer pol\u00edtica, sin embargo, en los dos a\u00f1os que le restan a\u00fan tiene grandes pendientes, entre ellos la seguridad , el crecimiento econ\u00f3mico y el combate a la corrupci\u00f3n.<\/p>\n\n\n\n<p>Este viernes 1 no habr\u00e1 fiesta a lo grande en el Z\u00f3calo como sucedi\u00f3 el primer de la victoria, ni tampoco festejos en Palacio Nacional. Hoy el informe por la victoria del primer domingo de julio de 2018 ser\u00e1 en la tierra del presidente rodeado de paisanos y celebrando que aunque a medias, otra de sus obras insignia se concret\u00f3 y ahora la que sigue es el Tren Maya.<\/p>\n\n\n\n<p>Fuente: https:\/\/politica.expansion.mx\/presidencia\/2022\/07\/01\/amlo-celebra-4-anos-de-su-triunfo-con-la-mira-puesta-en-la-sucesion-presidencial<\/p>\n","protected":false},"excerpt":{"rendered":"<p>A\u00fan faltan m\u00e1s de dos a\u00f1os para el relevo, pero para el presidente el proceso de sucesi\u00f3n es una prioridad, [&hellip;]<\/p>\n","protected":false},"author":1,"featured_media":31140,"comment_status":"open","ping_status":"open","sticky":false,"template":"","format":"standard","meta":{"site-sidebar-layout":"default","site-content-layout":"","ast-site-content-layout":"default","site-content-style":"default","site-sidebar-style":"default","ast-global-header-display":"","ast-banner-title-visibility":"","ast-main-header-display":"","ast-hfb-above-header-display":"","ast-hfb-below-header-display":"","ast-hfb-mobile-header-display":"","site-post-title":"","ast-breadcrumbs-content":"","ast-featured-img":"","footer-sml-layout":"","theme-transparent-header-meta":"","adv-header-id-meta":"","stick-header-meta":"","header-above-stick-meta":"","header-main-stick-meta":"","header-below-stick-meta":"","astra-migrate-meta-layouts":"default","ast-page-background-enabled":"default","ast-page-background-meta":{"desktop":{"background-color":"var(--ast-global-color-4)","background-image":"","background-repeat":"repeat","background-position":"center center","background-size":"auto","background-attachment":"scroll","background-type":"","background-media":"","overlay-type":"","overlay-color":"","overlay-opacity":"","overlay-gradient":""},"tablet":{"background-color":"","background-image":"","background-repeat":"repeat","background-position":"center center","background-size":"auto","background-attachment":"scroll","background-type":"","background-media":"","overlay-type":"","overlay-color":"","overlay-opacity":"","overlay-gradient":""},"mobile":{"background-color":"","background-image":"","background-repeat":"repeat","background-position":"center center","background-size":"auto","background-attachment":"scroll","background-type":"","background-media":"","overlay-type":"","overlay-color":"","overlay-opacity":"","overlay-gradient":""}},"ast-content-background-meta":{"desktop":{"background-color":"var(--ast-global-color-5)","background-image":"","background-repeat":"repeat","background-position":"center center","background-size":"auto","background-attachment":"scroll","background-type":"","background-media":"","overlay-type":"","overlay-color":"","overlay-opacity":"","overlay-gradient":""},"tablet":{"background-color":"var(--ast-global-color-5)","background-image":"","background-repeat":"repeat","background-position":"center center","background-size":"auto","background-attachment":"scroll","background-type":"","background-media":"","overlay-type":"","overlay-color":"","overlay-opacity":"","overlay-gradient":""},"mobile":{"background-color":"var(--ast-global-color-5)","background-image":"","background-repeat":"repeat","background-position":"center center","background-size":"auto","background-attachment":"scroll","background-type":"","background-media":"","overlay-type":"","overlay-color":"","overlay-opacity":"","overlay-gradient":""}},"footnotes":""},"categories":[8],"tags":[199,11100,5486,1661],"class_list":["post-31139","post","type-post","status-publish","format-standard","has-post-thumbnail","hentry","category-noticias","tag-amlo","tag-corcholatas-presidenciales","tag-elecciones-2024","tag-va-por-mexico"],"_links":{"self":[{"href":"https:\/\/losperiodistas.com.mx\/portal\/wp-json\/wp\/v2\/posts\/31139","targetHints":{"allow":["GET"]}}],"collection":[{"href":"https:\/\/losperiodistas.com.mx\/portal\/wp-json\/wp\/v2\/posts"}],"about":[{"href":"https:\/\/losperiodistas.com.mx\/portal\/wp-json\/wp\/v2\/types\/post"}],"author":[{"embeddable":true,"href":"https:\/\/losperiodistas.com.mx\/portal\/wp-json\/wp\/v2\/users\/1"}],"replies":[{"embeddable":true,"href":"https:\/\/losperiodistas.com.mx\/portal\/wp-json\/wp\/v2\/comments?post=31139"}],"version-history":[{"count":1,"href":"https:\/\/losperiodistas.com.mx\/portal\/wp-json\/wp\/v2\/posts\/31139\/revisions"}],"predecessor-version":[{"id":31141,"href":"https:\/\/losperiodistas.com.mx\/portal\/wp-json\/wp\/v2\/posts\/31139\/revisions\/31141"}],"wp:featuredmedia":[{"embeddable":true,"href":"https:\/\/losperiodistas.com.mx\/portal\/wp-json\/wp\/v2\/media\/31140"}],"wp:attachment":[{"href":"https:\/\/losperiodistas.com.mx\/portal\/wp-json\/wp\/v2\/media?parent=31139"}],"wp:term":[{"taxonomy":"category","embeddable":true,"href":"https:\/\/losperiodistas.com.mx\/portal\/wp-json\/wp\/v2\/categories?post=31139"},{"taxonomy":"post_tag","embeddable":true,"href":"https:\/\/losperiodistas.com.mx\/portal\/wp-json\/wp\/v2\/tags?post=31139"}],"curies":[{"name":"wp","href":"https:\/\/api.w.org\/{rel}","templated":true}]}}