{"id":31133,"date":"2022-07-02T07:21:37","date_gmt":"2022-07-02T12:21:37","guid":{"rendered":"http:\/\/losperiodistas.com.mx\/portal\/?p=31133"},"modified":"2022-07-02T07:21:39","modified_gmt":"2022-07-02T12:21:39","slug":"chelsea-manning-eeuu-es-una-conclusion-de-la-extrema-derecha-iniciada-con-nixon-y-con-biden-no-ha-cambiado-nada-papel","status":"publish","type":"post","link":"https:\/\/losperiodistas.com.mx\/portal\/chelsea-manning-eeuu-es-una-conclusion-de-la-extrema-derecha-iniciada-con-nixon-y-con-biden-no-ha-cambiado-nada-papel\/","title":{"rendered":"Chelsea Manning: \u00abEEUU es una conclusi\u00f3n de la extrema derecha iniciada con Nixon, y con Biden no ha cambiado nada\u00bb | Papel"},"content":{"rendered":"\n<p><\/p>\n\n\n\n<p><em>Acaba de recibir el premio Alan Turing en Tenerife por su activismo LGTBI. Desde que hiciese p\u00fablico su cambio de sexo mientras cumpl\u00eda condena por filtrar miles de documentos clasificados a Wikileaks, esta ex soldado y analista de inteligencia es uno de los personajes m\u00e1s fascinantes de los \u00faltimos tiempos<\/em><\/p>\n\n\n\n<p><\/p>\n\n\n\n<p><\/p>\n\n\n\n<figure class=\"wp-block-image size-full\"><img fetchpriority=\"high\" decoding=\"async\" width=\"746\" height=\"746\" src=\"https:\/\/losperiodistas.com.mx\/portal\/wp-content\/uploads\/2022\/07\/16564287736978.jpg\" alt=\"\" class=\"wp-image-31134\" srcset=\"https:\/\/losperiodistas.com.mx\/portal\/wp-content\/uploads\/2022\/07\/16564287736978.jpg 746w, https:\/\/losperiodistas.com.mx\/portal\/wp-content\/uploads\/2022\/07\/16564287736978-300x300.jpg 300w, https:\/\/losperiodistas.com.mx\/portal\/wp-content\/uploads\/2022\/07\/16564287736978-150x150.jpg 150w\" sizes=\"(max-width: 746px) 100vw, 746px\" \/><figcaption>Chelsea Manning, en Nueva York.<strong>E.M.<\/strong><\/figcaption><\/figure>\n\n\n\n<p class=\"has-vivid-cyan-blue-color has-text-color has-medium-font-size\">JAVIER CID \/ PAPEL \/ EL MUNDO<\/p>\n\n\n\n<p>La figura de la ex soldado y analista de inteligencia Chelsea Manning dio la vuelta al mundo despu\u00e9s de que un tribunal militar la condenase a 37 a\u00f1os de c\u00e1rcel. Ya entonces hab\u00eda cumplido 36 meses de prisi\u00f3n preventiva por&nbsp;<strong>filtrar a Wikileaks miles de documentos clasificados de las guerras de Irak y Afganist\u00e1n<\/strong>. Aquellas revelaciones -de las que est\u00e1 prohibido hablar en la entrevista- colocaron en el punto de mira la pol\u00edtica exterior de Estados Unidos. Para Chelsea, sin embargo, supusieron&nbsp;<strong>el comienzo de un complejo proceso vital<\/strong>. Al d\u00eda siguiente de conocer su sentencia, Manning anunci\u00f3 al juez&nbsp;<strong>su decisi\u00f3n de cambiar de sexo&nbsp;<\/strong>y comenz\u00f3 as\u00ed el proceso de transici\u00f3n de g\u00e9nero desde la c\u00e1rcel.<\/p>\n\n\n\n<p>Desde su puesta en libertad en 2017, su\u00a0<strong>compromiso con la comunidad LGTBI<\/strong>\u00a0le ha valido numerosos reconocimientos, como el Premio Life que acaba de recibir en Santa Cruz de Tenerife,\u00a0<strong>en el marco de los galardones Alan Turing\u00a0<\/strong>que, desde hace cinco a\u00f1os, ponen en valor la labor del colectivo en el prestigioso<strong>\u00a0Culture and Business Pride<\/strong>.<\/p>\n\n\n\n<p><strong>PREGUNTA:<\/strong> <strong>Empecemos por el final. \u00bfQu\u00e9 persona era antes de entrar en prisi\u00f3n y qu\u00e9 persona sali\u00f3 de la c\u00e1rcel?<\/strong><\/p>\n\n\n\n<p><strong>RESPUESTA:<\/strong> Tengo Trastorno de Estr\u00e9s Postraum\u00e1tico debido la exposici\u00f3n prolongada al confinamiento solitario, estoy en terapia, y quiz\u00e1 eso es lo que m\u00e1s me abrume desde que recuper\u00e9 la libertad. Pero no fue una experiencia que haya alterado mi comprensi\u00f3n del mundo y mi lugar en \u00e9l. Quiz\u00e1 ahora aprecio mucho m\u00e1s el tiempo. No me gusta perderlo, lo encuentro muy valioso. Y tampoco valoro el dinero mientras tenga lo suficiente para pagar lo que necesito. Encuentro todo lo material extremadamente superficial.<\/p>\n\n\n\n<p><strong>P: Sin embargo, anunci\u00f3 al juez la decisi\u00f3n de comenzar su transici\u00f3n de g\u00e9nero al d\u00eda siguiente de conocer su sentencia y comenz\u00f3 el proceso en la c\u00e1rcel. No fue, quiz\u00e1, ni el mejor momento ni el mejor lugar&#8230;<\/strong><\/p>\n\n\n\n<p><strong>R:<\/strong> No me qued\u00f3 m\u00e1s remedio que convertir mi relaci\u00f3n con mi cuerpo en un asunto judicial. Eso me oblig\u00f3 a hacer p\u00fablicos asuntos muy \u00edntimos, pero fue mi manera de luchar contra el sistema legal. De esa forma reivindiqu\u00e9 una serie de derechos en el entorno de la prisi\u00f3n, como son el acceso a la atenci\u00f3n m\u00e9dica, la capacidad de practicar o no una religi\u00f3n o no en la c\u00e1rcel, de elegir entre opciones de comida vegana o de carne&#8230; Son derechos fundamentales que, de pronto, tal vez no sean tan fundamentales como para extenderlos al entorno de la prisi\u00f3n, y que por tanto pueden ser arrebatados.<\/p>\n\n\n\n<p><strong>P: Habr\u00e1 quien piense que fue una maniobra judicial. Pero usted no se despert\u00f3 un d\u00eda y dijo: &#8216;Soy mujer&#8217;. Su transici\u00f3n de g\u00e9nero comenz\u00f3 much\u00edsimo antes.<\/strong><\/p>\n\n\n\n<p><strong>R:<\/strong> Yo ya sab\u00eda que era diferente, de g\u00e9nero no conforme, a los 18 o 19 a\u00f1os. Conoc\u00eda la existencia de las hormonas y que eran una opci\u00f3n, pero en Estados Unidos ten\u00edas que pagarlas de tu bolsillo. Y desde entonces supe que era algo que necesitaba desesperadamente y que iba a tener que abordar en alg\u00fan momento de mi vida. Las circunstancias se dieron en la c\u00e1rcel. Me hubiera gustado que fuese de otra manera, pero sucedi\u00f3 as\u00ed.<\/p>\n\n\n\n<p><strong>P: <\/strong> <strong>Le acaban de conceder el Premio Life en los galardones Alan Turing, dentro del Culture and Business Pride de Santa Cruz de Tenerife. \u00bfC\u00f3mo se siente en este papel tan p\u00fablico de activista del colectivo LGTBI?<\/strong><\/p>\n\n\n\n<p><strong>R:<\/strong> Encuentro fascinante que, como persona trans, me den un premio por hablar de asuntos que afectan a la comunidad gay o trans. Pero soy mucho m\u00e1s que eso e intento ir un paso m\u00e1s all\u00e1. Me preocupan estos temas, por supuesto, pero no me quedo en los peque\u00f1os segmentos, sino que trato de examinar c\u00f3mo distintas comunidades se ven afectadas por las mismas instituciones, pero de maneras muy distintas. Por ejemplo, los inmigrantes en Estados Unidos. Por otro lado, las personas trans. \u00bfY si eres trans e inmigrante? Estas identidades compartidas, casos extremos oprimidos y excluidos por el sistema, son las que me interesan. Es ah\u00ed donde quiero poner el foco.<\/p>\n\n\n\n<p><strong>P: <\/strong> <strong>Acaba de sucederle, por ejemplo, en Ucrania&#8230;<\/strong><\/p>\n\n\n\n<p><strong>R:<\/strong> S\u00ed. Estaba trabajando en Europa cuando comenz\u00f3 la invasi\u00f3n, y me ofrec\u00ed como voluntaria para trabajar sobre el terreno durante unos d\u00edas, para ayudar a los refugiados que estaban llegando a Polonia. Y me centr\u00e9 especialmente en refugiados del colectivo\u00a0<em>queer<\/em>\u00a0y trans que estaban atravesando la frontera. La problem\u00e1tica de esas personas, que llegaban en busca de asilo en un momento tan terrible, se ve multiplicada por su condici\u00f3n.<\/p>\n\n\n\n<p><strong>P: <\/strong> <strong>Usted ha dicho que Estados Unidos se ha convertido en un pa\u00eds de corte casi fascista tras un largo proceso que culmin\u00f3 con la llegada de Trump a la Casa Blanca. \u00bfMantiene el diagn\u00f3stico a d\u00eda de hoy?<\/strong><\/p>\n\n\n\n<p><strong>R:<\/strong> Donald Trump fue la conclusi\u00f3n de un proyecto de extrema derecha iniciado en la Administraci\u00f3n Nixon en los a\u00f1os 60, que continu\u00f3 con Reagan y que se ha mantenido hasta nuestros d\u00edas.<\/p>\n\n\n\n<p><strong>P: <\/strong> <strong>Entonces, \u00bfes Biden m\u00e1s de lo mismo?<\/strong><\/p>\n\n\n\n<p><strong>R:<\/strong> Creo que s\u00ed. Ha habido algunas posturas progresistas en pol\u00edtica exterior con respecto a Ucrania, o involucr\u00e1ndose cada vez m\u00e1s en Am\u00e9rica Latina. Pero m\u00e1s all\u00e1 de esa\u00a0<em>cosm\u00e9tica<\/em>\u00a0percibo pocos intentos reales de hacer algo. Y eso se debe a que la pol\u00edtica liberal de los Estados Unidos es, en realidad, de centro derecha, y el principal objetivo es mantener su\u00a0<em>status quo<\/em>. Hubo un intento con Bernie Sanders, que estuvo cerca de salir nominado, pero el\u00a0<em>ethos<\/em>\u00a0pol\u00edtico del Partido Dem\u00f3crata es mantener las cosas igual.<\/p>\n\n\n\n<p><strong>P: <\/strong> <strong>Como ex analista de inteligencia, sigue usted vinculada al sector como consultora de seguridad para la empresa privada, pero nunca ha ocultado su cr\u00edtica feroz a la inteligencia artificial. \u00bfCu\u00e1l es su postura sobre la \u00abperversi\u00f3n\u00bb del sistema?<\/strong><\/p>\n\n\n\n<p><strong>R:<\/strong> Creo que existen much\u00edsimos problemas \u00e9ticos con las implementaciones de la inteligencia artificial. \u00bfPor qu\u00e9 tecnolog\u00edas como el\u00a0<em>blockchain<\/em>\u00a0solo se utilizan con fines monetarios, y no incentiva un uso con fines sociales o una econom\u00eda m\u00e1s participativa? Pero una cosa es que no me guste el trasfondo de esta tecnolog\u00eda y otra muy distinta que no la encuentre apasionante.<\/p>\n\n\n\n<p><strong>P: \u00bfQu\u00e9 papel juega el algoritmo en este pesimismo \u00e9tico que empapa todo su discurso?<\/strong><\/p>\n\n\n\n<p><strong>R:<\/strong> El enfrentamiento de los puntos de vista cada vez m\u00e1s radicales para conseguir\u00a0<em>clicks<\/em>\u00a0se ha ayudado de los algoritmos. Estos han avivado la pol\u00e9mica informativa; cualquier asunto pol\u00edtico es objeto de choque, de discusi\u00f3n. La cantidad de datos personales que se recopila de los usuarios por microsegundo es una locura, y ah\u00ed entran en conflicto la privacidad, la ansiedad, la \u00e9tica&#8230;<\/p>\n\n\n\n<p><strong>P: <\/strong> <strong>Dice que en 2030 nos reiremos de los problemas de 2022. \u00bfEs para tanto?<\/strong><\/p>\n\n\n\n<p><strong>R:<\/strong> Estamos en un camino muy oscuro, lidiando con cuestiones que hemos dejado de lado que est\u00e1n interconectadas entre s\u00ed: el calentamiento global, el aumento de las pol\u00edticas de extrema derecha&#8230; Hasta ahora nos hab\u00edamos enfrentado a crisis importantes, pero no hab\u00edan sido globales. Con el advenimiento de la tecnolog\u00eda y la sociedad de la informaci\u00f3n, que ha ejercido de acelerador, la propagaci\u00f3n de los problemas es viral. Ah\u00ed est\u00e1 el ejemplo del Covid y c\u00f3mo en cuesti\u00f3n de semanas impact\u00f3 en todo el planeta incluso con distintas cepas. O como la guerra de Ucrania est\u00e1 afectando a la cadena de suministro. Cuanto m\u00e1s r\u00e1pido gire el mundo y m\u00e1s veloces sean sus conexiones, mayores ser\u00e1n las crisis a las que nos enfrentemos. Y eso va a suponer escasez de productos b\u00e1sicos, escasez de agua, conflictos civiles&#8230; Y s\u00ed, es realmente alarmante. Pero a pesar de todo soy optimista, porque s\u00e9 que aprenderemos de ello y lo superaremos.<\/p>\n\n\n\n<p>Fuente: https:\/\/www.elmundo.es\/papel\/lideres\/2022\/07\/02\/62bb18b5fdddff6d8d8b463b.html<\/p>\n","protected":false},"excerpt":{"rendered":"<p>Acaba de recibir el premio Alan Turing en Tenerife por su activismo LGTBI. Desde que hiciese p\u00fablico su cambio de [&hellip;]<\/p>\n","protected":false},"author":1,"featured_media":31134,"comment_status":"open","ping_status":"open","sticky":false,"template":"","format":"standard","meta":{"site-sidebar-layout":"default","site-content-layout":"","ast-site-content-layout":"default","site-content-style":"default","site-sidebar-style":"default","ast-global-header-display":"","ast-banner-title-visibility":"","ast-main-header-display":"","ast-hfb-above-header-display":"","ast-hfb-below-header-display":"","ast-hfb-mobile-header-display":"","site-post-title":"","ast-breadcrumbs-content":"","ast-featured-img":"","footer-sml-layout":"","theme-transparent-header-meta":"","adv-header-id-meta":"","stick-header-meta":"","header-above-stick-meta":"","header-main-stick-meta":"","header-below-stick-meta":"","astra-migrate-meta-layouts":"default","ast-page-background-enabled":"default","ast-page-background-meta":{"desktop":{"background-color":"var(--ast-global-color-4)","background-image":"","background-repeat":"repeat","background-position":"center center","background-size":"auto","background-attachment":"scroll","background-type":"","background-media":"","overlay-type":"","overlay-color":"","overlay-opacity":"","overlay-gradient":""},"tablet":{"background-color":"","background-image":"","background-repeat":"repeat","background-position":"center center","background-size":"auto","background-attachment":"scroll","background-type":"","background-media":"","overlay-type":"","overlay-color":"","overlay-opacity":"","overlay-gradient":""},"mobile":{"background-color":"","background-image":"","background-repeat":"repeat","background-position":"center center","background-size":"auto","background-attachment":"scroll","background-type":"","background-media":"","overlay-type":"","overlay-color":"","overlay-opacity":"","overlay-gradient":""}},"ast-content-background-meta":{"desktop":{"background-color":"var(--ast-global-color-5)","background-image":"","background-repeat":"repeat","background-position":"center center","background-size":"auto","background-attachment":"scroll","background-type":"","background-media":"","overlay-type":"","overlay-color":"","overlay-opacity":"","overlay-gradient":""},"tablet":{"background-color":"var(--ast-global-color-5)","background-image":"","background-repeat":"repeat","background-position":"center center","background-size":"auto","background-attachment":"scroll","background-type":"","background-media":"","overlay-type":"","overlay-color":"","overlay-opacity":"","overlay-gradient":""},"mobile":{"background-color":"var(--ast-global-color-5)","background-image":"","background-repeat":"repeat","background-position":"center center","background-size":"auto","background-attachment":"scroll","background-type":"","background-media":"","overlay-type":"","overlay-color":"","overlay-opacity":"","overlay-gradient":""}},"footnotes":""},"categories":[8],"tags":[11097,11095,11098,11096],"class_list":["post-31133","post","type-post","status-publish","format-standard","has-post-thumbnail","hentry","category-noticias","tag-cambio-de-sexo","tag-chelsea-manning","tag-lgtbi","tag-wikileaks"],"_links":{"self":[{"href":"https:\/\/losperiodistas.com.mx\/portal\/wp-json\/wp\/v2\/posts\/31133","targetHints":{"allow":["GET"]}}],"collection":[{"href":"https:\/\/losperiodistas.com.mx\/portal\/wp-json\/wp\/v2\/posts"}],"about":[{"href":"https:\/\/losperiodistas.com.mx\/portal\/wp-json\/wp\/v2\/types\/post"}],"author":[{"embeddable":true,"href":"https:\/\/losperiodistas.com.mx\/portal\/wp-json\/wp\/v2\/users\/1"}],"replies":[{"embeddable":true,"href":"https:\/\/losperiodistas.com.mx\/portal\/wp-json\/wp\/v2\/comments?post=31133"}],"version-history":[{"count":1,"href":"https:\/\/losperiodistas.com.mx\/portal\/wp-json\/wp\/v2\/posts\/31133\/revisions"}],"predecessor-version":[{"id":31135,"href":"https:\/\/losperiodistas.com.mx\/portal\/wp-json\/wp\/v2\/posts\/31133\/revisions\/31135"}],"wp:featuredmedia":[{"embeddable":true,"href":"https:\/\/losperiodistas.com.mx\/portal\/wp-json\/wp\/v2\/media\/31134"}],"wp:attachment":[{"href":"https:\/\/losperiodistas.com.mx\/portal\/wp-json\/wp\/v2\/media?parent=31133"}],"wp:term":[{"taxonomy":"category","embeddable":true,"href":"https:\/\/losperiodistas.com.mx\/portal\/wp-json\/wp\/v2\/categories?post=31133"},{"taxonomy":"post_tag","embeddable":true,"href":"https:\/\/losperiodistas.com.mx\/portal\/wp-json\/wp\/v2\/tags?post=31133"}],"curies":[{"name":"wp","href":"https:\/\/api.w.org\/{rel}","templated":true}]}}