{"id":31119,"date":"2022-07-01T15:04:04","date_gmt":"2022-07-01T20:04:04","guid":{"rendered":"http:\/\/losperiodistas.com.mx\/portal\/?p=31119"},"modified":"2022-07-01T15:04:06","modified_gmt":"2022-07-01T20:04:06","slug":"amlo-corta-el-liston-inaugural-de-la-refineria-de-dos-bocas-ee","status":"publish","type":"post","link":"https:\/\/losperiodistas.com.mx\/portal\/amlo-corta-el-liston-inaugural-de-la-refineria-de-dos-bocas-ee\/","title":{"rendered":"AMLO corta el list\u00f3n inaugural de la refiner\u00eda de Dos Bocas | EE"},"content":{"rendered":"\n<h3 class=\"wp-block-heading\">La titular de la Secretar\u00eda de Energ\u00eda, Roc\u00edo Nahle, explic\u00f3 que la refiner\u00eda Olmeca de Dos Bocas tendr\u00e1 una capacidad de procesamiento de 340,000 barriles por d\u00eda.<\/h3>\n\n\n\n<figure class=\"wp-block-image size-large\"><img fetchpriority=\"high\" decoding=\"async\" width=\"1024\" height=\"576\" src=\"https:\/\/losperiodistas.com.mx\/portal\/wp-content\/uploads\/2022\/07\/refineria_de_dos_bocas_en_tabasco.png_1741123634-1024x576.jpg\" alt=\"\" class=\"wp-image-31121\" srcset=\"https:\/\/losperiodistas.com.mx\/portal\/wp-content\/uploads\/2022\/07\/refineria_de_dos_bocas_en_tabasco.png_1741123634-1024x576.jpg 1024w, https:\/\/losperiodistas.com.mx\/portal\/wp-content\/uploads\/2022\/07\/refineria_de_dos_bocas_en_tabasco.png_1741123634-300x169.jpg 300w, https:\/\/losperiodistas.com.mx\/portal\/wp-content\/uploads\/2022\/07\/refineria_de_dos_bocas_en_tabasco.png_1741123634-768x432.jpg 768w, https:\/\/losperiodistas.com.mx\/portal\/wp-content\/uploads\/2022\/07\/refineria_de_dos_bocas_en_tabasco.png_1741123634.jpg 1120w\" sizes=\"(max-width: 1024px) 100vw, 1024px\" \/><figcaption>Captura de video EE<\/figcaption><\/figure>\n\n\n\n<p><\/p>\n\n\n\n<p class=\"has-vivid-cyan-blue-color has-text-color has-medium-font-size\">EL ECONOMISTA<\/p>\n\n\n\n<p>En el marco del cuarto aniversario de su triunfo en las urnas, el presidente Andr\u00e9s Manuel L\u00f3pez Obrador inaugur\u00f3 este viernes 1 de julio&nbsp;la \u00abprimera etapa constructiva\u00bb de la refiner\u00eda&nbsp;<strong>Olmeca de Dos Bocas, en Para\u00edso, Tabasco<\/strong>, una de las grandes apuestas de la actual administraci\u00f3n federal con la que se busca conseguir la&nbsp;<a href=\"https:\/\/www.eleconomista.com.mx\/empresas\/Sector-energetico-Pemex-cada-vez-refina-mas-y-exporta-menos--20220307-0076.html\">autosuficiencia en combustibles<\/a>.<\/p>\n\n\n\n<p>Durante un recorrido para supervisar los avances de la construcci\u00f3n de la refiner\u00eda el jefe del Ejecutivo reiter\u00f3 que espera que entre las siete refiner\u00edas locales, contando la nueva, m\u00e1s la de Deer Park en Texas, M\u00e9xico sea autosuficiente en gasolinas y di\u00e9sel, que desde hace a\u00f1os son importados de otras latitudes.<\/p>\n\n\n\n<p>La titular de la Secretar\u00eda de Energ\u00eda (<strong>Sener<\/strong>), Roc\u00edo Nahle, explic\u00f3 que este complejo\u00a0tendr\u00e1 una capacidad de procesamiento de 340,000 barriles por d\u00eda (bpd).<\/p>\n\n\n\n<figure class=\"wp-block-image size-large\"><img decoding=\"async\" width=\"1024\" height=\"576\" src=\"https:\/\/losperiodistas.com.mx\/portal\/wp-content\/uploads\/2022\/07\/amlo-corte-liston-refineria-dos-bocas-cortesia-presidencia-1jul-3.jpg_1741123634-1024x576.jpg\" alt=\"\" class=\"wp-image-31122\" srcset=\"https:\/\/losperiodistas.com.mx\/portal\/wp-content\/uploads\/2022\/07\/amlo-corte-liston-refineria-dos-bocas-cortesia-presidencia-1jul-3.jpg_1741123634-1024x576.jpg 1024w, https:\/\/losperiodistas.com.mx\/portal\/wp-content\/uploads\/2022\/07\/amlo-corte-liston-refineria-dos-bocas-cortesia-presidencia-1jul-3.jpg_1741123634-300x169.jpg 300w, https:\/\/losperiodistas.com.mx\/portal\/wp-content\/uploads\/2022\/07\/amlo-corte-liston-refineria-dos-bocas-cortesia-presidencia-1jul-3.jpg_1741123634-768x432.jpg 768w, https:\/\/losperiodistas.com.mx\/portal\/wp-content\/uploads\/2022\/07\/amlo-corte-liston-refineria-dos-bocas-cortesia-presidencia-1jul-3.jpg_1741123634.jpg 1120w\" sizes=\"(max-width: 1024px) 100vw, 1024px\" \/><figcaption>EE<\/figcaption><\/figure>\n\n\n\n<p>La semana pasada, el presidente L\u00f3pez Obrador admiti\u00f3 que la construcci\u00f3n de la refiner\u00eda Olmeca tendr\u00e1 un&nbsp;<a href=\"https:\/\/www.eleconomista.com.mx\/politica\/Nueva-refineria-Olmeca-tendra-un-costo-de-hasta-12000-millones-de-dolares-AMLO-20220624-0042.html\">costo de entre 11,000 y 12,000 millones de d\u00f3lares<\/a>, por encima de los 8,000 millones de d\u00f3lares que el Gobierno hab\u00eda dicho que costar\u00eda hace tres a\u00f1os, cuando&nbsp;<a href=\"https:\/\/www.eleconomista.com.mx\/politica\/Pemex-subiria-su-procesamiento-de-crudo-en-6-refinerias-AMLO-20220615-0032.html\">arranc\u00f3 la obra<\/a>.&nbsp;<\/p>\n\n\n\n<p>El primer mandatario asegur\u00f3 que el costo est\u00e1 dentro de lo estimado y aprobado por el Consejo de Administraci\u00f3n de Petr\u00f3leos Mexicanos (<strong>Pemex<\/strong>), sin embargo -seg\u00fan documentos vistos por Reuters- los 12,000 millones de d\u00f3lares son el rango superior de un estimado en las etapas iniciales de la obra, que fue presupuestada y aprobada por 8,900 millones de d\u00f3lares.<\/p>\n\n\n\n<figure class=\"wp-block-image size-large\"><img decoding=\"async\" width=\"1024\" height=\"576\" src=\"https:\/\/losperiodistas.com.mx\/portal\/wp-content\/uploads\/2022\/07\/refinaeria_dos_bocas__olmeca__tabasco.jpg_1741123634-1024x576.jpg\" alt=\"\" class=\"wp-image-31123\" srcset=\"https:\/\/losperiodistas.com.mx\/portal\/wp-content\/uploads\/2022\/07\/refinaeria_dos_bocas__olmeca__tabasco.jpg_1741123634-1024x576.jpg 1024w, https:\/\/losperiodistas.com.mx\/portal\/wp-content\/uploads\/2022\/07\/refinaeria_dos_bocas__olmeca__tabasco.jpg_1741123634-300x169.jpg 300w, https:\/\/losperiodistas.com.mx\/portal\/wp-content\/uploads\/2022\/07\/refinaeria_dos_bocas__olmeca__tabasco.jpg_1741123634-768x432.jpg 768w, https:\/\/losperiodistas.com.mx\/portal\/wp-content\/uploads\/2022\/07\/refinaeria_dos_bocas__olmeca__tabasco.jpg_1741123634.jpg 1120w\" sizes=\"(max-width: 1024px) 100vw, 1024px\" \/><figcaption>REUTERS<\/figcaption><\/figure>\n\n\n\n<p>La refiner\u00eda de Dos Bocas consta de 17 plantas de proceso, 57 tanques y 34 esferas de almacenamiento, adem\u00e1s de talleres, cuarto de control, edificios administrativos y de servicios.<\/p>\n\n\n\n<p>kg<\/p>\n\n\n\n<p>Fuente: https:\/\/www.eleconomista.com.mx\/empresas\/AMLO-corta-el-liston-inaugural-de-la-refineria-de-Dos-Bocas-20220701-0061.html<\/p>\n","protected":false},"excerpt":{"rendered":"<p>La titular de la Secretar\u00eda de Energ\u00eda, Roc\u00edo Nahle, explic\u00f3 que la refiner\u00eda Olmeca de Dos Bocas tendr\u00e1 una capacidad [&hellip;]<\/p>\n","protected":false},"author":1,"featured_media":31121,"comment_status":"open","ping_status":"open","sticky":false,"template":"","format":"standard","meta":{"site-sidebar-layout":"default","site-content-layout":"","ast-site-content-layout":"default","site-content-style":"default","site-sidebar-style":"default","ast-global-header-display":"","ast-banner-title-visibility":"","ast-main-header-display":"","ast-hfb-above-header-display":"","ast-hfb-below-header-display":"","ast-hfb-mobile-header-display":"","site-post-title":"","ast-breadcrumbs-content":"","ast-featured-img":"","footer-sml-layout":"","theme-transparent-header-meta":"","adv-header-id-meta":"","stick-header-meta":"","header-above-stick-meta":"","header-main-stick-meta":"","header-below-stick-meta":"","astra-migrate-meta-layouts":"default","ast-page-background-enabled":"default","ast-page-background-meta":{"desktop":{"background-color":"var(--ast-global-color-4)","background-image":"","background-repeat":"repeat","background-position":"center center","background-size":"auto","background-attachment":"scroll","background-type":"","background-media":"","overlay-type":"","overlay-color":"","overlay-opacity":"","overlay-gradient":""},"tablet":{"background-color":"","background-image":"","background-repeat":"repeat","background-position":"center center","background-size":"auto","background-attachment":"scroll","background-type":"","background-media":"","overlay-type":"","overlay-color":"","overlay-opacity":"","overlay-gradient":""},"mobile":{"background-color":"","background-image":"","background-repeat":"repeat","background-position":"center center","background-size":"auto","background-attachment":"scroll","background-type":"","background-media":"","overlay-type":"","overlay-color":"","overlay-opacity":"","overlay-gradient":""}},"ast-content-background-meta":{"desktop":{"background-color":"var(--ast-global-color-5)","background-image":"","background-repeat":"repeat","background-position":"center center","background-size":"auto","background-attachment":"scroll","background-type":"","background-media":"","overlay-type":"","overlay-color":"","overlay-opacity":"","overlay-gradient":""},"tablet":{"background-color":"var(--ast-global-color-5)","background-image":"","background-repeat":"repeat","background-position":"center center","background-size":"auto","background-attachment":"scroll","background-type":"","background-media":"","overlay-type":"","overlay-color":"","overlay-opacity":"","overlay-gradient":""},"mobile":{"background-color":"var(--ast-global-color-5)","background-image":"","background-repeat":"repeat","background-position":"center center","background-size":"auto","background-attachment":"scroll","background-type":"","background-media":"","overlay-type":"","overlay-color":"","overlay-opacity":"","overlay-gradient":""}},"footnotes":""},"categories":[8],"tags":[4592,1706],"class_list":["post-31119","post","type-post","status-publish","format-standard","has-post-thumbnail","hentry","category-noticias","tag-dos-bocas","tag-pemex"],"_links":{"self":[{"href":"https:\/\/losperiodistas.com.mx\/portal\/wp-json\/wp\/v2\/posts\/31119","targetHints":{"allow":["GET"]}}],"collection":[{"href":"https:\/\/losperiodistas.com.mx\/portal\/wp-json\/wp\/v2\/posts"}],"about":[{"href":"https:\/\/losperiodistas.com.mx\/portal\/wp-json\/wp\/v2\/types\/post"}],"author":[{"embeddable":true,"href":"https:\/\/losperiodistas.com.mx\/portal\/wp-json\/wp\/v2\/users\/1"}],"replies":[{"embeddable":true,"href":"https:\/\/losperiodistas.com.mx\/portal\/wp-json\/wp\/v2\/comments?post=31119"}],"version-history":[{"count":1,"href":"https:\/\/losperiodistas.com.mx\/portal\/wp-json\/wp\/v2\/posts\/31119\/revisions"}],"predecessor-version":[{"id":31124,"href":"https:\/\/losperiodistas.com.mx\/portal\/wp-json\/wp\/v2\/posts\/31119\/revisions\/31124"}],"wp:featuredmedia":[{"embeddable":true,"href":"https:\/\/losperiodistas.com.mx\/portal\/wp-json\/wp\/v2\/media\/31121"}],"wp:attachment":[{"href":"https:\/\/losperiodistas.com.mx\/portal\/wp-json\/wp\/v2\/media?parent=31119"}],"wp:term":[{"taxonomy":"category","embeddable":true,"href":"https:\/\/losperiodistas.com.mx\/portal\/wp-json\/wp\/v2\/categories?post=31119"},{"taxonomy":"post_tag","embeddable":true,"href":"https:\/\/losperiodistas.com.mx\/portal\/wp-json\/wp\/v2\/tags?post=31119"}],"curies":[{"name":"wp","href":"https:\/\/api.w.org\/{rel}","templated":true}]}}