{"id":31107,"date":"2022-07-01T12:09:48","date_gmt":"2022-07-01T17:09:48","guid":{"rendered":"http:\/\/losperiodistas.com.mx\/portal\/?p=31107"},"modified":"2022-07-01T12:09:50","modified_gmt":"2022-07-01T17:09:50","slug":"periodistas-en-mexico-entre-la-plata-y-el-plomo-dw","status":"publish","type":"post","link":"https:\/\/losperiodistas.com.mx\/portal\/periodistas-en-mexico-entre-la-plata-y-el-plomo-dw\/","title":{"rendered":"Periodistas en M\u00e9xico, entre la plata y el plomo | DW"},"content":{"rendered":"\n<p><em>Antonio de la Cruz es la v\u00edctima m\u00e1s reciente de una larga lista de comunicadores asesinados en M\u00e9xico. Expertos alemanes critican la actitud de AMLO hacia la labor period\u00edstica y analizan salidas a la violencia.<\/em><\/p>\n\n\n\n<p><\/p>\n\n\n\n<figure class=\"wp-block-image size-full\"><img fetchpriority=\"high\" decoding=\"async\" width=\"700\" height=\"394\" src=\"https:\/\/losperiodistas.com.mx\/portal\/wp-content\/uploads\/2022\/07\/61741955_303.jpeg\" alt=\"\" class=\"wp-image-31108\" srcset=\"https:\/\/losperiodistas.com.mx\/portal\/wp-content\/uploads\/2022\/07\/61741955_303.jpeg 700w, https:\/\/losperiodistas.com.mx\/portal\/wp-content\/uploads\/2022\/07\/61741955_303-300x169.jpeg 300w\" sizes=\"(max-width: 700px) 100vw, 700px\" \/><figcaption>Protesta silenciosa por asesinatos de periodistas en San Crist\u00f3bal de las Casas, en marzo de 2022.<\/figcaption><\/figure>\n\n\n\n<p class=\"has-vivid-cyan-blue-color has-text-color has-medium-font-size\">VIOLA TRAEDER \/ DW<\/p>\n\n\n\n<p>El&nbsp;mi\u00e9rcoles (29.06.2022), el&nbsp;<a href=\"https:\/\/www.dw.com\/es\/periodista-mexicano-denunci%C3%B3-violencia-e-insultos-antes-de-ser-asesinado\/a-61717430\">periodista Antonio de la Cruz<\/a>&nbsp;muri\u00f3 en un&nbsp;<a href=\"https:\/\/www.dw.com\/es\/asesinan-a-periodista-en-noreste-de-m%C3%A9xico-el-n%C3%BAmero-12-en-lo-que-va-de-a%C3%B1o\/a-62308488\">ataque a tiros<\/a>&nbsp;frente a su domicilio en Ciudad Victoria, estado de Tamaulipas, y pas\u00f3 a engrosar la larga lista de comunicadores asesinados en M\u00e9xico: 150 desde el a\u00f1o 2000, seg\u00fan Reporteros Sin Fronteras, y el duod\u00e9cimo en 2022.<\/p>\n\n\n\n<p>El pa\u00eds latinoamericano es considerado uno de los m\u00e1s letales para periodistas. Timo Dorsch, investigador del Instituto de Geograf\u00eda Humana de la Universidad Goethe de Fr\u00e1ncfort del Meno, hace hincapi\u00e9 en las diferentes realidades a las que se enfrentan los comunicadores en M\u00e9xico: por un lado, est\u00e1n aquellos que tienen una plaza fija en uno de los grandes medios establecidos, gozando de cierta seguridad, tanto por su respaldo institucional como por los temas que abordan y su visibilidad a nivel nacional.<\/p>\n\n\n\n<p>Por otro, est\u00e1n los periodistas de medios estatales, regionales y locales, que desde hace algunos a\u00f1os se han convertido cada vez m\u00e1s en blanco de la violencia. En entrevista con DW, Dorsch explica que estos profesionales tienden a cubrir temas \u00abdelicados\u00bb&nbsp;e \u00abinc\u00f3modos\u00bb&nbsp;para determinados actores estatales, como pol\u00edticos y empresarios, puesto que a menudo sacan a la luz sus conexiones y negocios con el crimen organizado. Como ejemplo, pone el comercio ilegal de madera en el estado de Sonora, donde hace una semana fueron asesinados dos padres jesuitas y un gu\u00eda tur\u00edstico, la misma regi\u00f3n que cubr\u00eda&nbsp;<a href=\"https:\/\/www.dw.com\/es\/condenan-a-50-a%C3%B1os-de-c%C3%A1rcel-a-asesino-de-periodista-mexicana-miroslava-breach\/a-54660532\">la periodista Miroslava Breach, asesinada en 2017.<\/a><a href=\"https:\/\/www.dw.com\/es\/periodistas-en-m%C3%A9xico-entre-la-plata-y-el-plomo\/a-62321384#\"><\/a><\/p>\n\n\n\n<p>El veh\u00edculo en el que viajaba el periodista asesinado Antonio de la Cruz.<\/p>\n\n\n\n<h2 class=\"wp-block-heading\">\u00bfExiste libertad de prensa?<\/h2>\n\n\n\n<p>En opini\u00f3n de Lutz Kliche, miembro del Centro PEN de Alemania y exasesor del difunto ministro de Cultura de Nicaragua Ernesto Cardenal, los periodistas mexicanos trabajan en condiciones sumamente dif\u00edciles, puesto que \u00aben la realidad no se les garantiza la libertad de prensa que formalmente existe\u00bb. \u00abHay que ser muy valiente para hacer su trabajo\u00bb, subraya Kliche en entrevista con DW.&nbsp;\u00abMuchos lo han tenido que pagar con su vida, lo cual entristece e indigna sobremanera. Necesitan y tienen derecho a todo el apoyo y toda la solidaridad posible de organismos e instituciones gubernamentales y no gubernamentales internacionales\u00bb.<\/p>\n\n\n\n<p>Tambi\u00e9n G\u00fcnther Maihold, director de la Fundaci\u00f3n Ciencia y Pol\u00edtica (SWP, por sus siglas en alem\u00e1n), sostiene que, si bien&nbsp;en M\u00e9xico&nbsp;existe la libertad de prensa en un sentido \u00ababstracto\u00bb, en la pr\u00e1ctica \u00abhay muchos factores que limitan masivamente el trabajo period\u00edstico independiente\u00bb. En palabras del polit\u00f3logo, los comunicadores muchas veces se ven obligados a escoger entre la \u00abplata\u00bb&nbsp;y el \u00abplomo\u00bb: algunos aceptan sobornos, autocensur\u00e1ndose o adaptando sus reportajes a los deseos de sus contratantes, mientras que aquellos que optan por el trabajo independiente arriesgan sus vidas.<\/p>\n\n\n\n<h2 class=\"wp-block-heading\">\u00abValor irremplazable del periodismo\u00bb<\/h2>\n\n\n\n<p>En entrevista con DW, Maihold destaca que el Estado debe garantizar la protecci\u00f3n de los periodistas, tambi\u00e9n en contra de posibles represiones por parte de los propios \u00f3rganos de seguridad y, en caso necesario, proteger tambi\u00e9n a los familiares de los profesionales, a fin de reducir las posibilidades de extorsi\u00f3n.<\/p>\n\n\n\n<p>No obstante, \u00abes primordial crear un clima social y pol\u00edtico, en el que sea reconocido el valor irremplazable del trabajo period\u00edstico para garantizar la democracia y las libertades\u00bb, acota. Pero, dados&nbsp;\u00ablos insultos sistem\u00e1ticos\u00bb&nbsp;del actual&nbsp;<a href=\"https:\/\/www.dw.com\/es\/andr%C3%A9s-manuel-l%C3%B3pez-obrador\/t-17412982\">presidente mexicano, Andr\u00e9s Manuel L\u00f3pez Obrador (AMLO)<\/a>, en contra de representantes del gremio period\u00edstico, Maihold duda que el mandatario tenga la intenci\u00f3n de crear el clima pol\u00edtico y social necesario en el pa\u00eds.&nbsp;<a href=\"https:\/\/www.dw.com\/es\/periodistas-en-m%C3%A9xico-entre-la-plata-y-el-plomo\/a-62321384#\"><\/a><\/p>\n\n\n\n<p>Periodistas de Veracruz recuerdan a colegas asesinados.<\/p>\n\n\n\n<h2 class=\"wp-block-heading\">\u00bfC\u00f3mo poner fin a la violencia?<\/h2>\n\n\n\n<p>A fin de reducir la violencia a la que est\u00e1n expuestos los comunicadores en M\u00e9xico, Timo Dorsch, quien durante a\u00f1os trabaj\u00f3 como periodista&nbsp;<em>freelance<\/em>&nbsp;en ese pa\u00eds latinoamericano, aboga por un enfoque m\u00e1s profundo, m\u00e1s all\u00e1 del cl\u00e1sico an\u00e1lisis en el que un Estado con un par de funcionarios corruptos,&nbsp;por un lado, se enfrenta al crimen organizado&nbsp;por el otro. En su opini\u00f3n, es necesario seguir las \u00abhuellas del dinero\u00bb, es decir destapar los negocios que entrelazan a actores estatales, empresariales y del crimen organizado y perseguir los flujos del dinero, tanto en M\u00e9xico como en el extranjero.<\/p>\n\n\n\n<p>Asimismo, como medidas concretas para reducir la vulnerabilidad de los comunicadores locales, exige mejores condiciones laborales y mayor protecci\u00f3n institucional. Dorsch explica que muchos, por necesidad econ\u00f3mica, por ejemplo, se sienten presionados a producir la siguiente nota, ignorando ciertos riesgos profesionales.&nbsp;El entrevistado tambi\u00e9n insiste en la necesidad de que actores internacionales se posicionen claramente respecto a la ola de violencia contra periodistas, y exhorta a los colegas del gremio period\u00edstico, por ejemplo en Estados Unidos y Europa, a ser m\u00e1s solidarios con los profesionales mexicanos, ofreci\u00e9ndoles m\u00e1s cooperaciones y plataformas&nbsp;donde puedan publicar trabajos que, por cuestiones de seguridad, no podr\u00edan publicar en su pa\u00eds de origen, como&nbsp;<a href=\"https:\/\/www.dw.com\/es\/de-la-suave-patria-al-infierno-de-violencia-en-m%C3%A9xico\/a-62314364\">la columna de la renombrada periodista Anabel Hern\u00e1ndez en Deutsche Welle.&nbsp;<\/a>Dorsch insiste en que \u00abla libertad que es atacada en M\u00e9xico, al fin y al cabo, tambi\u00e9n es nuestra libertad\u00bb, puesto que, de varias formas y en diferentes niveles, dependemos de la labor investigativa de los comunicadores locales, regionales y estatales, por ejemplo, para entender y combatir el fen\u00f3meno del crimen organizado.<\/p>\n\n\n\n<p>(ms)<\/p>\n\n\n\n<p>Fuente: https:\/\/www.dw.com\/es\/periodistas-en-m%C3%A9xico-entre-la-plata-y-el-plomo\/a-62321384<\/p>\n\n\n\n<p><\/p>\n","protected":false},"excerpt":{"rendered":"<p>Antonio de la Cruz es la v\u00edctima m\u00e1s reciente de una larga lista de comunicadores asesinados en M\u00e9xico. Expertos alemanes [&hellip;]<\/p>\n","protected":false},"author":1,"featured_media":31108,"comment_status":"open","ping_status":"open","sticky":false,"template":"","format":"standard","meta":{"site-sidebar-layout":"default","site-content-layout":"","ast-site-content-layout":"default","site-content-style":"default","site-sidebar-style":"default","ast-global-header-display":"","ast-banner-title-visibility":"","ast-main-header-display":"","ast-hfb-above-header-display":"","ast-hfb-below-header-display":"","ast-hfb-mobile-header-display":"","site-post-title":"","ast-breadcrumbs-content":"","ast-featured-img":"","footer-sml-layout":"","theme-transparent-header-meta":"","adv-header-id-meta":"","stick-header-meta":"","header-above-stick-meta":"","header-main-stick-meta":"","header-below-stick-meta":"","astra-migrate-meta-layouts":"default","ast-page-background-enabled":"default","ast-page-background-meta":{"desktop":{"background-color":"var(--ast-global-color-4)","background-image":"","background-repeat":"repeat","background-position":"center center","background-size":"auto","background-attachment":"scroll","background-type":"","background-media":"","overlay-type":"","overlay-color":"","overlay-opacity":"","overlay-gradient":""},"tablet":{"background-color":"","background-image":"","background-repeat":"repeat","background-position":"center center","background-size":"auto","background-attachment":"scroll","background-type":"","background-media":"","overlay-type":"","overlay-color":"","overlay-opacity":"","overlay-gradient":""},"mobile":{"background-color":"","background-image":"","background-repeat":"repeat","background-position":"center center","background-size":"auto","background-attachment":"scroll","background-type":"","background-media":"","overlay-type":"","overlay-color":"","overlay-opacity":"","overlay-gradient":""}},"ast-content-background-meta":{"desktop":{"background-color":"var(--ast-global-color-5)","background-image":"","background-repeat":"repeat","background-position":"center center","background-size":"auto","background-attachment":"scroll","background-type":"","background-media":"","overlay-type":"","overlay-color":"","overlay-opacity":"","overlay-gradient":""},"tablet":{"background-color":"var(--ast-global-color-5)","background-image":"","background-repeat":"repeat","background-position":"center center","background-size":"auto","background-attachment":"scroll","background-type":"","background-media":"","overlay-type":"","overlay-color":"","overlay-opacity":"","overlay-gradient":""},"mobile":{"background-color":"var(--ast-global-color-5)","background-image":"","background-repeat":"repeat","background-position":"center center","background-size":"auto","background-attachment":"scroll","background-type":"","background-media":"","overlay-type":"","overlay-color":"","overlay-opacity":"","overlay-gradient":""}},"footnotes":""},"categories":[8],"tags":[11089,11092,11091,3223,11090],"class_list":["post-31107","post","type-post","status-publish","format-standard","has-post-thumbnail","hentry","category-noticias","tag-antonio-de-la-cruz","tag-centro-pen","tag-miroslava-breach","tag-periodistas-asesinados-mexico","tag-timo-dorsch"],"_links":{"self":[{"href":"https:\/\/losperiodistas.com.mx\/portal\/wp-json\/wp\/v2\/posts\/31107","targetHints":{"allow":["GET"]}}],"collection":[{"href":"https:\/\/losperiodistas.com.mx\/portal\/wp-json\/wp\/v2\/posts"}],"about":[{"href":"https:\/\/losperiodistas.com.mx\/portal\/wp-json\/wp\/v2\/types\/post"}],"author":[{"embeddable":true,"href":"https:\/\/losperiodistas.com.mx\/portal\/wp-json\/wp\/v2\/users\/1"}],"replies":[{"embeddable":true,"href":"https:\/\/losperiodistas.com.mx\/portal\/wp-json\/wp\/v2\/comments?post=31107"}],"version-history":[{"count":1,"href":"https:\/\/losperiodistas.com.mx\/portal\/wp-json\/wp\/v2\/posts\/31107\/revisions"}],"predecessor-version":[{"id":31109,"href":"https:\/\/losperiodistas.com.mx\/portal\/wp-json\/wp\/v2\/posts\/31107\/revisions\/31109"}],"wp:featuredmedia":[{"embeddable":true,"href":"https:\/\/losperiodistas.com.mx\/portal\/wp-json\/wp\/v2\/media\/31108"}],"wp:attachment":[{"href":"https:\/\/losperiodistas.com.mx\/portal\/wp-json\/wp\/v2\/media?parent=31107"}],"wp:term":[{"taxonomy":"category","embeddable":true,"href":"https:\/\/losperiodistas.com.mx\/portal\/wp-json\/wp\/v2\/categories?post=31107"},{"taxonomy":"post_tag","embeddable":true,"href":"https:\/\/losperiodistas.com.mx\/portal\/wp-json\/wp\/v2\/tags?post=31107"}],"curies":[{"name":"wp","href":"https:\/\/api.w.org\/{rel}","templated":true}]}}