{"id":31104,"date":"2022-07-01T11:59:50","date_gmt":"2022-07-01T16:59:50","guid":{"rendered":"http:\/\/losperiodistas.com.mx\/portal\/?p=31104"},"modified":"2022-07-01T11:59:52","modified_gmt":"2022-07-01T16:59:52","slug":"mexicraneos-arte-urbano-del-dia-de-los-muertos-en-el-parque-del-retiro-rtve","status":"publish","type":"post","link":"https:\/\/losperiodistas.com.mx\/portal\/mexicraneos-arte-urbano-del-dia-de-los-muertos-en-el-parque-del-retiro-rtve\/","title":{"rendered":"&#8216;Mexicr\u00e1neos&#8217;, arte urbano del D\u00eda de los Muertos en el Parque del Retiro\u00a0| RTVE"},"content":{"rendered":"\n<p><em>La muestra puede verse del 1 al 25 de julio en el Parque del Retiro de Madrid<\/em><\/p>\n\n\n\n<p><\/p>\n\n\n\n<figure class=\"wp-block-image size-large\"><img fetchpriority=\"high\" decoding=\"async\" width=\"1024\" height=\"576\" src=\"https:\/\/losperiodistas.com.mx\/portal\/wp-content\/uploads\/2022\/07\/calaveras-rtve-1024x576.jpeg\" alt=\"\" class=\"wp-image-31105\" srcset=\"https:\/\/losperiodistas.com.mx\/portal\/wp-content\/uploads\/2022\/07\/calaveras-rtve-1024x576.jpeg 1024w, https:\/\/losperiodistas.com.mx\/portal\/wp-content\/uploads\/2022\/07\/calaveras-rtve-300x169.jpeg 300w, https:\/\/losperiodistas.com.mx\/portal\/wp-content\/uploads\/2022\/07\/calaveras-rtve-768x432.jpeg 768w, https:\/\/losperiodistas.com.mx\/portal\/wp-content\/uploads\/2022\/07\/calaveras-rtve-1536x864.jpeg 1536w, https:\/\/losperiodistas.com.mx\/portal\/wp-content\/uploads\/2022\/07\/calaveras-rtve.jpeg 1600w\" sizes=\"(max-width: 1024px) 100vw, 1024px\" \/><figcaption>Exposici\u00f3n internacional &#8216;Mexicr\u00e1neos&#8217; en\u00a0el Parque del Retiro de Madrid\u00a0<em>EFE\/ J.J. GUILL\u00c9N<\/em><\/figcaption><\/figure>\n\n\n\n<p class=\"has-vivid-cyan-blue-color has-text-color has-medium-font-size\">MAR\u00cdA LUISA CALVO MONEDERO \/ RTVE<\/p>\n\n\n\n<p>Mientras que en muchos pa\u00edses la muerte siempre se mira desde la tristeza, en la cultura mexicana llega a convertirse en una gran celebraci\u00f3n de la vida en&nbsp;el D\u00eda de los Muertos, en el que&nbsp;se festeja el reencuentro con los difuntos. Para que esta visi\u00f3n mexicana sobre la muerte sea comprendida por otras culturas,&nbsp;<strong>la exposici\u00f3n internacional \u2018Mexicr\u00e1neos\u2019&nbsp;<\/strong>hace una parada en el Parque del Retiro, despu\u00e9s de haber visitado otras ciudades espa\u00f1olas como Valencia o Torrej\u00f3n de Ardoz.&nbsp;La exhibici\u00f3n permanecer\u00e1 en este ic\u00f3nico parque del 1 al 25 de julio.<\/p>\n\n\n\n<p>El recorrido se compone por&nbsp;<strong>un total de&nbsp;22 piezas<\/strong>, entre las que se encuentran 19 cr\u00e1neos, dos cabezones colgantes y una bancatrina, esta \u00faltima consiste en un banco con una catrina y un catr\u00edn, un hombre y una mujer vestidos de forma elegante que son s\u00edmbolos populares de la muerte, con los que los visitantes pueden hacerse fotos.<\/p>\n\n\n\n<h3 class=\"wp-block-heading\"><strong>Arte para combatir prejuicios<\/strong><\/h3>\n\n\n\n<p>M\u00e1s de&nbsp;1.500 artistas<strong>&nbsp;<\/strong>reconocidos y emergentes ya han participado en el&nbsp;proyecto \u2018Mexicr\u00e1neos\u2019, se trata de&nbsp;<strong>una de las muestras de arte urbano m\u00e1s grandes del mundo<\/strong>, inspirada en la festividad mexicana del D\u00eda de Muertos,&nbsp;celebraci\u00f3n declarada Patrimonio Cultural Inmaterial de la Humanidad por la UNESCO.<\/p>\n\n\n\n<p>La exposici\u00f3n surge con el objetivo de visibilizar la cultura mexicana desde un punto de vista art\u00edstico&nbsp;y dejar a un lado la&nbsp;percepci\u00f3n negativa en torno a la muerte.<\/p>\n\n\n\n<p>\u201cAunque nuestra prioridad es acompa\u00f1ar a las familias en sus momentos m\u00e1s dif\u00edciles, durante el duelo, nuestro compromiso con el sector tambi\u00e9n nos lleva a trasladar a la sociedad la importancia de generar una conversaci\u00f3n sobre ese proceso y romper los tab\u00fas que giran en torno a la muerte\u00bb, explica Carlos Gallego, director de Desarrollo y Grandes Cuentas de Grupo Albia,&nbsp;organizadores de la exposici\u00f3n.<\/p>\n\n\n\n<p>A trav\u00e9s del arte, desde la compa\u00f1\u00eda&nbsp;buscan transmitir los colores, sabores y olores del pueblo mexicano con el objetivo de \u00abeliminar los prejuicios que arrastran la muerte y el duelo\u201d, apunta Gallego.<\/p>\n\n\n\n<figure class=\"wp-block-image\"><img decoding=\"async\" src=\"https:\/\/img2.rtve.es\/im\/6640670\/?w=900\" alt=\"Detalle de una de las calaveras de la exposici\u00f3n internacional 'Mexicr\u00e1neos' en\u00a0el Parque del Retiro de Madrid\"\/><figcaption>Detalle de una de las calaveras de la exposici\u00f3n internacional &#8216;Mexicr\u00e1neos&#8217; en&nbsp;el Parque del Retiro de Madrid&nbsp;<em>EFE\/ J.J. GUILL\u00c9N<\/em><\/figcaption><\/figure>\n\n\n\n<p>Inspirados en la cultura azteca y la era colonial mexicana,&nbsp;<strong>los cr\u00e1neos est\u00e1n elaborados en fibra de vidrio sobre molde<\/strong>. Son esculturas&nbsp;que toman como referencia a los&nbsp;<strong>rituales prehisp\u00e1nicos<\/strong>, que consist\u00edan en adornar los cr\u00e1neos en los ritos f\u00fanebres para exhibirlos en las ceremonias, y convert\u00edan a las calaveras en un s\u00edmbolo de la trascendencia al plano espiritual.<\/p>\n\n\n\n<p>\u00abEs interesante los colores y los materiales que hay&nbsp;integrados en cada una de estas grandes figuras\u00bb, comenta Quirino Ordaz, embajador de M\u00e9xico en Espa\u00f1a. Las intervenciones art\u00edsticas van desde la pintura acr\u00edlica hasta materiales como la tela.<\/p>\n\n\n\n<p>Adem\u00e1s, cada calavera est\u00e1 acompa\u00f1ada de un cartel con una explicaci\u00f3n sobre la idea que se desarrolla a trav\u00e9s de sus dibujos e incluye tambi\u00e9n un c\u00f3digo QR para acceder a contenido exclusivo de los artistas.\u00a0<\/p>\n\n\n\n<p>Fuente: https:\/\/www.rtve.es\/noticias\/20220701\/mexicraneos-arte-urbano-dia-muertos-parque-retiro\/2386212.shtml<\/p>\n","protected":false},"excerpt":{"rendered":"<p>La muestra puede verse del 1 al 25 de julio en el Parque del Retiro de Madrid MAR\u00cdA LUISA CALVO [&hellip;]<\/p>\n","protected":false},"author":1,"featured_media":31105,"comment_status":"open","ping_status":"open","sticky":false,"template":"","format":"standard","meta":{"site-sidebar-layout":"default","site-content-layout":"","ast-site-content-layout":"default","site-content-style":"default","site-sidebar-style":"default","ast-global-header-display":"","ast-banner-title-visibility":"","ast-main-header-display":"","ast-hfb-above-header-display":"","ast-hfb-below-header-display":"","ast-hfb-mobile-header-display":"","site-post-title":"","ast-breadcrumbs-content":"","ast-featured-img":"","footer-sml-layout":"","theme-transparent-header-meta":"","adv-header-id-meta":"","stick-header-meta":"","header-above-stick-meta":"","header-main-stick-meta":"","header-below-stick-meta":"","astra-migrate-meta-layouts":"default","ast-page-background-enabled":"default","ast-page-background-meta":{"desktop":{"background-color":"var(--ast-global-color-4)","background-image":"","background-repeat":"repeat","background-position":"center center","background-size":"auto","background-attachment":"scroll","background-type":"","background-media":"","overlay-type":"","overlay-color":"","overlay-opacity":"","overlay-gradient":""},"tablet":{"background-color":"","background-image":"","background-repeat":"repeat","background-position":"center center","background-size":"auto","background-attachment":"scroll","background-type":"","background-media":"","overlay-type":"","overlay-color":"","overlay-opacity":"","overlay-gradient":""},"mobile":{"background-color":"","background-image":"","background-repeat":"repeat","background-position":"center center","background-size":"auto","background-attachment":"scroll","background-type":"","background-media":"","overlay-type":"","overlay-color":"","overlay-opacity":"","overlay-gradient":""}},"ast-content-background-meta":{"desktop":{"background-color":"var(--ast-global-color-5)","background-image":"","background-repeat":"repeat","background-position":"center center","background-size":"auto","background-attachment":"scroll","background-type":"","background-media":"","overlay-type":"","overlay-color":"","overlay-opacity":"","overlay-gradient":""},"tablet":{"background-color":"var(--ast-global-color-5)","background-image":"","background-repeat":"repeat","background-position":"center center","background-size":"auto","background-attachment":"scroll","background-type":"","background-media":"","overlay-type":"","overlay-color":"","overlay-opacity":"","overlay-gradient":""},"mobile":{"background-color":"var(--ast-global-color-5)","background-image":"","background-repeat":"repeat","background-position":"center center","background-size":"auto","background-attachment":"scroll","background-type":"","background-media":"","overlay-type":"","overlay-color":"","overlay-opacity":"","overlay-gradient":""}},"footnotes":""},"categories":[8],"tags":[11087,11088],"class_list":["post-31104","post","type-post","status-publish","format-standard","has-post-thumbnail","hentry","category-noticias","tag-mexicraneos","tag-parque-del-retiro"],"_links":{"self":[{"href":"https:\/\/losperiodistas.com.mx\/portal\/wp-json\/wp\/v2\/posts\/31104","targetHints":{"allow":["GET"]}}],"collection":[{"href":"https:\/\/losperiodistas.com.mx\/portal\/wp-json\/wp\/v2\/posts"}],"about":[{"href":"https:\/\/losperiodistas.com.mx\/portal\/wp-json\/wp\/v2\/types\/post"}],"author":[{"embeddable":true,"href":"https:\/\/losperiodistas.com.mx\/portal\/wp-json\/wp\/v2\/users\/1"}],"replies":[{"embeddable":true,"href":"https:\/\/losperiodistas.com.mx\/portal\/wp-json\/wp\/v2\/comments?post=31104"}],"version-history":[{"count":1,"href":"https:\/\/losperiodistas.com.mx\/portal\/wp-json\/wp\/v2\/posts\/31104\/revisions"}],"predecessor-version":[{"id":31106,"href":"https:\/\/losperiodistas.com.mx\/portal\/wp-json\/wp\/v2\/posts\/31104\/revisions\/31106"}],"wp:featuredmedia":[{"embeddable":true,"href":"https:\/\/losperiodistas.com.mx\/portal\/wp-json\/wp\/v2\/media\/31105"}],"wp:attachment":[{"href":"https:\/\/losperiodistas.com.mx\/portal\/wp-json\/wp\/v2\/media?parent=31104"}],"wp:term":[{"taxonomy":"category","embeddable":true,"href":"https:\/\/losperiodistas.com.mx\/portal\/wp-json\/wp\/v2\/categories?post=31104"},{"taxonomy":"post_tag","embeddable":true,"href":"https:\/\/losperiodistas.com.mx\/portal\/wp-json\/wp\/v2\/tags?post=31104"}],"curies":[{"name":"wp","href":"https:\/\/api.w.org\/{rel}","templated":true}]}}