{"id":31095,"date":"2022-07-01T10:45:57","date_gmt":"2022-07-01T15:45:57","guid":{"rendered":"http:\/\/losperiodistas.com.mx\/portal\/?p=31095"},"modified":"2022-07-01T10:46:01","modified_gmt":"2022-07-01T15:46:01","slug":"rosa-icela-rodriguez-la-primera-mujer-que-acompana-a-amlo-en-pase-de-revista-a-las-fuerzas-de-seguridad-el-heraldo-de-mexico","status":"publish","type":"post","link":"https:\/\/losperiodistas.com.mx\/portal\/rosa-icela-rodriguez-la-primera-mujer-que-acompana-a-amlo-en-pase-de-revista-a-las-fuerzas-de-seguridad-el-heraldo-de-mexico\/","title":{"rendered":"Rosa Icela Rodr\u00edguez, la primera mujer que acompa\u00f1a a AMLO en pase de revista a las fuerzas de seguridad | El Heraldo de M\u00e9xico"},"content":{"rendered":"\n<p><em>Ricardo Mej\u00eda Berdeja destac\u00f3 que es la primera vez que una mujer participa en revista militar<\/em><\/p>\n\n\n\n<p><\/p>\n\n\n\n<figure class=\"wp-block-image size-full\"><img fetchpriority=\"high\" decoding=\"async\" width=\"960\" height=\"540\" src=\"https:\/\/losperiodistas.com.mx\/portal\/wp-content\/uploads\/2022\/07\/f960x540-536015_610090_0.jpeg\" alt=\"\" class=\"wp-image-31096\" srcset=\"https:\/\/losperiodistas.com.mx\/portal\/wp-content\/uploads\/2022\/07\/f960x540-536015_610090_0.jpeg 960w, https:\/\/losperiodistas.com.mx\/portal\/wp-content\/uploads\/2022\/07\/f960x540-536015_610090_0-300x169.jpeg 300w, https:\/\/losperiodistas.com.mx\/portal\/wp-content\/uploads\/2022\/07\/f960x540-536015_610090_0-768x432.jpeg 768w\" sizes=\"(max-width: 960px) 100vw, 960px\" \/><figcaption><strong>Mej\u00eda Berdeja calific\u00f3 a Rosa Icela como una excelente servidora p\u00fablica, leal, honesta y comprometida.Cr\u00e9ditos: Facebook\/Ricardo Mejia Berdeja<\/strong><\/figcaption><\/figure>\n\n\n\n<p><\/p>\n\n\n\n<p class=\"has-vivid-cyan-blue-color has-text-color has-medium-font-size\">EL HERALDO DIGITAL <\/p>\n\n\n\n<p>Este jueves se llev\u00f3 a cabo el tercer aniversario de la Guardia Nacional, presidido por el presidente y Comandante Supremo de las Fuerzas Armadas, Andr\u00e9s Manuel L\u00f3pez Obrador.<\/p>\n\n\n\n<p>Al respecto, el subsecretario de Seguridad P\u00fablica,\u00a0<strong>Ricardo Mej\u00eda Berdeja<\/strong>, reconoci\u00f3\u00a0a la secretaria de Seguridad y Protecci\u00f3n Ciudadana,\u00a0<strong>Rosa Icela Rodr\u00edguez,<\/strong>\u00a0por ser la primera mujer en la historia de M\u00e9xico\u00a0que acompa\u00f1a al presidente en el pase de revista\u00a0a las fuerzas de seguridad.<\/p>\n\n\n\n<p>\u00abUn honor y un orgullo atestiguar un evento hist\u00f3rico durante el tercer aniversario de la Guardia Nacional presidido por el Presidente de la Rep\u00fablica y&nbsp;Comandante Supremo de las Fuerzas Armadas, Andr\u00e9s Manuel L\u00f3pez Obrador, al ser acompa\u00f1ado por primera vez por una mujer en el pase de revista a las fuerzas de seguridad en una instalaci\u00f3n militar, me refiero a la Secretaria de Seguridad P\u00fablica y Protecci\u00f3n Ciudadana, Rosa Icela Rodr\u00edguez, mi jefa y excelente servidora p\u00fablica siempre leal, honesta y comprometida, quien particip\u00f3 en este evento junto con el General Secretario, Luis Cresencio Sandoval, Titular de la Sedena; el Almirante Secretario Rafael Ojeda, Titular de la SEMAR y el representante del Comandante de la GN, Gral. Luis Rodr\u00edguez Bucio\u00bb, escribi\u00f3 en su cuenta de Facebook.<\/p>\n\n\n\n<figure class=\"wp-block-image\"><img decoding=\"async\" src=\"https:\/\/heraldodemexico.com.mx\/u\/fotografias\/m\/2022\/7\/1\/f768x1-536014_536141_11.jpg\" alt=\"\"\/><figcaption>Por primera vez una mujer participa en el pase de revista de las fuerzas de seguridad en M\u00e9xico. Foto: Especial<\/figcaption><\/figure>\n\n\n\n<p>Por su parte,\u00a0la secretaria de Seguridad y Protecci\u00f3n Ciudadana, Rosa Icela Rodr\u00edguez, tambi\u00e9n\u00a0felicit\u00f3 a trav\u00e9s de sus redes sociales a la Guardia Nacional por su tercer aniversario y \u00abpor trabajar con los objetivos de justicia y paz para los mexicanos\u00bb.\u00a0<\/p>\n\n\n\n<p>\u00abAcompa\u00f1amos al #PresidenteDeM\u00e9xico, @lopezobrador_, a la conmemoraci\u00f3n del Tercer Aniversario de la @GN_MEXICO_, un cuerpo de proximidad ciudadana integrado por mujeres y hombres que contribuyen a la #Construcci\u00f3nDeLaPazde nuestro pa\u00eds y se han ganado el respaldo del pueblo\u00bb, escribi\u00f3 en Twitter.<\/p>\n\n\n\n<figure class=\"wp-block-embed is-type-rich is-provider-twitter wp-block-embed-twitter\"><div class=\"wp-block-embed__wrapper\">\n<blockquote class=\"twitter-tweet\" data-width=\"500\" data-dnt=\"true\"><p lang=\"es\" dir=\"ltr\">Acompa\u00f1amos al <a href=\"https:\/\/twitter.com\/hashtag\/PresidenteDeM%C3%A9xico?src=hash&amp;ref_src=twsrc%5Etfw\">#PresidenteDeM\u00e9xico<\/a>, <a href=\"https:\/\/twitter.com\/lopezobrador_?ref_src=twsrc%5Etfw\">@lopezobrador_<\/a>,  a la conmemoraci\u00f3n del 3er aniversario de la <a href=\"https:\/\/twitter.com\/GN_MEXICO_?ref_src=twsrc%5Etfw\">@GN_MEXICO_<\/a>, un cuerpo de proximidad ciudadana integrado por mujeres y hombres que contribuyen a la <a href=\"https:\/\/twitter.com\/hashtag\/Construcci%C3%B3nDeLaPaz?src=hash&amp;ref_src=twsrc%5Etfw\">#Construcci\u00f3nDeLaPaz<\/a>\ud83d\udd4ade nuestro pa\u00eds y se han ganado el respaldo del pueblo.\ud83c\uddf2\ud83c\uddfd\ud83d\udc4f\ud83c\udffd <a href=\"https:\/\/t.co\/VFnXpOqIRe\">pic.twitter.com\/VFnXpOqIRe<\/a><\/p>&mdash; Rosa Icela Rodr\u00edguez Vel\u00e1zquez (@rosaicela_) <a href=\"https:\/\/twitter.com\/rosaicela_\/status\/1542588246936412164?ref_src=twsrc%5Etfw\">June 30, 2022<\/a><\/blockquote><script async src=\"https:\/\/platform.twitter.com\/widgets.js\" charset=\"utf-8\"><\/script>\n<\/div><\/figure>\n\n\n\n<p>Fuente: https:\/\/heraldodemexico.com.mx\/nacional\/2022\/7\/1\/rosa-icela-rodriguez-la-primera-mujer-que-acompana-amlo-en-pase-de-revista-las-fuerzas-de-seguridad-418331.html<\/p>\n","protected":false},"excerpt":{"rendered":"<p>Ricardo Mej\u00eda Berdeja destac\u00f3 que es la primera vez que una mujer participa en revista militar EL HERALDO DIGITAL Este [&hellip;]<\/p>\n","protected":false},"author":1,"featured_media":31096,"comment_status":"open","ping_status":"open","sticky":false,"template":"","format":"standard","meta":{"site-sidebar-layout":"default","site-content-layout":"","ast-site-content-layout":"default","site-content-style":"default","site-sidebar-style":"default","ast-global-header-display":"","ast-banner-title-visibility":"","ast-main-header-display":"","ast-hfb-above-header-display":"","ast-hfb-below-header-display":"","ast-hfb-mobile-header-display":"","site-post-title":"","ast-breadcrumbs-content":"","ast-featured-img":"","footer-sml-layout":"","theme-transparent-header-meta":"","adv-header-id-meta":"","stick-header-meta":"","header-above-stick-meta":"","header-main-stick-meta":"","header-below-stick-meta":"","astra-migrate-meta-layouts":"default","ast-page-background-enabled":"default","ast-page-background-meta":{"desktop":{"background-color":"var(--ast-global-color-4)","background-image":"","background-repeat":"repeat","background-position":"center center","background-size":"auto","background-attachment":"scroll","background-type":"","background-media":"","overlay-type":"","overlay-color":"","overlay-opacity":"","overlay-gradient":""},"tablet":{"background-color":"","background-image":"","background-repeat":"repeat","background-position":"center center","background-size":"auto","background-attachment":"scroll","background-type":"","background-media":"","overlay-type":"","overlay-color":"","overlay-opacity":"","overlay-gradient":""},"mobile":{"background-color":"","background-image":"","background-repeat":"repeat","background-position":"center center","background-size":"auto","background-attachment":"scroll","background-type":"","background-media":"","overlay-type":"","overlay-color":"","overlay-opacity":"","overlay-gradient":""}},"ast-content-background-meta":{"desktop":{"background-color":"var(--ast-global-color-5)","background-image":"","background-repeat":"repeat","background-position":"center center","background-size":"auto","background-attachment":"scroll","background-type":"","background-media":"","overlay-type":"","overlay-color":"","overlay-opacity":"","overlay-gradient":""},"tablet":{"background-color":"var(--ast-global-color-5)","background-image":"","background-repeat":"repeat","background-position":"center center","background-size":"auto","background-attachment":"scroll","background-type":"","background-media":"","overlay-type":"","overlay-color":"","overlay-opacity":"","overlay-gradient":""},"mobile":{"background-color":"var(--ast-global-color-5)","background-image":"","background-repeat":"repeat","background-position":"center center","background-size":"auto","background-attachment":"scroll","background-type":"","background-media":"","overlay-type":"","overlay-color":"","overlay-opacity":"","overlay-gradient":""}},"footnotes":""},"categories":[8],"tags":[2127,6167,3262,11082],"class_list":["post-31095","post","type-post","status-publish","format-standard","has-post-thumbnail","hentry","category-noticias","tag-guardia-nacional","tag-rosa-icela-rodriguez","tag-sedena","tag-semar"],"_links":{"self":[{"href":"https:\/\/losperiodistas.com.mx\/portal\/wp-json\/wp\/v2\/posts\/31095","targetHints":{"allow":["GET"]}}],"collection":[{"href":"https:\/\/losperiodistas.com.mx\/portal\/wp-json\/wp\/v2\/posts"}],"about":[{"href":"https:\/\/losperiodistas.com.mx\/portal\/wp-json\/wp\/v2\/types\/post"}],"author":[{"embeddable":true,"href":"https:\/\/losperiodistas.com.mx\/portal\/wp-json\/wp\/v2\/users\/1"}],"replies":[{"embeddable":true,"href":"https:\/\/losperiodistas.com.mx\/portal\/wp-json\/wp\/v2\/comments?post=31095"}],"version-history":[{"count":1,"href":"https:\/\/losperiodistas.com.mx\/portal\/wp-json\/wp\/v2\/posts\/31095\/revisions"}],"predecessor-version":[{"id":31097,"href":"https:\/\/losperiodistas.com.mx\/portal\/wp-json\/wp\/v2\/posts\/31095\/revisions\/31097"}],"wp:featuredmedia":[{"embeddable":true,"href":"https:\/\/losperiodistas.com.mx\/portal\/wp-json\/wp\/v2\/media\/31096"}],"wp:attachment":[{"href":"https:\/\/losperiodistas.com.mx\/portal\/wp-json\/wp\/v2\/media?parent=31095"}],"wp:term":[{"taxonomy":"category","embeddable":true,"href":"https:\/\/losperiodistas.com.mx\/portal\/wp-json\/wp\/v2\/categories?post=31095"},{"taxonomy":"post_tag","embeddable":true,"href":"https:\/\/losperiodistas.com.mx\/portal\/wp-json\/wp\/v2\/tags?post=31095"}],"curies":[{"name":"wp","href":"https:\/\/api.w.org\/{rel}","templated":true}]}}