{"id":31088,"date":"2022-07-01T10:07:48","date_gmt":"2022-07-01T15:07:48","guid":{"rendered":"http:\/\/losperiodistas.com.mx\/portal\/?p=31088"},"modified":"2022-07-01T10:07:50","modified_gmt":"2022-07-01T15:07:50","slug":"cuauhtemoc-cardenas-arremetio-contra-aspirantes-presidenciales-ninguno-propone-ningun-cambio-infobae","status":"publish","type":"post","link":"https:\/\/losperiodistas.com.mx\/portal\/cuauhtemoc-cardenas-arremetio-contra-aspirantes-presidenciales-ninguno-propone-ningun-cambio-infobae\/","title":{"rendered":"Cuauht\u00e9moc C\u00e1rdenas arremeti\u00f3 contra aspirantes presidenciales: \u201cNinguno propone ning\u00fan cambio\u201d | Infobae"},"content":{"rendered":"\n<p><em>El ex funcionario mexicano asegur\u00f3 que para ganar simpatizantes deben mostrar propuestas claras en lo econ\u00f3mico, pol\u00edtico, electoral, la violencia y la igualdad<\/em><\/p>\n\n\n\n<p><\/p>\n\n\n\n<figure class=\"wp-block-image size-large\"><img fetchpriority=\"high\" decoding=\"async\" width=\"1024\" height=\"683\" src=\"https:\/\/losperiodistas.com.mx\/portal\/wp-content\/uploads\/2022\/07\/66XYGHTZCNC7DNUQCAOM7VU5SU-1024x683.jpg\" alt=\"\" class=\"wp-image-31089\" srcset=\"https:\/\/losperiodistas.com.mx\/portal\/wp-content\/uploads\/2022\/07\/66XYGHTZCNC7DNUQCAOM7VU5SU-1024x683.jpg 1024w, https:\/\/losperiodistas.com.mx\/portal\/wp-content\/uploads\/2022\/07\/66XYGHTZCNC7DNUQCAOM7VU5SU-300x200.jpg 300w, https:\/\/losperiodistas.com.mx\/portal\/wp-content\/uploads\/2022\/07\/66XYGHTZCNC7DNUQCAOM7VU5SU-768x512.jpg 768w, https:\/\/losperiodistas.com.mx\/portal\/wp-content\/uploads\/2022\/07\/66XYGHTZCNC7DNUQCAOM7VU5SU.jpg 1440w\" sizes=\"(max-width: 1024px) 100vw, 1024px\" \/><figcaption>El ex candidato presidencial Cuauht\u00e9moc C\u00e1rdenas llam\u00f3 a presentar proyectos de naci\u00f3n que aborden temas econ\u00f3micos, electorales, sociales, etc\u00e9tera y que no todo quede en aspiraciones FOTO: ISABEL MATEOS \/CUARTOSCURO.COM<\/figcaption><\/figure>\n\n\n\n<p><\/p>\n\n\n\n<p class=\"has-vivid-cyan-blue-color has-text-color has-medium-font-size\">INFOBAE<\/p>\n\n\n\n<p>Cuauht\u00e9moc C\u00e1rdenas, ex jefe de gobierno de la Ciudad de M\u00e9xico, hizo un llamado a los partidos pol\u00edticos o a los aspirantes presidenciales a presentar una verdadera propuesta de cambio rumbo a la presidencia, y&nbsp;<strong>que no se queden \u00fanicamente en las palabras o en las publicaciones de redes sociales.<\/strong><\/p>\n\n\n\n<p>Cuauht\u00e9moc C\u00e1rdenas, quien fuera candidato presidencial por el Frente Democr\u00e1tico Nacional en 1988 y el Partido de la Revoluci\u00f3n Democr\u00e1tica (PRD) en los procesos electorales del a\u00f1o 1994 y el a\u00f1o 2000,\u00a0<strong>present\u00f3 su reciente libro\u00a0<\/strong><em>Por una Democracia Progresista.<\/em><\/p>\n\n\n\n<p>Sin embargo, durante la cita en el Colegio de San Ildefonso, en el Anfiteatro Sim\u00f3n Bol\u00edvar, aprovech\u00f3 para lanzar algunas&nbsp;<strong>cr\u00edticas en contra de las personas que se han destapado rumbo a las elecciones presidenciales de 2024<\/strong>, incluidos los morenistas que abiertamente se asumieron como las \u201ccorcholatas\u201d de la Cuarta Transformaci\u00f3n.<\/p>\n\n\n\n<p>De manera espec\u00edfica, y sin puntualizar sobre partidos, colores o incluso nombres, asegur\u00f3 que ninguno de ellos \u201cest\u00e1 proponiendo ning\u00fan cambio\u201d concreto en \u00e1mbitos como<strong>&nbsp;el modelo econ\u00f3mico mexicano, en institucionalidad pol\u00edtica<\/strong>&nbsp;y por \u00faltimo, en la configuraci\u00f3n de la sociedad.<img decoding=\"async\" alt=\"Cuauht\u00e9moc C\u00e1rdenas asegur\u00f3 que antes de lanzarse por un favorito rumbo a 2024, analizar\u00e1 las propuestas que los candidatos o prospectos a candidatos presenten\n\nFOTO: ENRIQUE ORD\u00d3\u00d1EZ \/CUARTOSCURO.COM\" height=\"1280\" width=\"1920\" class=\"\" src=\"https:\/\/cloudfront-us-east-1.images.arcpublishing.com\/infobae\/DSPF7AIHAVD4NJIIQNLMAYRJ54.jpeg\" srcset=\"https:\/\/www.infobae.com\/new-resizer\/rw9mm0Qi83A5cnjUYHY8y3-vjwc=\/420x280\/filters:format(webp):quality(85)\/cloudfront-us-east-1.images.arcpublishing.com\/infobae\/DSPF7AIHAVD4NJIIQNLMAYRJ54.jpeg 420w,https:\/\/www.infobae.com\/new-resizer\/FXRNlm_zXzhjPP9X4gmxCJYYrfg=\/768x512\/filters:format(webp):quality(85)\/cloudfront-us-east-1.images.arcpublishing.com\/infobae\/DSPF7AIHAVD4NJIIQNLMAYRJ54.jpeg 768w,https:\/\/www.infobae.com\/new-resizer\/xPQOsLCU30m1zDVJrZMaD0qPCzc=\/992x661\/filters:format(webp):quality(85)\/cloudfront-us-east-1.images.arcpublishing.com\/infobae\/DSPF7AIHAVD4NJIIQNLMAYRJ54.jpeg 992w,https:\/\/www.infobae.com\/new-resizer\/6QspykBHI1Qr4L2HIiK7Z-KIo1I=\/1200x800\/filters:format(webp):quality(85)\/cloudfront-us-east-1.images.arcpublishing.com\/infobae\/DSPF7AIHAVD4NJIIQNLMAYRJ54.jpeg 1200w,https:\/\/www.infobae.com\/new-resizer\/4pNkMZPyisHYb25otf63Cidgmr4=\/1440x960\/filters:format(webp):quality(85)\/cloudfront-us-east-1.images.arcpublishing.com\/infobae\/DSPF7AIHAVD4NJIIQNLMAYRJ54.jpeg 1440w\">Cuauht\u00e9moc C\u00e1rdenas asegur\u00f3 que antes de lanzarse por un favorito rumbo a 2024, analizar\u00e1 las propuestas que los candidatos o prospectos a candidatos presenten FOTO: ENRIQUE ORD\u00d3\u00d1EZ \/CUARTOSCURO.COM<\/p>\n\n\n\n<p>Por ello, convoc\u00f3 a todos los interesados en ocupar la silla presidencial que Andr\u00e9s Manuel L\u00f3pez Obrador dejar\u00e1 vacante a&nbsp;<strong>publicar no solo sus dichos e improperios, sino una propuesta de car\u00e1cter electoral, pol\u00edtico, entre otros.<\/strong><\/p>\n\n\n\n<p>\u201cYo lo que no veo son las propuestas de los partidos pol\u00edticos en este momento. Todos tienen desde su programa y su declaraci\u00f3n de principios, pero me parece que tendr\u00edan que estarse planteando una propuesta\u201d, advirti\u00f3 el ex funcionario p\u00fablico.<\/p>\n\n\n\n<p>Asegur\u00f3 que para simpatizar con la gente, y as\u00ed tener la oportunidad de ganar al electorado, es necesario que digan y dejen claro por qu\u00e9 aspiran a la presidencia de M\u00e9xico, lo que proponen,&nbsp;<strong>para qu\u00e9 quieren el voto o por qu\u00e9 deber\u00edamos d\u00e1rselo.<\/strong><\/p>\n\n\n\n<p>Por \u00faltimo, asegur\u00f3 que el candidato que mejor represente a la gente, y quien le entre a \u201ctodo\u201d,<strong>&nbsp;desde lo econ\u00f3mico, la violencia, la inseguridad, cuestiones ambientales y todo \u201clo que quiere decir igualdad<\/strong>\u201d, entonces tendr\u00e1 ventaja sobre sus adversarios.<img decoding=\"async\" alt=\"Cuauht\u00e9moc C\u00e1rdenas asegur\u00f3 que antes de tener aspiraciones pol\u00edticas, es necesario presentar un proyecto de naci\u00f3n y que no todo se quede en las palabras o en las redes sociales\n\nFOTO: ALAN ORTEGA \/CUARTOSCURO.COM\" height=\"848\" width=\"1280\" class=\"\" src=\"https:\/\/cloudfront-us-east-1.images.arcpublishing.com\/infobae\/CYXSBKAC2VHY7NKHFVGNPUXPDY.jpeg\" srcset=\"https:\/\/www.infobae.com\/new-resizer\/175aWZOTvCiCE-W0edVhx8zZxWw=\/420x280\/filters:format(webp):quality(85)\/cloudfront-us-east-1.images.arcpublishing.com\/infobae\/CYXSBKAC2VHY7NKHFVGNPUXPDY.jpeg 420w,https:\/\/www.infobae.com\/new-resizer\/4vRazFMx50dveRUulmWWX5Xl-sc=\/768x512\/filters:format(webp):quality(85)\/cloudfront-us-east-1.images.arcpublishing.com\/infobae\/CYXSBKAC2VHY7NKHFVGNPUXPDY.jpeg 768w,https:\/\/www.infobae.com\/new-resizer\/9ng9xJ3k8qj6F2jzJVGXbl3raP4=\/992x661\/filters:format(webp):quality(85)\/cloudfront-us-east-1.images.arcpublishing.com\/infobae\/CYXSBKAC2VHY7NKHFVGNPUXPDY.jpeg 992w,https:\/\/www.infobae.com\/new-resizer\/nfcIck_wO6koIr22f3PkZGYkAPM=\/1200x800\/filters:format(webp):quality(85)\/cloudfront-us-east-1.images.arcpublishing.com\/infobae\/CYXSBKAC2VHY7NKHFVGNPUXPDY.jpeg 1200w,https:\/\/www.infobae.com\/new-resizer\/0ZPK_2o25sI8N_kSByUq4Y1tlqU=\/1440x960\/filters:format(webp):quality(85)\/cloudfront-us-east-1.images.arcpublishing.com\/infobae\/CYXSBKAC2VHY7NKHFVGNPUXPDY.jpeg 1440w\">Cuauht\u00e9moc C\u00e1rdenas asegur\u00f3 que antes de tener aspiraciones pol\u00edticas, es necesario presentar un proyecto de naci\u00f3n y que no todo se quede en las palabras o en las redes sociales FOTO: ALAN ORTEGA \/CUARTOSCURO.COM<\/p>\n\n\n\n<h2 class=\"wp-block-heading\">Cuauht\u00e9moc C\u00e1rdenas no ve proyectos pol\u00edticos eficientes en M\u00e9xico<\/h2>\n\n\n\n<p>Este escenario se dio unos meses despu\u00e9s de que el ex candidato a la presidencia revelara que no es af\u00edn a la Cuarta Transformaci\u00f3n emprendida por Andr\u00e9s Manuel L\u00f3pez Obrador, pues<a href=\"https:\/\/www.infobae.com\/america\/mexico\/2022\/05\/27\/no-se-que-es-la-4t-cuauhtemoc-cardenas-critico-el-proyecto-de-nacion-de-amlo\/\" target=\"_blank\" rel=\"noreferrer noopener\"><strong>&nbsp;cuando se le cuestiona al respecto, todav\u00eda no sabe lo que significa.<\/strong><\/a><\/p>\n\n\n\n<p>El michoacano detall\u00f3 que en el actual M\u00e9xico parece que, elecci\u00f3n tras elecci\u00f3n,&nbsp;<strong>\u00fanicamente se llevan a cabo improvisaciones y ocurrencias<\/strong>, en lugar de perfilar proyectos que tengan como gu\u00eda la protecci\u00f3n del estado de derecho mediante objetivos y metas similares.<\/p>\n\n\n\n<p>Entonces tambi\u00e9n realizaba la presentaci\u00f3n de su libro al p\u00fablico, y fue cuestionado sobre los proyectos pol\u00edticos que persiguen las alianzas actualmente. En respuesta, dijo, existe una falta de continuidad en el pa\u00eds, pues se\u00f1al\u00f3 que<strong>&nbsp;no se ha logrado consolidar ninguno<\/strong>&nbsp;en los \u00faltimos a\u00f1os.<\/p>\n\n\n\n<p>Incluso consider\u00f3 que desde la Cuarta Transformaci\u00f3n del Movimiento Regeneraci\u00f3n Nacional han faltado propuestas y programas sociales que realmente hagan frente al rezago social, a las crisis de violencia, la inseguridad, entre otros rubros que parecieran abandonados.<\/p>\n\n\n\n<p>En ese momento, como ahora, se neg\u00f3 a entregar un perfil o a mostrar su favoritismo por una persona rumbo a las elecciones de 2021, pues asegur\u00f3 que primero debe analizar las propuestas que \u00e9ste tiene para con la naci\u00f3n.<\/p>\n\n\n\n<p>Fuente: https:\/\/www.infobae.com\/america\/mexico\/2022\/07\/01\/cuauhtemoc-cardenas-arremetio-contra-aspirantes-presidenciales-ninguno-propone-ningun-cambio\/<\/p>\n","protected":false},"excerpt":{"rendered":"<p>El ex funcionario mexicano asegur\u00f3 que para ganar simpatizantes deben mostrar propuestas claras en lo econ\u00f3mico, pol\u00edtico, electoral, la violencia [&hellip;]<\/p>\n","protected":false},"author":1,"featured_media":31089,"comment_status":"open","ping_status":"open","sticky":false,"template":"","format":"standard","meta":{"site-sidebar-layout":"default","site-content-layout":"","ast-site-content-layout":"default","site-content-style":"default","site-sidebar-style":"default","ast-global-header-display":"","ast-banner-title-visibility":"","ast-main-header-display":"","ast-hfb-above-header-display":"","ast-hfb-below-header-display":"","ast-hfb-mobile-header-display":"","site-post-title":"","ast-breadcrumbs-content":"","ast-featured-img":"","footer-sml-layout":"","theme-transparent-header-meta":"","adv-header-id-meta":"","stick-header-meta":"","header-above-stick-meta":"","header-main-stick-meta":"","header-below-stick-meta":"","astra-migrate-meta-layouts":"default","ast-page-background-enabled":"default","ast-page-background-meta":{"desktop":{"background-color":"var(--ast-global-color-4)","background-image":"","background-repeat":"repeat","background-position":"center center","background-size":"auto","background-attachment":"scroll","background-type":"","background-media":"","overlay-type":"","overlay-color":"","overlay-opacity":"","overlay-gradient":""},"tablet":{"background-color":"","background-image":"","background-repeat":"repeat","background-position":"center center","background-size":"auto","background-attachment":"scroll","background-type":"","background-media":"","overlay-type":"","overlay-color":"","overlay-opacity":"","overlay-gradient":""},"mobile":{"background-color":"","background-image":"","background-repeat":"repeat","background-position":"center center","background-size":"auto","background-attachment":"scroll","background-type":"","background-media":"","overlay-type":"","overlay-color":"","overlay-opacity":"","overlay-gradient":""}},"ast-content-background-meta":{"desktop":{"background-color":"var(--ast-global-color-5)","background-image":"","background-repeat":"repeat","background-position":"center center","background-size":"auto","background-attachment":"scroll","background-type":"","background-media":"","overlay-type":"","overlay-color":"","overlay-opacity":"","overlay-gradient":""},"tablet":{"background-color":"var(--ast-global-color-5)","background-image":"","background-repeat":"repeat","background-position":"center center","background-size":"auto","background-attachment":"scroll","background-type":"","background-media":"","overlay-type":"","overlay-color":"","overlay-opacity":"","overlay-gradient":""},"mobile":{"background-color":"var(--ast-global-color-5)","background-image":"","background-repeat":"repeat","background-position":"center center","background-size":"auto","background-attachment":"scroll","background-type":"","background-media":"","overlay-type":"","overlay-color":"","overlay-opacity":"","overlay-gradient":""}},"footnotes":""},"categories":[8],"tags":[1619,5486,11079,11080],"class_list":["post-31088","post","type-post","status-publish","format-standard","has-post-thumbnail","hentry","category-noticias","tag-cuauhtemoc-cardenas","tag-elecciones-2024","tag-por-una-democracia-progresista","tag-propuestas-electorales-mexico"],"_links":{"self":[{"href":"https:\/\/losperiodistas.com.mx\/portal\/wp-json\/wp\/v2\/posts\/31088","targetHints":{"allow":["GET"]}}],"collection":[{"href":"https:\/\/losperiodistas.com.mx\/portal\/wp-json\/wp\/v2\/posts"}],"about":[{"href":"https:\/\/losperiodistas.com.mx\/portal\/wp-json\/wp\/v2\/types\/post"}],"author":[{"embeddable":true,"href":"https:\/\/losperiodistas.com.mx\/portal\/wp-json\/wp\/v2\/users\/1"}],"replies":[{"embeddable":true,"href":"https:\/\/losperiodistas.com.mx\/portal\/wp-json\/wp\/v2\/comments?post=31088"}],"version-history":[{"count":1,"href":"https:\/\/losperiodistas.com.mx\/portal\/wp-json\/wp\/v2\/posts\/31088\/revisions"}],"predecessor-version":[{"id":31090,"href":"https:\/\/losperiodistas.com.mx\/portal\/wp-json\/wp\/v2\/posts\/31088\/revisions\/31090"}],"wp:featuredmedia":[{"embeddable":true,"href":"https:\/\/losperiodistas.com.mx\/portal\/wp-json\/wp\/v2\/media\/31089"}],"wp:attachment":[{"href":"https:\/\/losperiodistas.com.mx\/portal\/wp-json\/wp\/v2\/media?parent=31088"}],"wp:term":[{"taxonomy":"category","embeddable":true,"href":"https:\/\/losperiodistas.com.mx\/portal\/wp-json\/wp\/v2\/categories?post=31088"},{"taxonomy":"post_tag","embeddable":true,"href":"https:\/\/losperiodistas.com.mx\/portal\/wp-json\/wp\/v2\/tags?post=31088"}],"curies":[{"name":"wp","href":"https:\/\/api.w.org\/{rel}","templated":true}]}}