{"id":31085,"date":"2022-07-01T10:00:24","date_gmt":"2022-07-01T15:00:24","guid":{"rendered":"http:\/\/losperiodistas.com.mx\/portal\/?p=31085"},"modified":"2022-07-01T10:00:26","modified_gmt":"2022-07-01T15:00:26","slug":"el-papa-francisco-latinoamerica-sera-victima-hasta-que-no-se-libere-de-imperialismos-explotadores-el-pais","status":"publish","type":"post","link":"https:\/\/losperiodistas.com.mx\/portal\/el-papa-francisco-latinoamerica-sera-victima-hasta-que-no-se-libere-de-imperialismos-explotadores-el-pais\/","title":{"rendered":"El papa Francisco: \u201cLatinoam\u00e9rica ser\u00e1 v\u00edctima hasta que no se libere de imperialismos explotadores\u201d | El Pa\u00eds"},"content":{"rendered":"\n<p><em>En una extensa entrevista con la agencia argentina de noticias \u2018T\u00e9lam\u2019, el pont\u00edfice habla del \u201csue\u00f1o de San Mart\u00edn y Bol\u00edvar\u201d y convoca a la unidad regional<\/em><\/p>\n\n\n\n<p><\/p>\n\n\n\n<figure class=\"wp-block-image size-full\"><img fetchpriority=\"high\" decoding=\"async\" width=\"828\" height=\"466\" src=\"https:\/\/losperiodistas.com.mx\/portal\/wp-content\/uploads\/2022\/07\/PR5JYS4WGFC5NCDTKJHIHJYNJY.jpeg\" alt=\"\" class=\"wp-image-31086\" srcset=\"https:\/\/losperiodistas.com.mx\/portal\/wp-content\/uploads\/2022\/07\/PR5JYS4WGFC5NCDTKJHIHJYNJY.jpeg 828w, https:\/\/losperiodistas.com.mx\/portal\/wp-content\/uploads\/2022\/07\/PR5JYS4WGFC5NCDTKJHIHJYNJY-300x169.jpeg 300w, https:\/\/losperiodistas.com.mx\/portal\/wp-content\/uploads\/2022\/07\/PR5JYS4WGFC5NCDTKJHIHJYNJY-768x432.jpeg 768w\" sizes=\"(max-width: 828px) 100vw, 828px\" \/><figcaption>El Papa Francisco dirige una misa el 29 de junio de 2022, en la Bas\u00edlica de San Pedro.GETTY<\/figcaption><\/figure>\n\n\n\n<p><\/p>\n\n\n\n<p class=\"has-vivid-cyan-blue-color has-text-color has-medium-font-size\">FEDERICO RIVAS MOLINA \/ Buenos Aires \/ EL PA\u00cdS<\/p>\n\n\n\n<p>El papa Francisco hizo una firme defensa del perfil \u201cpopular\u201d de la Iglesia latinoamericana y su papel emancipador en una regi\u00f3n que, consider\u00f3, \u201cser\u00e1 v\u00edctima hasta que no se termine de liberar de imperialismos explotadores\u201d. En una entrevista de alto contenido pol\u00edtico, concedida en Santa Marta la semana pasada a<a href=\"https:\/\/www.telam.com.ar\/\" target=\"_blank\" rel=\"noreferrer noopener\">&nbsp;la agencia argentina de noticias&nbsp;<em>T\u00e9lam<\/em><\/a>, el pont\u00edfice evit\u00f3 mencionar a esos \u201cexplotadores\u201d porque, dijo, \u201cson tan obvios que todo el mundo los ve\u201d. E invit\u00f3 a Am\u00e9rica Latina a pensarse \u201cdesde la periferia\u201d para cumplir el \u201csue\u00f1o de unidad de San Mart\u00edn y Bol\u00edvar\u201d.<\/p>\n\n\n\n<p>\u201cMe llam\u00f3 la atenci\u00f3n una conferencia que escuch\u00e9 de Amelia Podetti, una fil\u00f3sofa que ya falleci\u00f3, en la que dijo: \u2018Europa vio el Universo cuando Magallanes lleg\u00f3 al Sur\u2019. O sea, desde la periferia m\u00e1s grande, se entendi\u00f3 a s\u00ed misma. La periferia nos hace entender el centro. Podr\u00e1n estar de acuerdo o no, pero si vos quer\u00e9s saber lo que siente un pueblo, and\u00e1 a la periferia. Las periferias existenciales, no s\u00f3lo las sociales. Y ah\u00ed se muestra el pueblo\u201d, dijo el Papa.<\/p>\n\n\n\n<p>En esa periferia est\u00e1 Am\u00e9rica Latina, ese sitio donde \u201cse ve la verdadera realidad\u201d, seg\u00fan Francisco. La regi\u00f3n tiene entonces el desaf\u00edo de construir desde all\u00ed la unidad y \u201cliberarse de los imperialismos\u201d. \u201cLatinoam\u00e9rica todav\u00eda est\u00e1 en ese camino lento, de lucha, del sue\u00f1o de San Mart\u00edn y Bol\u00edvar por la unidad de la regi\u00f3n. El sue\u00f1o de San Mart\u00edn y Bol\u00edvar es una profec\u00eda, ese encuentro de todo el pueblo latinoamericano m\u00e1s all\u00e1 de la ideolog\u00eda. Esto es lo que hay que trabajar para lograr la unidad latinoamericana\u201d, dijo Francisco a&nbsp;<em>T\u00e9lam<\/em>.<\/p>\n\n\n\n<p>Nacido en Argentina hace 85 a\u00f1os, Francisco se convirti\u00f3 el 13 de marzo de 2013 en el primer Papa latinoamericano. Desde entonces no ha vuelto a su pa\u00eds, pero ha visitado Brasil -su primer viaje al exterior, en julio de aquel mismo a\u00f1o-, Ecuador, Bolivia, Paraguay, Cuba,&nbsp;<a href=\"https:\/\/elpais.com\/mexico\/2022-06-22\/el-papa-francisco-condena-el-crimen-de-los-sacerdotes-jesuitascuantos-asesinatos-en-mexico.html\">M\u00e9xico&nbsp;<\/a>y Colombia. En todos esos pa\u00edses la Iglesia Cat\u00f3lica est\u00e1 fuerte porque, dijo Francisco, \u201ctiene una historia de cercan\u00eda al pueblo muy grande\u201d: \u201cEs una Iglesia popular, en el sentido real de la palabra. Es una Iglesia que se desnaturaliz\u00f3 cuando el pueblo no pod\u00eda expresarse y termin\u00f3 siendo una Iglesia de capataces de estancia, con los agentes pastorales que mandaban\u201d. \u201cLa Iglesia latinoamericana tiene aspectos de sujeci\u00f3n ideol\u00f3gica en algunos casos. Los ha habido y los seguir\u00e1 habiendo porque eso es una limitaci\u00f3n humana\u201d, agreg\u00f3 el Papa, \u201cpero es una Iglesia que pudo y puede expresar cada vez mejor su organizaci\u00f3n popular\u201d.<\/p>\n\n\n\n<figure class=\"wp-block-image\"><img decoding=\"async\" src=\"https:\/\/imagenes.elpais.com\/resizer\/EMe1tT5YaetnTz3_vbzV8zc-kFg=\/414x0\/cloudfront-eu-central-1.images.arcpublishing.com\/prisa\/MGRJB4SOTJE4NFUQHSFWDDPBTY.JPG\" alt=\"El papa Francisco durante la entrevista con la agencia T\u00e9lam.\"\/><figcaption>El papa Francisco durante la entrevista con la agencia T\u00e9lam.T\u00c9LAM<\/figcaption><\/figure>\n\n\n\n<p>Francisco habl\u00f3 durante m\u00e1s de una hora y media y se mostr\u00f3 francamente recuperado de su artrosis en la rodilla derecha, el mal que lo oblig\u00f3 a suspender una gira prevista para principios de julio por Rep\u00fablica Democr\u00e1tica del Congo y Sud\u00e1n del Sur. La suspensi\u00f3n&nbsp;<a href=\"https:\/\/elpais.com\/internacional\/2022-06-19\/la-salud-del-papa-desata-la-rumorologia-vaticana.html\">dispar\u00f3 los rumores de una posible renuncia.&nbsp;<\/a>Consultado por&nbsp;<em>T\u00e9lam<\/em>&nbsp;si a\u00fan hab\u00eda \u201cPapa para rato\u201d, opt\u00f3 por una respuesta casi de protocolo: \u201cQue lo diga el de arriba\u201d. Se mostr\u00f3, sin embargo, muy animado durante la charla. Habl\u00f3 de la guerra en Ucrania, la necesidad de acercar la pol\u00edtica a los j\u00f3venes y del fin de la pandemia. \u201cNo podemos volver a la falsa seguridad de las estructuras pol\u00edticas y econ\u00f3micas que ten\u00edamos antes [de la covid-19]. As\u00ed como digo que de la crisis no se sale igual, sino que se sale mejor o peor, tambi\u00e9n digo que de la crisis no se sale solo. O salimos todos o no sale ninguno\u201d, dijo Francisco.<\/p>\n\n\n\n<p>El Papa es consciente del poder de su voz \u201cdisonante\u201d, como la defini\u00f3, pero tambi\u00e9n critic\u00f3 lo que consider\u00f3 la manipulaci\u00f3n medi\u00e1tica de sus palabras. \u201cSi hablo yo todos dicen \u201chabl\u00f3 el Papa y dijo esto\u201d. Pero tambi\u00e9n es cierto que te agarran una frase fuera de contexto y te hacen asegurar lo que no quisiste decir. Por ejemplo, con la guerra hubo toda una disputa por una declaraci\u00f3n que hice en una revista jesuita: dije \u201caqu\u00ed no hay buenos ni malos\u201d y expliqu\u00e9 por qu\u00e9. Pero se tom\u00f3 esa frase sola y dijeron&nbsp;<a href=\"https:\/\/elpais.com\/internacional\/2022-06-14\/el-papa-francisco-afirma-que-la-guerra-de-ucrania-tal-vez-fue-provocada-o-no-evitada.html\">\u2018\u00a1el Papa no condena a Putin!\u2019<\/a>. La realidad es que el estado de guerra es algo mucho m\u00e1s universal, m\u00e1s serio, y aqu\u00ed no hay buenos ni malos. Todos estamos involucrados y eso es lo que tenemos que aprender\u201d, dijo. Llam\u00f3 entonces a reconsiderar el concepto de \u201cguerra justa\u201d, aquella que justifica la reacci\u00f3n la v\u00edctima: \u201cPuede haber una guerra justa, hay derecho a defenderse, pero como se usa hoy d\u00eda ese concepto hay que repensarlo. Yo he declarado que el uso y la posesi\u00f3n de armas nucleares es inmoral. Resolver las cosas con una guerra es decirle no a la capacidad de di\u00e1logo\u201d.<\/p>\n\n\n\n<p>Jorge Bergoglio cumplir\u00e1 el a\u00f1o pr\u00f3ximo diez a\u00f1os como Papa. \u201cBergoglio nunca se imagin\u00f3 que iba a terminar aqu\u00ed. Nunca\u201d, dijo. Y record\u00f3 c\u00f3mo fue aquel d\u00eda de la elecci\u00f3n. \u201cYo vine al Vaticano con una valijita, con lo puesto y un poquito m\u00e1s. M\u00e1s a\u00fan: dej\u00e9 preparados en Buenos Aires los sermones para el Domingo de Ramos. Pens\u00e9: ning\u00fan Papa va a asumir el Domingo de Ramos, as\u00ed que yo el s\u00e1bado viajo de vuelta a casa. O sea, nunca me imagin\u00e9 que iba a estar ac\u00e1\u201d. \u201c\u00bfY c\u00f3mo mirar\u00eda Bergoglio al Papa?\u201d, le pregunt\u00f3&nbsp;<em>T\u00e9lam.<\/em>&nbsp;\u201cYo creo que en el fondo dir\u00eda \u2018\u00a1Pobre tipo! \u00a1La que te toc\u00f3!\u2019. Pero no es tan tr\u00e1gico ser Papa\u201d.<\/p>\n\n\n\n<p><a href=\"https:\/\/plus.elpais.com\/newsletters\/lnp\/1\/346\"><strong>Suscr\u00edbase aqu\u00ed<\/strong><\/a>a la newsletter de EL PA\u00cdS Am\u00e9rica y reciba todas las claves informativas de la actualidad de la regi\u00f3n.<\/p>\n\n\n\n<p>Fuente: https:\/\/elpais.com\/argentina\/2022-07-01\/el-papa-francisco-latinoamerica-sera-victima-hasta-que-no-se-libere-de-imperialismos-explotadores.html<\/p>\n","protected":false},"excerpt":{"rendered":"<p>En una extensa entrevista con la agencia argentina de noticias \u2018T\u00e9lam\u2019, el pont\u00edfice habla del \u201csue\u00f1o de San Mart\u00edn y [&hellip;]<\/p>\n","protected":false},"author":1,"featured_media":31086,"comment_status":"open","ping_status":"open","sticky":false,"template":"","format":"standard","meta":{"site-sidebar-layout":"default","site-content-layout":"","ast-site-content-layout":"default","site-content-style":"default","site-sidebar-style":"default","ast-global-header-display":"","ast-banner-title-visibility":"","ast-main-header-display":"","ast-hfb-above-header-display":"","ast-hfb-below-header-display":"","ast-hfb-mobile-header-display":"","site-post-title":"","ast-breadcrumbs-content":"","ast-featured-img":"","footer-sml-layout":"","theme-transparent-header-meta":"","adv-header-id-meta":"","stick-header-meta":"","header-above-stick-meta":"","header-main-stick-meta":"","header-below-stick-meta":"","astra-migrate-meta-layouts":"default","ast-page-background-enabled":"default","ast-page-background-meta":{"desktop":{"background-color":"var(--ast-global-color-4)","background-image":"","background-repeat":"repeat","background-position":"center center","background-size":"auto","background-attachment":"scroll","background-type":"","background-media":"","overlay-type":"","overlay-color":"","overlay-opacity":"","overlay-gradient":""},"tablet":{"background-color":"","background-image":"","background-repeat":"repeat","background-position":"center center","background-size":"auto","background-attachment":"scroll","background-type":"","background-media":"","overlay-type":"","overlay-color":"","overlay-opacity":"","overlay-gradient":""},"mobile":{"background-color":"","background-image":"","background-repeat":"repeat","background-position":"center center","background-size":"auto","background-attachment":"scroll","background-type":"","background-media":"","overlay-type":"","overlay-color":"","overlay-opacity":"","overlay-gradient":""}},"ast-content-background-meta":{"desktop":{"background-color":"var(--ast-global-color-5)","background-image":"","background-repeat":"repeat","background-position":"center center","background-size":"auto","background-attachment":"scroll","background-type":"","background-media":"","overlay-type":"","overlay-color":"","overlay-opacity":"","overlay-gradient":""},"tablet":{"background-color":"var(--ast-global-color-5)","background-image":"","background-repeat":"repeat","background-position":"center center","background-size":"auto","background-attachment":"scroll","background-type":"","background-media":"","overlay-type":"","overlay-color":"","overlay-opacity":"","overlay-gradient":""},"mobile":{"background-color":"var(--ast-global-color-5)","background-image":"","background-repeat":"repeat","background-position":"center center","background-size":"auto","background-attachment":"scroll","background-type":"","background-media":"","overlay-type":"","overlay-color":"","overlay-opacity":"","overlay-gradient":""}},"footnotes":""},"categories":[8],"tags":[11077,4046,196,11078],"class_list":["post-31085","post","type-post","status-publish","format-standard","has-post-thumbnail","hentry","category-noticias","tag-imperialismos","tag-latinoamerica","tag-papa-francisco","tag-san-martin-y-bolivar"],"_links":{"self":[{"href":"https:\/\/losperiodistas.com.mx\/portal\/wp-json\/wp\/v2\/posts\/31085","targetHints":{"allow":["GET"]}}],"collection":[{"href":"https:\/\/losperiodistas.com.mx\/portal\/wp-json\/wp\/v2\/posts"}],"about":[{"href":"https:\/\/losperiodistas.com.mx\/portal\/wp-json\/wp\/v2\/types\/post"}],"author":[{"embeddable":true,"href":"https:\/\/losperiodistas.com.mx\/portal\/wp-json\/wp\/v2\/users\/1"}],"replies":[{"embeddable":true,"href":"https:\/\/losperiodistas.com.mx\/portal\/wp-json\/wp\/v2\/comments?post=31085"}],"version-history":[{"count":1,"href":"https:\/\/losperiodistas.com.mx\/portal\/wp-json\/wp\/v2\/posts\/31085\/revisions"}],"predecessor-version":[{"id":31087,"href":"https:\/\/losperiodistas.com.mx\/portal\/wp-json\/wp\/v2\/posts\/31085\/revisions\/31087"}],"wp:featuredmedia":[{"embeddable":true,"href":"https:\/\/losperiodistas.com.mx\/portal\/wp-json\/wp\/v2\/media\/31086"}],"wp:attachment":[{"href":"https:\/\/losperiodistas.com.mx\/portal\/wp-json\/wp\/v2\/media?parent=31085"}],"wp:term":[{"taxonomy":"category","embeddable":true,"href":"https:\/\/losperiodistas.com.mx\/portal\/wp-json\/wp\/v2\/categories?post=31085"},{"taxonomy":"post_tag","embeddable":true,"href":"https:\/\/losperiodistas.com.mx\/portal\/wp-json\/wp\/v2\/tags?post=31085"}],"curies":[{"name":"wp","href":"https:\/\/api.w.org\/{rel}","templated":true}]}}