{"id":31080,"date":"2022-07-01T09:49:40","date_gmt":"2022-07-01T14:49:40","guid":{"rendered":"http:\/\/losperiodistas.com.mx\/portal\/?p=31080"},"modified":"2022-07-01T09:49:42","modified_gmt":"2022-07-01T14:49:42","slug":"inauguran-dos-bocas-entre-la-incertidumbre-y-la-opacidad-el-financiero","status":"publish","type":"post","link":"https:\/\/losperiodistas.com.mx\/portal\/inauguran-dos-bocas-entre-la-incertidumbre-y-la-opacidad-el-financiero\/","title":{"rendered":"Inauguran Dos Bocas entre la incertidumbre y la \u2018opacidad\u2019 | El Financiero"},"content":{"rendered":"\n<p><em>Expertos acusan de opacidad en el proyecto emblem\u00e1tico de la gesti\u00f3n del Presidente Andr\u00e9s Manuel L\u00f3pez Obrador.<\/em><\/p>\n\n\n\n<p><\/p>\n\n\n\n<figure class=\"wp-block-image size-full\"><img fetchpriority=\"high\" decoding=\"async\" width=\"800\" height=\"549\" src=\"https:\/\/losperiodistas.com.mx\/portal\/wp-content\/uploads\/2022\/07\/A5VSWL5VBBB27B5O4AQL4SY2VY.jpeg\" alt=\"\" class=\"wp-image-31081\" srcset=\"https:\/\/losperiodistas.com.mx\/portal\/wp-content\/uploads\/2022\/07\/A5VSWL5VBBB27B5O4AQL4SY2VY.jpeg 800w, https:\/\/losperiodistas.com.mx\/portal\/wp-content\/uploads\/2022\/07\/A5VSWL5VBBB27B5O4AQL4SY2VY-300x206.jpeg 300w, https:\/\/losperiodistas.com.mx\/portal\/wp-content\/uploads\/2022\/07\/A5VSWL5VBBB27B5O4AQL4SY2VY-768x527.jpeg 768w\" sizes=\"(max-width: 800px) 100vw, 800px\" \/><figcaption><strong>Dos Bocas.\u00a0<\/strong>Este viernes, el presidente cortar\u00e1 el list\u00f3n de uno de sus proyectos &#8216;estrella&#8217;.<\/figcaption><\/figure>\n\n\n\n<p><\/p>\n\n\n\n<p class=\"has-vivid-cyan-blue-color has-text-color has-medium-font-size\">H\u00c9CTOR USLA \/ ALEXIS P\u00c9REZ \/ INFOGRAF\u00cdA \/ EL FINANCIERO<\/p>\n\n\n\n<p>La primera etapa de la&nbsp;<strong>refiner\u00eda \u2018Olmeca\u2019&nbsp;<\/strong>ubicada en el Puerto de<a href=\"https:\/\/www.elfinanciero.com.mx\/nacional\/2022\/06\/29\/dos-bocas-y-el-plan-de-amlo-para-que-mexico-logre-independencia-energetica\/\" target=\"_blank\" rel=\"noreferrer noopener\"><strong>&nbsp;Dos Bocas<\/strong><\/a>, Tabasco, ser\u00e1 inaugurada este viernes por el presidente&nbsp;<a href=\"https:\/\/www.elfinanciero.com.mx\/estados\/2022\/06\/30\/no-por-ser-religiosos-son-infalibles-amlo-sobre-presuntos-casos-de-extorsion-contra-religiosos-en-jalisco\/\" target=\"_blank\" rel=\"noreferrer noopener\"><strong>Andr\u00e9s Manuel L\u00f3pez Obrador<\/strong>,<\/a>&nbsp;aunque no se sabe con claridad lo que se presentar\u00e1 y cu\u00e1nto tiempo falta para que comience a refinar petr\u00f3leo, coincidieron especialistas consultados por&nbsp;<strong>El Financiero<\/strong>.<\/p>\n\n\n\n<p>\u201cNo sabemos qu\u00e9 es lo que se va a inaugurar,&nbsp;<a href=\"https:\/\/www.elfinanciero.com.mx\/nacional\/2022\/06\/29\/pemex-gasta-en-hielos-la-paraestatal-lo-explica\/\" target=\"_blank\" rel=\"noreferrer noopener\"><strong>Pemex<\/strong><\/a>&nbsp;no ha emitido ning\u00fan informe al respecto, ni siquiera a la Comisi\u00f3n de Bolsa y Valores de Estados Unidos (Securities and Exchange Commission, SEC, por sus siglas en ingl\u00e9s) que ser\u00eda el \u00fanico regulador serio que lo supervisa, y si con la SEC no hay transparencia, a pesar de que son muy exigentes, pues que se puede esperar con los dem\u00e1s\u201d, dijo Rosanety Barrios, especialista del sector energ\u00e9tico.<\/p>\n\n\n\n<p>Oscar Ocampo, coordinador de energ\u00eda del Instituto Mexicano para la Competitividad (IMCO), a\u00f1adi\u00f3 que a pesar de que han seguido \u2018con lupa\u2019 la construcci\u00f3n de la refiner\u00eda,&nbsp;<strong>no se sabe qu\u00e9 es lo que se va a inaugurar ni cu\u00e1ndo va a operar<\/strong>.<\/p>\n\n\n\n<p>\u201cPreguntas tan elementales, pero que no se han hecho p\u00fablicas, vamos a ver un corte de list\u00f3n y un informe de Gobierno, pero no sabemos qu\u00e9 hay detr\u00e1s, y esto es muy preocupante ya que es uno de los proyectos prioritarios de esta administraci\u00f3n\u201d, apunt\u00f3.<\/p>\n\n\n\n<p>Para Arturo Carranza, experto en materia energ\u00e9tica,&nbsp;<strong>este viernes \u00fanicamente se ver\u00e1n mensajes pol\u00edticos<\/strong>, ya que considera que la actual administraci\u00f3n prioriza este tipo de anuncios sobre los t\u00e9cnicos.<\/p>\n\n\n\n<p>\u201cSabemos que ha sido un proyecto cuestionable, tanto por sobrecostos y hasta por la utilidad del proyecto, que, por cierto, va a tener una vida \u00fatil muy peque\u00f1a de cara a la transici\u00f3n energ\u00e9tica\u201d, dijo.<\/p>\n\n\n\n<figure class=\"wp-block-image\"><img decoding=\"async\" src=\"https:\/\/www.elfinanciero.com.mx\/resizer\/PJ_AuQxrbA4C2Xg2ssa6gVa6H-Y=\/1440x0\/filters:format(jpg):quality(70)\/cloudfront-us-east-1.images.arcpublishing.com\/elfinanciero\/H3MLNI6ZEBCE5ATPKVFUESHMNU.jpeg\" alt=\"Seg\u00fan los expertos, la refiner\u00eda estar\u00eda operando hasta el pr\u00f3ximo sexenio.\"\/><figcaption><strong>Refiner\u00eda Olmeca.&nbsp;<\/strong>Seg\u00fan los expertos, la refiner\u00eda estar\u00eda operando hasta el pr\u00f3ximo sexenio.<\/figcaption><\/figure>\n\n\n\n<h2 class=\"wp-block-heading\">Se\u00f1alan opacidad<\/h2>\n\n\n\n<p>Gonzalo Monroy, consultor en temas de energ\u00eda, asegur\u00f3 que<strong>&nbsp;los sobrecostos de la obra<\/strong>, la asignaci\u00f3n directa de contratos y el uso de filiales de Pemex dificulta la<strong>&nbsp;rendici\u00f3n de cuentas en Dos Bocas<\/strong>, y asevera que la obra se construye como un \u201cmonumento a la opacidad\u201d que obedece a dict\u00e1menes pol\u00edticos y no t\u00e9cnicos.<a href=\"https:\/\/www.elfinanciero.com.mx\/nacional\/2022\/06\/29\/pemex-gasta-en-hielos-la-paraestatal-lo-explica\/\"><\/a><a href=\"https:\/\/www.elfinanciero.com.mx\/nacional\/2022\/06\/29\/pemex-gasta-en-hielos-la-paraestatal-lo-explica\/\">Pemex gasta\u2026 \u00bfen hielos? La paraestatal lo explica<\/a><\/p>\n\n\n\n<p>\u201cEl gobierno para agregar m\u00e1s capas de opacidad utiliz\u00f3 filiales de Pemex en las cuales no es tan f\u00e1cil obtener su evaluaci\u00f3n o incluso supervisi\u00f3n desde el punto de vista de cuentas p\u00fablicas, no es tan sencillo\u201d, expres\u00f3 el experto.<\/p>\n\n\n\n<p>En este contexto,\u00a0<strong>una de las grandes fallas de esta inauguraci\u00f3n son la opacidad y falta de transparencia que envuelve a esta magna obra<\/strong>, pues la refiner\u00eda \u2018Olmeca\u2019 est\u00e1 desarrollada por PTI Infraestructura de Desarrollo, empresa filial de Pemex.<\/p>\n\n\n\n<p>\u201cLas filiales, a diferencia de las subsidiarias, operan bajo derecho privado, por lo que no tienen las mismas obligaciones de transparencia y contrataciones\u201d, detall\u00f3 en una nota el Instituto Mexicano para la Competitividad (IMCO).<\/p>\n\n\n\n<p>Bernardo Cort\u00e9s, socio de la firma Cort\u00e9s Quesada abogados, a\u00f1adi\u00f3 que todo<strong>&nbsp;el proyecto se llev\u00f3 a cabo como si fuera realizado por cualquier empresa privada dedicada al sector petrolero<\/strong>, y no a una empresa petrolera del Estado.<\/p>\n\n\n\n<p>\u201cEl que una filial de Pemex haya llevado a cabo su desarrollo fue la forma de encontrar un fundamento legal para darle un poco la vuelta al tema de las licitaciones p\u00fablicas y poder asignar de manera directa o bajo mecanismos de invitaciones restringidas los contratos, maniobra que les ahorr\u00f3 tiempo\u201d, dijo.<\/p>\n\n\n\n<p>Por otra parte, Susana Cazorla, exjefa de asesores para el presidente de la Comisi\u00f3n Reguladora de Energ\u00eda (CRE), precis\u00f3 que\u00a0<strong>la demanda de gasolinas no se cubrir\u00e1 con la puesta en marcha de Dos Bocas porque M\u00e9xico<\/strong>\u00a0no cuenta con suficiente crudo para procesar.<\/p>\n\n\n\n<p>Fuente: https:\/\/www.elfinanciero.com.mx\/economia\/2022\/07\/01\/inauguran-la-refineria-dos-bocas-pero-no-se-sabe-que\/<\/p>\n","protected":false},"excerpt":{"rendered":"<p>Expertos acusan de opacidad en el proyecto emblem\u00e1tico de la gesti\u00f3n del Presidente Andr\u00e9s Manuel L\u00f3pez Obrador. H\u00c9CTOR USLA \/ [&hellip;]<\/p>\n","protected":false},"author":1,"featured_media":31081,"comment_status":"open","ping_status":"open","sticky":false,"template":"","format":"standard","meta":{"site-sidebar-layout":"default","site-content-layout":"","ast-site-content-layout":"default","site-content-style":"default","site-sidebar-style":"default","ast-global-header-display":"","ast-banner-title-visibility":"","ast-main-header-display":"","ast-hfb-above-header-display":"","ast-hfb-below-header-display":"","ast-hfb-mobile-header-display":"","site-post-title":"","ast-breadcrumbs-content":"","ast-featured-img":"","footer-sml-layout":"","theme-transparent-header-meta":"","adv-header-id-meta":"","stick-header-meta":"","header-above-stick-meta":"","header-main-stick-meta":"","header-below-stick-meta":"","astra-migrate-meta-layouts":"default","ast-page-background-enabled":"default","ast-page-background-meta":{"desktop":{"background-color":"var(--ast-global-color-4)","background-image":"","background-repeat":"repeat","background-position":"center center","background-size":"auto","background-attachment":"scroll","background-type":"","background-media":"","overlay-type":"","overlay-color":"","overlay-opacity":"","overlay-gradient":""},"tablet":{"background-color":"","background-image":"","background-repeat":"repeat","background-position":"center center","background-size":"auto","background-attachment":"scroll","background-type":"","background-media":"","overlay-type":"","overlay-color":"","overlay-opacity":"","overlay-gradient":""},"mobile":{"background-color":"","background-image":"","background-repeat":"repeat","background-position":"center center","background-size":"auto","background-attachment":"scroll","background-type":"","background-media":"","overlay-type":"","overlay-color":"","overlay-opacity":"","overlay-gradient":""}},"ast-content-background-meta":{"desktop":{"background-color":"var(--ast-global-color-5)","background-image":"","background-repeat":"repeat","background-position":"center center","background-size":"auto","background-attachment":"scroll","background-type":"","background-media":"","overlay-type":"","overlay-color":"","overlay-opacity":"","overlay-gradient":""},"tablet":{"background-color":"var(--ast-global-color-5)","background-image":"","background-repeat":"repeat","background-position":"center center","background-size":"auto","background-attachment":"scroll","background-type":"","background-media":"","overlay-type":"","overlay-color":"","overlay-opacity":"","overlay-gradient":""},"mobile":{"background-color":"var(--ast-global-color-5)","background-image":"","background-repeat":"repeat","background-position":"center center","background-size":"auto","background-attachment":"scroll","background-type":"","background-media":"","overlay-type":"","overlay-color":"","overlay-opacity":"","overlay-gradient":""}},"footnotes":""},"categories":[8],"tags":[4592,11076],"class_list":["post-31080","post","type-post","status-publish","format-standard","has-post-thumbnail","hentry","category-noticias","tag-dos-bocas","tag-pemex-refineria"],"_links":{"self":[{"href":"https:\/\/losperiodistas.com.mx\/portal\/wp-json\/wp\/v2\/posts\/31080","targetHints":{"allow":["GET"]}}],"collection":[{"href":"https:\/\/losperiodistas.com.mx\/portal\/wp-json\/wp\/v2\/posts"}],"about":[{"href":"https:\/\/losperiodistas.com.mx\/portal\/wp-json\/wp\/v2\/types\/post"}],"author":[{"embeddable":true,"href":"https:\/\/losperiodistas.com.mx\/portal\/wp-json\/wp\/v2\/users\/1"}],"replies":[{"embeddable":true,"href":"https:\/\/losperiodistas.com.mx\/portal\/wp-json\/wp\/v2\/comments?post=31080"}],"version-history":[{"count":1,"href":"https:\/\/losperiodistas.com.mx\/portal\/wp-json\/wp\/v2\/posts\/31080\/revisions"}],"predecessor-version":[{"id":31082,"href":"https:\/\/losperiodistas.com.mx\/portal\/wp-json\/wp\/v2\/posts\/31080\/revisions\/31082"}],"wp:featuredmedia":[{"embeddable":true,"href":"https:\/\/losperiodistas.com.mx\/portal\/wp-json\/wp\/v2\/media\/31081"}],"wp:attachment":[{"href":"https:\/\/losperiodistas.com.mx\/portal\/wp-json\/wp\/v2\/media?parent=31080"}],"wp:term":[{"taxonomy":"category","embeddable":true,"href":"https:\/\/losperiodistas.com.mx\/portal\/wp-json\/wp\/v2\/categories?post=31080"},{"taxonomy":"post_tag","embeddable":true,"href":"https:\/\/losperiodistas.com.mx\/portal\/wp-json\/wp\/v2\/tags?post=31080"}],"curies":[{"name":"wp","href":"https:\/\/api.w.org\/{rel}","templated":true}]}}