{"id":31077,"date":"2022-07-01T09:36:53","date_gmt":"2022-07-01T14:36:53","guid":{"rendered":"http:\/\/losperiodistas.com.mx\/portal\/?p=31077"},"modified":"2022-07-01T09:36:55","modified_gmt":"2022-07-01T14:36:55","slug":"esto-deberas-pagar-si-te-multan-por-mal-uso-de-parquimetros-de-puebla-angulo-7","status":"publish","type":"post","link":"https:\/\/losperiodistas.com.mx\/portal\/esto-deberas-pagar-si-te-multan-por-mal-uso-de-parquimetros-de-puebla-angulo-7\/","title":{"rendered":"Esto deber\u00e1s pagar si te multan por mal uso de parqu\u00edmetros de Puebla | \u00c1ngulo 7"},"content":{"rendered":"\n<p><\/p>\n\n\n\n<figure class=\"wp-block-image size-full\"><img fetchpriority=\"high\" decoding=\"async\" width=\"620\" height=\"330\" src=\"https:\/\/losperiodistas.com.mx\/portal\/wp-content\/uploads\/2022\/07\/Esto-deberas-pagar-si-te-multan-por-mal-uso-de-parquimetros-de-Puebla.jpeg\" alt=\"\" class=\"wp-image-31078\" srcset=\"https:\/\/losperiodistas.com.mx\/portal\/wp-content\/uploads\/2022\/07\/Esto-deberas-pagar-si-te-multan-por-mal-uso-de-parquimetros-de-Puebla.jpeg 620w, https:\/\/losperiodistas.com.mx\/portal\/wp-content\/uploads\/2022\/07\/Esto-deberas-pagar-si-te-multan-por-mal-uso-de-parquimetros-de-Puebla-300x160.jpeg 300w\" sizes=\"(max-width: 620px) 100vw, 620px\" \/><figcaption><em>Foto: EsImagen<\/em><\/figcaption><\/figure>\n\n\n\n<p><\/p>\n\n\n\n<p class=\"has-vivid-cyan-blue-color has-text-color has-medium-font-size\">EDGAR GUZM\u00c1N URIBE \/ \u00c1NGULO 7<\/p>\n\n\n\n<p>Este jueves,&nbsp;<strong>termina el periodo de multas sin costo por violar el reglamento por la operaci\u00f3n de los parqu\u00edmetros en el Centro Hist\u00f3rico de Puebla,<\/strong>&nbsp;por lo que a partir del viernes empezar\u00e1 el cobro; las&nbsp;<strong>sanciones van de 384 a 4 mil 811 pesos, dependiendo de la infracci\u00f3n.<\/strong><\/p>\n\n\n\n<p>Las&nbsp;<strong>multas sin validez estuvieron desde el 27 de junio<\/strong>&nbsp;y fueron parte del periodo de socializaci\u00f3n, para que los automovilistas se familiarizaran con este<strong>&nbsp;sistema de estacionamiento.<\/strong><\/p>\n\n\n\n<p>Por ello, a partir del 1 de julio, las&nbsp;<strong>multas<\/strong>&nbsp;<strong>que se aplicar\u00e1n ser\u00e1n de 384 pesos<\/strong>&nbsp;cuando el veh\u00edculo ocupe dos cajones de estacionamiento al mismo tiempo, as\u00ed como una cantidad similar por olvidar el&nbsp;<strong>registro de la placa<\/strong>, para lo cual solo se dar\u00e1n&nbsp;<strong>10 minutos de tolerancia<\/strong>.<\/p>\n\n\n\n<p>Por estacionarse en los espacios que est\u00e1n\u00a0<strong>destinados como zona de carga y descarga<\/strong>, el monto a pagar ser\u00e1 de 796 pesos; por invadir los cajones de motocicletas, ser\u00e1n igual 796 pesos, mientras que\u00a0<strong>cuando pasen dos horas y no se haya registrado, la multa es de mil 224 pesos.<\/strong><\/p>\n\n\n\n<p>En tanto, por rebasar las cuatro horas permitidas el&nbsp;<strong>monto que se pagar\u00e1 ser\u00e1 de mil 154 pesos<\/strong>, aunque si lleva m\u00e1s de seis horas estacionado el auto se retirar\u00e1, adem\u00e1s de que ser\u00e1 llevado al corral\u00f3n y se&nbsp;<strong>tendr\u00e1n que cubrir los costos del arrastre y derecho de piso.<\/strong><\/p>\n\n\n\n<p>Por ofender, insultar o denigrar a los agentes de tr\u00e1nsito o&nbsp;<strong>personas supervisoras de movilidad<\/strong>, la multa ser\u00e1 igual de mil 154 pesos, mientras que por no respetar los espacios para las personas con discapacidad&nbsp;<strong>el monto es de 4 mil 811 pesos<\/strong>&nbsp;y, en caso de que el veh\u00edculo no cuente con placas de circulaci\u00f3n, se invitar\u00e1 a regularizarse,&nbsp;<strong>as\u00ed como una sanci\u00f3n de mil 924 pesos.<\/strong><\/p>\n\n\n\n<h2 class=\"wp-block-heading\">Descuento del 50% pagando en d\u00edas<\/h2>\n\n\n\n<p>El horario en que est\u00e1n operando los\u00a0<strong>parqu\u00edmetros es de lunes a viernes de las 8 de la ma\u00f1ana a las 10 de la noche<\/strong>; el s\u00e1bado hasta las 2 de la tarde, mientras que el\u00a0<strong>domingo no habr\u00e1 servicio.<\/strong><\/p>\n\n\n\n<p>Previo a que se pusieran en marcha, el gerente de la ciudad,&nbsp;<strong>Ad\u00e1n Dom\u00ednguez S\u00e1nchez<\/strong>, y la subsecretar\u00eda de Movilidad, Rub\u00ed V\u00e1zquez Cruz, informaron que en caso que sean acreedores a una multa, el&nbsp;<strong>gobierno municipal otorgar\u00e1 el 50 por ciento por pagar en los primeros cinco d\u00edas naturales.<\/strong><\/p>\n\n\n\n<p><strong>R: DJ<\/strong><\/p>\n\n\n\n<p>Fuente: https:\/\/www.angulo7.com.mx\/2022\/06\/30\/estas-son-las-multas-por-mal-uso-de-parquimetros-de-puebla\/<\/p>\n","protected":false},"excerpt":{"rendered":"<p>EDGAR GUZM\u00c1N URIBE \/ \u00c1NGULO 7 Este jueves,&nbsp;termina el periodo de multas sin costo por violar el reglamento por la [&hellip;]<\/p>\n","protected":false},"author":1,"featured_media":31078,"comment_status":"open","ping_status":"open","sticky":false,"template":"","format":"standard","meta":{"site-sidebar-layout":"default","site-content-layout":"","ast-site-content-layout":"default","site-content-style":"default","site-sidebar-style":"default","ast-global-header-display":"","ast-banner-title-visibility":"","ast-main-header-display":"","ast-hfb-above-header-display":"","ast-hfb-below-header-display":"","ast-hfb-mobile-header-display":"","site-post-title":"","ast-breadcrumbs-content":"","ast-featured-img":"","footer-sml-layout":"","theme-transparent-header-meta":"","adv-header-id-meta":"","stick-header-meta":"","header-above-stick-meta":"","header-main-stick-meta":"","header-below-stick-meta":"","astra-migrate-meta-layouts":"default","ast-page-background-enabled":"default","ast-page-background-meta":{"desktop":{"background-color":"var(--ast-global-color-4)","background-image":"","background-repeat":"repeat","background-position":"center center","background-size":"auto","background-attachment":"scroll","background-type":"","background-media":"","overlay-type":"","overlay-color":"","overlay-opacity":"","overlay-gradient":""},"tablet":{"background-color":"","background-image":"","background-repeat":"repeat","background-position":"center center","background-size":"auto","background-attachment":"scroll","background-type":"","background-media":"","overlay-type":"","overlay-color":"","overlay-opacity":"","overlay-gradient":""},"mobile":{"background-color":"","background-image":"","background-repeat":"repeat","background-position":"center center","background-size":"auto","background-attachment":"scroll","background-type":"","background-media":"","overlay-type":"","overlay-color":"","overlay-opacity":"","overlay-gradient":""}},"ast-content-background-meta":{"desktop":{"background-color":"var(--ast-global-color-5)","background-image":"","background-repeat":"repeat","background-position":"center center","background-size":"auto","background-attachment":"scroll","background-type":"","background-media":"","overlay-type":"","overlay-color":"","overlay-opacity":"","overlay-gradient":""},"tablet":{"background-color":"var(--ast-global-color-5)","background-image":"","background-repeat":"repeat","background-position":"center center","background-size":"auto","background-attachment":"scroll","background-type":"","background-media":"","overlay-type":"","overlay-color":"","overlay-opacity":"","overlay-gradient":""},"mobile":{"background-color":"var(--ast-global-color-5)","background-image":"","background-repeat":"repeat","background-position":"center center","background-size":"auto","background-attachment":"scroll","background-type":"","background-media":"","overlay-type":"","overlay-color":"","overlay-opacity":"","overlay-gradient":""}},"footnotes":""},"categories":[8],"tags":[7279,11075],"class_list":["post-31077","post","type-post","status-publish","format-standard","has-post-thumbnail","hentry","category-noticias","tag-contigoyconrumbo","tag-parquimetros-multas"],"_links":{"self":[{"href":"https:\/\/losperiodistas.com.mx\/portal\/wp-json\/wp\/v2\/posts\/31077","targetHints":{"allow":["GET"]}}],"collection":[{"href":"https:\/\/losperiodistas.com.mx\/portal\/wp-json\/wp\/v2\/posts"}],"about":[{"href":"https:\/\/losperiodistas.com.mx\/portal\/wp-json\/wp\/v2\/types\/post"}],"author":[{"embeddable":true,"href":"https:\/\/losperiodistas.com.mx\/portal\/wp-json\/wp\/v2\/users\/1"}],"replies":[{"embeddable":true,"href":"https:\/\/losperiodistas.com.mx\/portal\/wp-json\/wp\/v2\/comments?post=31077"}],"version-history":[{"count":1,"href":"https:\/\/losperiodistas.com.mx\/portal\/wp-json\/wp\/v2\/posts\/31077\/revisions"}],"predecessor-version":[{"id":31079,"href":"https:\/\/losperiodistas.com.mx\/portal\/wp-json\/wp\/v2\/posts\/31077\/revisions\/31079"}],"wp:featuredmedia":[{"embeddable":true,"href":"https:\/\/losperiodistas.com.mx\/portal\/wp-json\/wp\/v2\/media\/31078"}],"wp:attachment":[{"href":"https:\/\/losperiodistas.com.mx\/portal\/wp-json\/wp\/v2\/media?parent=31077"}],"wp:term":[{"taxonomy":"category","embeddable":true,"href":"https:\/\/losperiodistas.com.mx\/portal\/wp-json\/wp\/v2\/categories?post=31077"},{"taxonomy":"post_tag","embeddable":true,"href":"https:\/\/losperiodistas.com.mx\/portal\/wp-json\/wp\/v2\/tags?post=31077"}],"curies":[{"name":"wp","href":"https:\/\/api.w.org\/{rel}","templated":true}]}}