{"id":31074,"date":"2022-07-01T09:11:37","date_gmt":"2022-07-01T14:11:37","guid":{"rendered":"http:\/\/losperiodistas.com.mx\/portal\/?p=31074"},"modified":"2022-07-01T09:11:39","modified_gmt":"2022-07-01T14:11:39","slug":"excelente-cafe-en-7-fincas-de-huitzilan","status":"publish","type":"post","link":"https:\/\/losperiodistas.com.mx\/portal\/excelente-cafe-en-7-fincas-de-huitzilan\/","title":{"rendered":"Excelente caf\u00e9 en 7 fincas de Huitzilan"},"content":{"rendered":"\n<p class=\"has-medium-font-size\"><em>*Cafeticultores poblanos premiados y con pleno reconocimiento<\/em><\/p>\n\n\n\n<p><\/p>\n\n\n\n<figure class=\"wp-block-image size-full\"><img fetchpriority=\"high\" decoding=\"async\" width=\"824\" height=\"564\" src=\"https:\/\/losperiodistas.com.mx\/portal\/wp-content\/uploads\/2022\/07\/CAFETICULTORES-PREMIADOS.jpeg\" alt=\"\" class=\"wp-image-31075\" srcset=\"https:\/\/losperiodistas.com.mx\/portal\/wp-content\/uploads\/2022\/07\/CAFETICULTORES-PREMIADOS.jpeg 824w, https:\/\/losperiodistas.com.mx\/portal\/wp-content\/uploads\/2022\/07\/CAFETICULTORES-PREMIADOS-300x205.jpeg 300w, https:\/\/losperiodistas.com.mx\/portal\/wp-content\/uploads\/2022\/07\/CAFETICULTORES-PREMIADOS-768x526.jpeg 768w\" sizes=\"(max-width: 824px) 100vw, 824px\" \/><\/figure>\n\n\n\n<p><\/p>\n\n\n\n<p class=\"has-vivid-cyan-blue-color has-text-color\" style=\"font-size:26px\"><strong><em>Por Ra\u00fal Torres Salmer\u00f3n<\/em><\/strong><\/p>\n\n\n\n<p>La Secretar\u00eda de Desarrollo Rural (SDR) a cargo de Ana Laura Altamirano P\u00e9rez, entreg\u00f3 reconocimientos a productores cafetaleros del Municipio de Huitzilan de Serd\u00e1n, cuyos caf\u00e9s fueron reconocidos dentro de los 30 mejores en M\u00e9xico y destac\u00f3 el caso de Gema Magali Posadas Manzano, quien obtuvo el tercer lugar nacional.<\/p>\n\n\n\n<p>Los productores galardonados en el certamen Taza de Excelencia, han sido beneficiados por la Secretar\u00eda con equipamiento, capacitaci\u00f3n y cataci\u00f3n de calidad a trav\u00e9s del Programa de Recuperaci\u00f3n de la Cafeticultura Poblana, pol\u00edtica que ha emprendido el Gobierno del Estado desde 2019.<\/p>\n\n\n\n<p>En la entrega de reconocimientos por parte de la SDR, su titular Ana Laura Altamirano P\u00e9rez destac\u00f3 que este premio nacional es una muestra del impulso que ha dado el gobierno de Puebla a la cafeticultura para aumentar el rendimiento y desarrollar caf\u00e9s de especialidad, que apoyan a productores a ingresar a mercados dentro y fuera de M\u00e9xico.<\/p>\n\n\n\n<p>El concurso Taza de Excelencia es un evento nacional que reconoce los mejores caf\u00e9s en M\u00e9xico, donde una mayor\u00eda de cafeticultores de Huitzilan de Serd\u00e1n, en la Sierra Nororiental, superaron granos de estados como Oaxaca, Chiapas y Veracruz. Destacaron dos cafeticultores de Xicotepec y Tlapacoya.<\/p>\n\n\n\n<p>En el caso de Gema Magali Posadas, adem\u00e1s de obtener el tercer lugar nacional, obtuvo una de las cinco condecoraciones de Caf\u00e9 Presidencial, que acredita m\u00e1s de 90 puntos en escala de la Asociaci\u00f3n de Caf\u00e9s de Especialidad, adem\u00e1s de ser la mujer que produce el mejor caf\u00e9 en M\u00e9xico.<\/p>\n\n\n\n<p>Los siete galardonados que estuvieron dentro de los mejores 26 lugares, estar\u00e1n en la Tercera Expo Caf\u00e9 Orgullo Puebla 2022, adem\u00e1s que sus granos tambi\u00e9n ser\u00e1n parte de la cataci\u00f3n Calidad en Taza que realiza la SDR para lograr comercializar en mercados nacionales e internacionales.<\/p>\n\n\n\n<p>La Tercera Edici\u00f3n es del 30 de junio al 3 de julio en el Centro de Convenciones, con la participaci\u00f3n de 200 productoras, as\u00ed como los mejores exponentes de caf\u00e9 a nivel nacional-<\/p>\n\n\n\n<p>Este evento contar\u00e1, adem\u00e1s, con la segunda edici\u00f3n del Campeonato de Baristas, quienes utilizar\u00e1n solo caf\u00e9 poblano para deleitar con creaciones \u00fanicas que ser\u00e1n juzgadas por un panel de expertos. Asimismo, habr\u00e1 un festival con 10 de las mejores barras de M\u00e9xico para disfrute de los asistentes.<\/p>\n\n\n\n<p>Puebla ocupa el primer lugar nacional en rendimiento por hect\u00e1rea y el tercero en superficie cultivada, por lo que esta Expo capitaliza la estrategia de la pol\u00edtica cafetalera del Gobernador Miguel Barbosa Huerta, con el desarrollo de marcas y acceso a mercados internacionales.<\/p>\n\n\n\n<p>En el programa Taza de Excelencia de M\u00e9xico 2022, los resultados de los poblanos fueron los siguientes:<\/p>\n\n\n\n<p>Tercer lugar, con puntuaci\u00f3n 91.3, Gema Magali Posadas Manzano. Finca El R\u00edo en Totutla, Huitzilan. Variedad Marsellesa y T\u00edpica. Altura de mil 200 metros.<\/p>\n\n\n\n<p>Noveno lugar, con puntuaci\u00f3n 89.40, Rafael Cort\u00e9s Moreno. Finca Los Naranjos, Totutla, Huitzilan. Variedad Marsellesa. Altura de mil 200 metros.<\/p>\n\n\n\n<p>D\u00e9cimo quinto lugar, con puntuaci\u00f3n 88.53, Osiel Cort\u00e9s Aco. Finca Las Barrancas, Totutla, Huitzilan. Variedad Marsellesa. Altura de mil 100 metros.<\/p>\n\n\n\n<p>Vig\u00e9simo lugar, con puntuaci\u00f3n 87.87, Miguel Ronquillo Aco. Finca Ocoteno, Totutla, Huitzilan. Variedad Marsellesa. Altura de mil 100 metros.<\/p>\n\n\n\n<p>Vig\u00e9simo segundo lugar, con puntuaci\u00f3n 87.80, Mauricio Trejo Sosa. Finca San Pedro, Xicotepec. Variedad Marsellesa. Altura de mil 1280 metros.<\/p>\n\n\n\n<p>Vig\u00e9simo cuarto lugar, con puntuaci\u00f3n 87.67, Belinda Aco Bonilla. Finca Temimil, Huitzilan. Variedad Marsellesa. Altura de mil 300 metros.<\/p>\n\n\n\n<p>Vig\u00e9simo quinto lugar, con puntuaci\u00f3n 87.67, Mario Alberto Aco G\u00f3mez. Finca Apip\u00edas, Huitzilan. Variedad Marsellesa. Altura de mil 200 metros.<\/p>\n\n\n\n<p>Vig\u00e9simo sexto lugar, con puntuaci\u00f3n 87.57, Sandra Elizabeth Romero Andablo. Finca Ojo de Agua, Totutla, Huitzilan. Variedad Marsellesa. Altura de mil 130 metros.<\/p>\n\n\n\n<p>Trig\u00e9simo lugar, con puntuaci\u00f3n 87.20, Edgar Marino Olarte Maldonado. Finca La Vega, La Gruta, Tlapacoya, Puebla. Variedad Catua\u00ed y Costa Rica 95. Altura mil 100 metros.<\/p>\n\n\n\n<p>En fin, como dice la copla colombiana:<\/p>\n\n\n\n<p>Oye precioso cafeto<\/p>\n\n\n\n<p>eres t\u00fa mi gran amigo,<\/p>\n\n\n\n<p>no me abandones, te digo<\/p>\n\n\n\n<p>y esto con gran respeto.<\/p>\n\n\n\n<p>Me sacas de todo aprieto,<\/p>\n\n\n\n<p>por ello hoy te bendigo.<\/p>\n\n\n\n<p>Qu\u00e9 cruel ser\u00eda mi castigo<\/p>\n\n\n\n<p>si me faltaras cafeto.<\/p>\n\n\n\n<p>raultorress@hotmail.com<\/p>\n","protected":false},"excerpt":{"rendered":"<p>*Cafeticultores poblanos premiados y con pleno reconocimiento Por Ra\u00fal Torres Salmer\u00f3n La Secretar\u00eda de Desarrollo Rural (SDR) a cargo de [&hellip;]<\/p>\n","protected":false},"author":1,"featured_media":31075,"comment_status":"open","ping_status":"open","sticky":false,"template":"","format":"standard","meta":{"site-sidebar-layout":"default","site-content-layout":"","ast-site-content-layout":"default","site-content-style":"default","site-sidebar-style":"default","ast-global-header-display":"","ast-banner-title-visibility":"","ast-main-header-display":"","ast-hfb-above-header-display":"","ast-hfb-below-header-display":"","ast-hfb-mobile-header-display":"","site-post-title":"","ast-breadcrumbs-content":"","ast-featured-img":"","footer-sml-layout":"","theme-transparent-header-meta":"","adv-header-id-meta":"","stick-header-meta":"","header-above-stick-meta":"","header-main-stick-meta":"","header-below-stick-meta":"","astra-migrate-meta-layouts":"default","ast-page-background-enabled":"default","ast-page-background-meta":{"desktop":{"background-color":"var(--ast-global-color-4)","background-image":"","background-repeat":"repeat","background-position":"center center","background-size":"auto","background-attachment":"scroll","background-type":"","background-media":"","overlay-type":"","overlay-color":"","overlay-opacity":"","overlay-gradient":""},"tablet":{"background-color":"","background-image":"","background-repeat":"repeat","background-position":"center center","background-size":"auto","background-attachment":"scroll","background-type":"","background-media":"","overlay-type":"","overlay-color":"","overlay-opacity":"","overlay-gradient":""},"mobile":{"background-color":"","background-image":"","background-repeat":"repeat","background-position":"center center","background-size":"auto","background-attachment":"scroll","background-type":"","background-media":"","overlay-type":"","overlay-color":"","overlay-opacity":"","overlay-gradient":""}},"ast-content-background-meta":{"desktop":{"background-color":"var(--ast-global-color-5)","background-image":"","background-repeat":"repeat","background-position":"center center","background-size":"auto","background-attachment":"scroll","background-type":"","background-media":"","overlay-type":"","overlay-color":"","overlay-opacity":"","overlay-gradient":""},"tablet":{"background-color":"var(--ast-global-color-5)","background-image":"","background-repeat":"repeat","background-position":"center center","background-size":"auto","background-attachment":"scroll","background-type":"","background-media":"","overlay-type":"","overlay-color":"","overlay-opacity":"","overlay-gradient":""},"mobile":{"background-color":"var(--ast-global-color-5)","background-image":"","background-repeat":"repeat","background-position":"center center","background-size":"auto","background-attachment":"scroll","background-type":"","background-media":"","overlay-type":"","overlay-color":"","overlay-opacity":"","overlay-gradient":""}},"footnotes":""},"categories":[8,19],"tags":[11074,6618],"class_list":["post-31074","post","type-post","status-publish","format-standard","has-post-thumbnail","hentry","category-noticias","category-sin-limites-2","tag-cafeticultores-puebla","tag-huitzilan-de-serdan"],"_links":{"self":[{"href":"https:\/\/losperiodistas.com.mx\/portal\/wp-json\/wp\/v2\/posts\/31074","targetHints":{"allow":["GET"]}}],"collection":[{"href":"https:\/\/losperiodistas.com.mx\/portal\/wp-json\/wp\/v2\/posts"}],"about":[{"href":"https:\/\/losperiodistas.com.mx\/portal\/wp-json\/wp\/v2\/types\/post"}],"author":[{"embeddable":true,"href":"https:\/\/losperiodistas.com.mx\/portal\/wp-json\/wp\/v2\/users\/1"}],"replies":[{"embeddable":true,"href":"https:\/\/losperiodistas.com.mx\/portal\/wp-json\/wp\/v2\/comments?post=31074"}],"version-history":[{"count":1,"href":"https:\/\/losperiodistas.com.mx\/portal\/wp-json\/wp\/v2\/posts\/31074\/revisions"}],"predecessor-version":[{"id":31076,"href":"https:\/\/losperiodistas.com.mx\/portal\/wp-json\/wp\/v2\/posts\/31074\/revisions\/31076"}],"wp:featuredmedia":[{"embeddable":true,"href":"https:\/\/losperiodistas.com.mx\/portal\/wp-json\/wp\/v2\/media\/31075"}],"wp:attachment":[{"href":"https:\/\/losperiodistas.com.mx\/portal\/wp-json\/wp\/v2\/media?parent=31074"}],"wp:term":[{"taxonomy":"category","embeddable":true,"href":"https:\/\/losperiodistas.com.mx\/portal\/wp-json\/wp\/v2\/categories?post=31074"},{"taxonomy":"post_tag","embeddable":true,"href":"https:\/\/losperiodistas.com.mx\/portal\/wp-json\/wp\/v2\/tags?post=31074"}],"curies":[{"name":"wp","href":"https:\/\/api.w.org\/{rel}","templated":true}]}}