{"id":3105,"date":"2021-01-08T04:01:19","date_gmt":"2021-01-08T10:01:19","guid":{"rendered":"http:\/\/losperiodistas.com.mx\/portal\/?p=3105"},"modified":"2021-01-08T04:01:19","modified_gmt":"2021-01-08T10:01:19","slug":"distribucion-gratuita-o-venta-cual-es-la-propuesta-de-la-ip-para-aplicar-la-vacuna-forbes","status":"publish","type":"post","link":"https:\/\/losperiodistas.com.mx\/portal\/distribucion-gratuita-o-venta-cual-es-la-propuesta-de-la-ip-para-aplicar-la-vacuna-forbes\/","title":{"rendered":"Distribuci\u00f3n gratuita o venta, \u00bfcu\u00e1l es la propuesta de la IP para aplicar la vacuna? | Forbes"},"content":{"rendered":"\n<p style=\"font-size:18px\"><em>Ya existe una propuesta por parte del comit\u00e9 de Salud del Consejo Coordinador Empresarial , afirma la AMIS. La IP buscar\u00e1 contribuir para tener el mayor n\u00famero de personas vacunadas.<\/em><\/p>\n\n\n\n<p class=\"has-vivid-cyan-blue-color has-text-color has-medium-font-size\">VIRIDIANA MENDOZA ESCAMILLA \/ FORBES<\/p>\n\n\n\n<p>La IP no busca comprar la&nbsp;<strong>vacuna para que sea vendida por privados<\/strong>, afirm\u00f3 el vicepresidente de AMIS, Juan Patricio Riveroll.<\/p>\n\n\n\n<p>\u201cS\u00ed hay un esfuerzo y hay una propuesta muy concreta de parte del Comit\u00e9 de Salud, del Consejo Coordinador Empresarial en el que participamos como AMIS, muy seria, muy integral, hacia el gobierno, para apoyar a la autoridad en\u00a0<strong>una aplicaci\u00f3n m\u00e1s eficiente, m\u00e1s r\u00e1pida, m\u00e1s ordenada de la vacuna<\/strong>. Entonces, s\u00ed hay planteamientos a la autoridad y nosotros estamos subidos o como parte de ese Comit\u00e9 de Salud.\u201d<\/p>\n\n\n\n<p>El directivo explic\u00f3 que el planteamiento est\u00e1 relacionado con que el sector privado apoye al gobierno en&nbsp;<strong>la distribuci\u00f3n de vacunas<\/strong>&nbsp;para que, por ejemplo, las empresas puedan inocular r\u00e1pidamente a sus colaboradores y eso genere una base m\u00e1s numerosa de personas que tengan acceso a la inoculaci\u00f3n.&nbsp;<\/p>\n\n\n\n<p>\u201cDe lo que se trata es de ayudar como iniciativa privada, podamos hacer el programa de vacunaci\u00f3n tanto a colectivos directos, y cuando me refiero a colectivos directos me refiero a&nbsp;<strong>los empleados de la compa\u00f1\u00edas que representamos, a sus familiares<\/strong>, etc\u00e9tera, de tal suerte que eso corra como p\u00f3lvora alrededor de m\u00e1s y m\u00e1s personas vacunadas\u201d, a\u00f1adi\u00f3 Edgar Karam, tambi\u00e9n vicepresidente de Asociaci\u00f3n Mexicana de Instituciones&nbsp; de Seguros .&nbsp;<\/p>\n\n\n\n<p>Juan Patricio Riveroll a\u00f1adi\u00f3 que los esfuerzos&nbsp;<strong>no est\u00e1n enfocados en que el sector privado comercialice<\/strong>&nbsp;la vacuna, sino ayudar al sector p\u00fablico, al gobierno, a aplicar la vacuna.<\/p>\n\n\n\n<p>\u201cSer\u00eda la vacuna oficial, y hacerlo de una manera organizada, ordenada. Es una forma en donde el sector privado&nbsp;<strong>ponga los recursos humanos para aplicar la vacuna<\/strong>. Pero no se est\u00e1 hablando de desarrollar o de comercializar una vacuna en particular o unas vacunas en particular\u201d, aclar\u00f3.&nbsp;<\/p>\n\n\n\n<p><strong>Edgar Karam a\u00f1adi\u00f3 que la propuesta de la IP&nbsp;<\/strong>tiene que ver con la log\u00edstica, pues por lo extenso del pa\u00eds, los organismos privados pueden ayudar a agilizar los tiempos del programa de vacunaci\u00f3n.&nbsp;<\/p>\n\n\n\n<p>El 5 de enero lleg\u00f3 a M\u00e9xio el cuarto env\u00edo de vacunas de Pfizer\/BioNTech contra Covid-19 con&nbsp;<strong>53,625 dosis,<\/strong>&nbsp;una parte al Aeropuerto Internacional de la Ciudad de M\u00e9xico (AICM) y otra al de Monterrey.<\/p>\n\n\n\n<p><a href=\"https:\/\/www.forbes.com.mx\/actualidad-llega-embarque-con-53-mil-605-dosis-de-vacunas\/\"><em>Lee tambi\u00e9n: Llega nuevo embarque con 53,605 dosis de vacunas a M\u00e9xico<\/em><\/a><\/p>\n\n\n\n<p>A la capital del pa\u00eds llegaron&nbsp;<strong>44,850 dosis<\/strong>, en tanto que en Monterrey se recibieron&nbsp;<strong>8,755, las cuales ser\u00e1n aplicadas en Coahuila.<\/strong><\/p>\n\n\n\n<p><strong>Al 4 de enero, el pa\u00eds hab\u00eda administrado 43,960 dosis, un avance del 82% de las dosis recibidas y que se administraron a profesionistas de la salud de Ciudad de M\u00e9xico<\/strong>, Coahuila, Nuevo Le\u00f3n, Estado de M\u00e9xico y Quer\u00e9taro.<\/p>\n\n\n\n<p>Actualmente,\u00a0<strong>las vacunas autorizadas por Cofepris<\/strong>\u00a0para la administraci\u00f3n a los mexicanos cuentan con una autorizaci\u00f3n de uso en emergencia, lo cual implica que pueden usarse por el gobierno pero no se cuenta con la autorizaci\u00f3n para venta al p\u00fablico o a empresas privadas.\u00a0<\/p>\n\n\n\n<p>Fuente: https:\/\/www.forbes.com.mx\/negocios-distribucion-gratuita-venta-propuesta-ip-vacuna\/<\/p>\n","protected":false},"excerpt":{"rendered":"<p>Ya existe una propuesta por parte del comit\u00e9 de Salud del Consejo Coordinador Empresarial , afirma la AMIS. La IP [&hellip;]<\/p>\n","protected":false},"author":1,"featured_media":3106,"comment_status":"open","ping_status":"open","sticky":false,"template":"","format":"standard","meta":{"site-sidebar-layout":"default","site-content-layout":"","ast-site-content-layout":"default","site-content-style":"default","site-sidebar-style":"default","ast-global-header-display":"","ast-banner-title-visibility":"","ast-main-header-display":"","ast-hfb-above-header-display":"","ast-hfb-below-header-display":"","ast-hfb-mobile-header-display":"","site-post-title":"","ast-breadcrumbs-content":"","ast-featured-img":"","footer-sml-layout":"","theme-transparent-header-meta":"","adv-header-id-meta":"","stick-header-meta":"","header-above-stick-meta":"","header-main-stick-meta":"","header-below-stick-meta":"","astra-migrate-meta-layouts":"default","ast-page-background-enabled":"default","ast-page-background-meta":{"desktop":{"background-color":"var(--ast-global-color-4)","background-image":"","background-repeat":"repeat","background-position":"center center","background-size":"auto","background-attachment":"scroll","background-type":"","background-media":"","overlay-type":"","overlay-color":"","overlay-opacity":"","overlay-gradient":""},"tablet":{"background-color":"","background-image":"","background-repeat":"repeat","background-position":"center center","background-size":"auto","background-attachment":"scroll","background-type":"","background-media":"","overlay-type":"","overlay-color":"","overlay-opacity":"","overlay-gradient":""},"mobile":{"background-color":"","background-image":"","background-repeat":"repeat","background-position":"center center","background-size":"auto","background-attachment":"scroll","background-type":"","background-media":"","overlay-type":"","overlay-color":"","overlay-opacity":"","overlay-gradient":""}},"ast-content-background-meta":{"desktop":{"background-color":"var(--ast-global-color-5)","background-image":"","background-repeat":"repeat","background-position":"center center","background-size":"auto","background-attachment":"scroll","background-type":"","background-media":"","overlay-type":"","overlay-color":"","overlay-opacity":"","overlay-gradient":""},"tablet":{"background-color":"var(--ast-global-color-5)","background-image":"","background-repeat":"repeat","background-position":"center center","background-size":"auto","background-attachment":"scroll","background-type":"","background-media":"","overlay-type":"","overlay-color":"","overlay-opacity":"","overlay-gradient":""},"mobile":{"background-color":"var(--ast-global-color-5)","background-image":"","background-repeat":"repeat","background-position":"center center","background-size":"auto","background-attachment":"scroll","background-type":"","background-media":"","overlay-type":"","overlay-color":"","overlay-opacity":"","overlay-gradient":""}},"footnotes":""},"categories":[8],"tags":[],"class_list":["post-3105","post","type-post","status-publish","format-standard","has-post-thumbnail","hentry","category-noticias"],"_links":{"self":[{"href":"https:\/\/losperiodistas.com.mx\/portal\/wp-json\/wp\/v2\/posts\/3105","targetHints":{"allow":["GET"]}}],"collection":[{"href":"https:\/\/losperiodistas.com.mx\/portal\/wp-json\/wp\/v2\/posts"}],"about":[{"href":"https:\/\/losperiodistas.com.mx\/portal\/wp-json\/wp\/v2\/types\/post"}],"author":[{"embeddable":true,"href":"https:\/\/losperiodistas.com.mx\/portal\/wp-json\/wp\/v2\/users\/1"}],"replies":[{"embeddable":true,"href":"https:\/\/losperiodistas.com.mx\/portal\/wp-json\/wp\/v2\/comments?post=3105"}],"version-history":[{"count":1,"href":"https:\/\/losperiodistas.com.mx\/portal\/wp-json\/wp\/v2\/posts\/3105\/revisions"}],"predecessor-version":[{"id":3107,"href":"https:\/\/losperiodistas.com.mx\/portal\/wp-json\/wp\/v2\/posts\/3105\/revisions\/3107"}],"wp:featuredmedia":[{"embeddable":true,"href":"https:\/\/losperiodistas.com.mx\/portal\/wp-json\/wp\/v2\/media\/3106"}],"wp:attachment":[{"href":"https:\/\/losperiodistas.com.mx\/portal\/wp-json\/wp\/v2\/media?parent=3105"}],"wp:term":[{"taxonomy":"category","embeddable":true,"href":"https:\/\/losperiodistas.com.mx\/portal\/wp-json\/wp\/v2\/categories?post=3105"},{"taxonomy":"post_tag","embeddable":true,"href":"https:\/\/losperiodistas.com.mx\/portal\/wp-json\/wp\/v2\/tags?post=3105"}],"curies":[{"name":"wp","href":"https:\/\/api.w.org\/{rel}","templated":true}]}}