{"id":31023,"date":"2022-06-30T07:49:51","date_gmt":"2022-06-30T12:49:51","guid":{"rendered":"http:\/\/losperiodistas.com.mx\/portal\/?p=31023"},"modified":"2022-06-30T07:49:53","modified_gmt":"2022-06-30T12:49:53","slug":"santiago-creel-se-destapa-para-la-presidencia-en-2024-proceso","status":"publish","type":"post","link":"https:\/\/losperiodistas.com.mx\/portal\/santiago-creel-se-destapa-para-la-presidencia-en-2024-proceso\/","title":{"rendered":"Santiago Creel se destapa para la Presidencia en 2024 | Proceso"},"content":{"rendered":"\n<p><em>El diputado panista Santiago Creel se destap\u00f3 como aspirante a la Presidencia de la Rep\u00fablica en 2024 por una coalici\u00f3n en la que participe Movimiento Ciudadano.<\/em><\/p>\n\n\n\n<p><\/p>\n\n\n\n<figure class=\"wp-block-image size-full\"><img fetchpriority=\"high\" decoding=\"async\" width=\"800\" height=\"450\" src=\"https:\/\/losperiodistas.com.mx\/portal\/wp-content\/uploads\/2022\/06\/f800x450-157184_208630_5050.jpeg\" alt=\"\" class=\"wp-image-31024\" srcset=\"https:\/\/losperiodistas.com.mx\/portal\/wp-content\/uploads\/2022\/06\/f800x450-157184_208630_5050.jpeg 800w, https:\/\/losperiodistas.com.mx\/portal\/wp-content\/uploads\/2022\/06\/f800x450-157184_208630_5050-300x169.jpeg 300w, https:\/\/losperiodistas.com.mx\/portal\/wp-content\/uploads\/2022\/06\/f800x450-157184_208630_5050-768x432.jpeg 768w\" sizes=\"(max-width: 800px) 100vw, 800px\" \/><figcaption>El diputado panista Santiago Creel Miranda. Foto: Montserrat L\u00f3pez<\/figcaption><\/figure>\n\n\n\n<p><\/p>\n\n\n\n<p class=\"has-vivid-cyan-blue-color has-text-color has-medium-font-size\">REDACCI\u00d3N PROCESO<\/p>\n\n\n\n<p>CIUDAD DE M\u00c9XICO (apro).\u2013 El diputado panista Santiago Creel se destap\u00f3 como aspirante a la Presidencia de la Rep\u00fablica en 2024 por la coalici\u00f3n en la que, dijo, desea que se sume Movimiento Ciudadano.<\/p>\n\n\n\n<p>En un evento en Guadalajara realizado por la agrupaci\u00f3n Conf\u00edo en M\u00e9xico, el panista revel\u00f3 sus intenciones pol\u00edticas y declar\u00f3 estar preparado para contender por la Presidencia, pues afirm\u00f3 tener experiencia, convicci\u00f3n y decisi\u00f3n.<\/p>\n\n\n\n<h5 class=\"wp-block-heading\">NOTICIAS RELACIONADAS<\/h5>\n\n\n\n<ul class=\"wp-block-list\"><li><a href=\"https:\/\/www.proceso.com.mx\/reportajes\/2022\/5\/23\/el-juego-de-los-destapados-una-bomba-de-tiempo-en-el-partido-del-presidente-286367.html\">El juego de los destapados, una bomba de tiempo en el partido del presidente<\/a><\/li><li><a href=\"https:\/\/www.proceso.com.mx\/nacional\/2022\/3\/20\/la-diputada-de-morena-patricia-armendariz-se-autodestapa-para-la-presidencia-en-2024-282856.html\">La diputada de Morena Patricia Armend\u00e1riz se autodestapa para la presidencia en 2024<\/a><\/li><li><a href=\"https:\/\/www.proceso.com.mx\/nacional\/2022\/2\/18\/lilly-tellez-se-destapa-como-candidata-presidencial-para-el-2024-me-gustaria-ver-amlo-tras-las-rejas-281128.html\">Lilly T\u00e9llez se destapa como candidata presidencial para el 2024: \u00abme gustar\u00eda ver a AMLO tras las rejas\u00bb<\/a><\/li><li><a href=\"https:\/\/www.proceso.com.mx\/nacional\/politica\/2021\/11\/18\/mario-delgado-destapa-adan-augusto-lopez-como-presidenciable-276076.html\">Mario Delgado destapa a Ad\u00e1n Augusto L\u00f3pez como presidenciable<\/a><\/li><\/ul>\n\n\n\n<p>\u201cLo ideal es la alianza completa\u201d, expres\u00f3 en referencia a que desea que la oposici\u00f3n sea integrada por todos los partidos pol\u00edticos adversarios a Morena, aunque sostuvo que respetar\u00e1 la decisi\u00f3n de cada partido y sus militantes.<\/p>\n\n\n\n<blockquote class=\"wp-block-quote is-layout-flow wp-block-quote-is-layout-flow\"><p>\u201cSi a m\u00ed no me alcanza, porque soy un hombre realista, si mi capital no me alcanza, yo me sumar\u00e9 a quien s\u00ed le alcance, sea hombre o mujer. Para m\u00ed lo importante es el proyecto de Va por M\u00e9xico\u201d, dijo.<\/p><\/blockquote>\n\n\n\n<p>Fuente: https:\/\/www.proceso.com.mx\/nacional\/2022\/6\/29\/santiago-creel-se-destapa-para-la-presidencia-en-2024-288675.html<\/p>\n","protected":false},"excerpt":{"rendered":"<p>El diputado panista Santiago Creel se destap\u00f3 como aspirante a la Presidencia de la Rep\u00fablica en 2024 por una coalici\u00f3n [&hellip;]<\/p>\n","protected":false},"author":1,"featured_media":31024,"comment_status":"open","ping_status":"open","sticky":false,"template":"","format":"standard","meta":{"site-sidebar-layout":"default","site-content-layout":"","ast-site-content-layout":"default","site-content-style":"default","site-sidebar-style":"default","ast-global-header-display":"","ast-banner-title-visibility":"","ast-main-header-display":"","ast-hfb-above-header-display":"","ast-hfb-below-header-display":"","ast-hfb-mobile-header-display":"","site-post-title":"","ast-breadcrumbs-content":"","ast-featured-img":"","footer-sml-layout":"","theme-transparent-header-meta":"","adv-header-id-meta":"","stick-header-meta":"","header-above-stick-meta":"","header-main-stick-meta":"","header-below-stick-meta":"","astra-migrate-meta-layouts":"default","ast-page-background-enabled":"default","ast-page-background-meta":{"desktop":{"background-color":"var(--ast-global-color-4)","background-image":"","background-repeat":"repeat","background-position":"center center","background-size":"auto","background-attachment":"scroll","background-type":"","background-media":"","overlay-type":"","overlay-color":"","overlay-opacity":"","overlay-gradient":""},"tablet":{"background-color":"","background-image":"","background-repeat":"repeat","background-position":"center center","background-size":"auto","background-attachment":"scroll","background-type":"","background-media":"","overlay-type":"","overlay-color":"","overlay-opacity":"","overlay-gradient":""},"mobile":{"background-color":"","background-image":"","background-repeat":"repeat","background-position":"center center","background-size":"auto","background-attachment":"scroll","background-type":"","background-media":"","overlay-type":"","overlay-color":"","overlay-opacity":"","overlay-gradient":""}},"ast-content-background-meta":{"desktop":{"background-color":"var(--ast-global-color-5)","background-image":"","background-repeat":"repeat","background-position":"center center","background-size":"auto","background-attachment":"scroll","background-type":"","background-media":"","overlay-type":"","overlay-color":"","overlay-opacity":"","overlay-gradient":""},"tablet":{"background-color":"var(--ast-global-color-5)","background-image":"","background-repeat":"repeat","background-position":"center center","background-size":"auto","background-attachment":"scroll","background-type":"","background-media":"","overlay-type":"","overlay-color":"","overlay-opacity":"","overlay-gradient":""},"mobile":{"background-color":"var(--ast-global-color-5)","background-image":"","background-repeat":"repeat","background-position":"center center","background-size":"auto","background-attachment":"scroll","background-type":"","background-media":"","overlay-type":"","overlay-color":"","overlay-opacity":"","overlay-gradient":""}},"footnotes":""},"categories":[8],"tags":[5486,4970,1661],"class_list":["post-31023","post","type-post","status-publish","format-standard","has-post-thumbnail","hentry","category-noticias","tag-elecciones-2024","tag-santiago-creel","tag-va-por-mexico"],"_links":{"self":[{"href":"https:\/\/losperiodistas.com.mx\/portal\/wp-json\/wp\/v2\/posts\/31023","targetHints":{"allow":["GET"]}}],"collection":[{"href":"https:\/\/losperiodistas.com.mx\/portal\/wp-json\/wp\/v2\/posts"}],"about":[{"href":"https:\/\/losperiodistas.com.mx\/portal\/wp-json\/wp\/v2\/types\/post"}],"author":[{"embeddable":true,"href":"https:\/\/losperiodistas.com.mx\/portal\/wp-json\/wp\/v2\/users\/1"}],"replies":[{"embeddable":true,"href":"https:\/\/losperiodistas.com.mx\/portal\/wp-json\/wp\/v2\/comments?post=31023"}],"version-history":[{"count":1,"href":"https:\/\/losperiodistas.com.mx\/portal\/wp-json\/wp\/v2\/posts\/31023\/revisions"}],"predecessor-version":[{"id":31025,"href":"https:\/\/losperiodistas.com.mx\/portal\/wp-json\/wp\/v2\/posts\/31023\/revisions\/31025"}],"wp:featuredmedia":[{"embeddable":true,"href":"https:\/\/losperiodistas.com.mx\/portal\/wp-json\/wp\/v2\/media\/31024"}],"wp:attachment":[{"href":"https:\/\/losperiodistas.com.mx\/portal\/wp-json\/wp\/v2\/media?parent=31023"}],"wp:term":[{"taxonomy":"category","embeddable":true,"href":"https:\/\/losperiodistas.com.mx\/portal\/wp-json\/wp\/v2\/categories?post=31023"},{"taxonomy":"post_tag","embeddable":true,"href":"https:\/\/losperiodistas.com.mx\/portal\/wp-json\/wp\/v2\/tags?post=31023"}],"curies":[{"name":"wp","href":"https:\/\/api.w.org\/{rel}","templated":true}]}}