{"id":31017,"date":"2022-06-30T07:25:03","date_gmt":"2022-06-30T12:25:03","guid":{"rendered":"http:\/\/losperiodistas.com.mx\/portal\/?p=31017"},"modified":"2022-06-30T07:25:05","modified_gmt":"2022-06-30T12:25:05","slug":"ciberacoso-contra-hijo-de-amlo-fue-una-estrategia-coordinada-aseguro-laboratorio-digital-de-la-unam-infobae","status":"publish","type":"post","link":"https:\/\/losperiodistas.com.mx\/portal\/ciberacoso-contra-hijo-de-amlo-fue-una-estrategia-coordinada-aseguro-laboratorio-digital-de-la-unam-infobae\/","title":{"rendered":"Ciberacoso contra hijo de AMLO \u201cfue una estrategia coordinada\u201d, asegur\u00f3 laboratorio digital de la UNAM | Infobae"},"content":{"rendered":"\n<p><em>Las cuentas que participaron activamente en el ataque a Jes\u00fas Ernesto tambi\u00e9n realizaron cr\u00edticas al gobierno de L\u00f3pez Obrador<\/em><\/p>\n\n\n\n<p><\/p>\n\n\n\n<figure class=\"wp-block-image size-large\"><img fetchpriority=\"high\" decoding=\"async\" width=\"1024\" height=\"683\" src=\"https:\/\/losperiodistas.com.mx\/portal\/wp-content\/uploads\/2022\/06\/OBPEHATYTFHVHFQPRGBLNPNRDE-1024x683.jpg\" alt=\"\" class=\"wp-image-31018\" srcset=\"https:\/\/losperiodistas.com.mx\/portal\/wp-content\/uploads\/2022\/06\/OBPEHATYTFHVHFQPRGBLNPNRDE-1024x683.jpg 1024w, https:\/\/losperiodistas.com.mx\/portal\/wp-content\/uploads\/2022\/06\/OBPEHATYTFHVHFQPRGBLNPNRDE-300x200.jpg 300w, https:\/\/losperiodistas.com.mx\/portal\/wp-content\/uploads\/2022\/06\/OBPEHATYTFHVHFQPRGBLNPNRDE-768x512.jpg 768w, https:\/\/losperiodistas.com.mx\/portal\/wp-content\/uploads\/2022\/06\/OBPEHATYTFHVHFQPRGBLNPNRDE.jpg 1440w\" sizes=\"(max-width: 1024px) 100vw, 1024px\" \/><figcaption>Andr\u00e9s Manuel L\u00f3pez Obrador acompa\u00f1ado por su esposa Beatriz Guti\u00e9rrez M\u00fcller y su hijo Jes\u00fas Ernesto durante su campa\u00f1a en 2018. FOTO: SA\u00daL L\u00d3PEZ \/CUARTOSCURO.COM<\/figcaption><\/figure>\n\n\n\n<p>INFOBAE<\/p>\n\n\n\n<p><strong>Jes\u00fas Ernesto, hijo menor del presidente Andr\u00e9s Manuel L\u00f3pez Obrador<\/strong>, fue objeto de m\u00faltiples ataques y cr\u00edticas en redes sociales el pasado 24 de junio, pues m\u00faltiples usuarios hicieron burlas por su aspecto f\u00edsico tras la publicaci\u00f3n de una foto en la que el joven aparece con el titular del Ejecutivo Federal.<\/p>\n\n\n\n<p>Al respecto,&nbsp;<strong>Tlatelolco Lab<\/strong>&nbsp;realiz\u00f3 un estudio que permiti\u00f3 concluir que<strong>&nbsp;el ciberacoso hacia el hijo del presidente&nbsp;<\/strong>fue parte de una&nbsp;<strong>estrategia coordinada<\/strong>&nbsp;para difundir memes y mensajes ofensivos en contra del menor de edad.<\/p>\n\n\n\n<p>Tlatelolco Lab es un grupo interdisciplinario \u201ccomprometido con la investigaci\u00f3n y la defensa de la democracia\u201d, de acuerdo con su sitio oficial. En \u00e9l colaboran especialistas en&nbsp;<strong>ciencias sociales, humanidades, ciencia de sistemas y an\u00e1lisis de datos<\/strong>&nbsp;para abordar temas relevantes en el debate p\u00fablico.<\/p>\n\n\n\n<p>Como parte de su estudio, compartido en las redes sociales del Programa Universitario de Estudios sobre Democracia, Justicia y Sociedad (PUEDJS) de la UNAM, Tlatelolco Lab encontr\u00f3 que los hashtags m\u00e1s utilizados para atacar a Jes\u00fas Ernesto fueron&nbsp;<strong>#RotoFlan, #ChocoflanAhumado y #JesusErnesto<\/strong>.<img decoding=\"async\" alt=\"Gr\u00e1fica de comportamiento de hashtags del estudio realizado por Tlatelolco Lab (Imagen: Twitter\/@PUEDJSUNAM)\" height=\"1080\" width=\"1440\" class=\"\" src=\"https:\/\/cloudfront-us-east-1.images.arcpublishing.com\/infobae\/BUXG4WEJZRC5VOWOY6CHYW4NS4.jpg\" srcset=\"https:\/\/www.infobae.com\/new-resizer\/REZhz8doAqZXj_GNdfxsswpzt6c=\/420x315\/filters:format(webp):quality(85)\/cloudfront-us-east-1.images.arcpublishing.com\/infobae\/BUXG4WEJZRC5VOWOY6CHYW4NS4.jpg 420w,https:\/\/www.infobae.com\/new-resizer\/97FENI5RtIWw7b-C7lBfqpyZNdE=\/768x576\/filters:format(webp):quality(85)\/cloudfront-us-east-1.images.arcpublishing.com\/infobae\/BUXG4WEJZRC5VOWOY6CHYW4NS4.jpg 768w,https:\/\/www.infobae.com\/new-resizer\/JenakrdeHni1aqEtIFk2hXpjOeo=\/992x744\/filters:format(webp):quality(85)\/cloudfront-us-east-1.images.arcpublishing.com\/infobae\/BUXG4WEJZRC5VOWOY6CHYW4NS4.jpg 992w,https:\/\/www.infobae.com\/new-resizer\/jv29PxOoACklifIWID3PWEoW5CQ=\/1200x900\/filters:format(webp):quality(85)\/cloudfront-us-east-1.images.arcpublishing.com\/infobae\/BUXG4WEJZRC5VOWOY6CHYW4NS4.jpg 1200w,https:\/\/www.infobae.com\/new-resizer\/sx5DTC8RlRv8vIxaELzs37DL8OI=\/1440x1080\/filters:format(webp):quality(85)\/cloudfront-us-east-1.images.arcpublishing.com\/infobae\/BUXG4WEJZRC5VOWOY6CHYW4NS4.jpg 1440w\">Gr\u00e1fica de comportamiento de hashtags del estudio realizado por Tlatelolco Lab (Imagen: Twitter\/@PUEDJSUNAM)<\/p>\n\n\n\n<p>Por otro lado, el an\u00e1lisis de datos realizado por el laboratorio digital arroj\u00f3 que&nbsp;<strong>el tipo de publicaci\u00f3n m\u00e1s frecuente durante el ataque fue el retweet<\/strong>, lo cual refleja que \u201cla actividad principal fue la de&nbsp;<strong>amplificaci\u00f3n de contenido<\/strong>: repetir las ideas e im\u00e1genes, ya que el acoso es un comportamiento repetitivo que busca atemorizar y humillar\u201d.<\/p>\n\n\n\n<p>Adem\u00e1s, se identific\u00f3 que los hashtags y comentarios utilizados para burlarse del hijo de AMLO estuvieron acompa\u00f1ados de una \u201c<strong>narconarrativa\u201d que pretend\u00eda vincular al gobierno morenista con el narcotr\u00e1fico<\/strong>. \u201cEsto sugiere que el objetivo no s\u00f3lo fue acosar al menor, sino generar una estrategia de ataque pol\u00edtico\u201d, sentenciaron los especialistas de la UNAM.<img decoding=\"async\" alt=\"Las cuentas que atacaron a Jes\u00fas Ernesto tambi\u00e9n difundieron una narrativa de vinculaci\u00f3n a Morena con el narcotr\u00e1fico. (Imagen: Twitter\/@PUEDJSUNAM)\" height=\"1080\" width=\"1440\" class=\"\" src=\"https:\/\/cloudfront-us-east-1.images.arcpublishing.com\/infobae\/GKBXJNX2JZF2TEWVG5MYI2CBPE.jpg\" srcset=\"https:\/\/www.infobae.com\/new-resizer\/FgDQ_VqSfK1KWxZW9eEPhQjQhGs=\/420x315\/filters:format(webp):quality(85)\/cloudfront-us-east-1.images.arcpublishing.com\/infobae\/GKBXJNX2JZF2TEWVG5MYI2CBPE.jpg 420w,https:\/\/www.infobae.com\/new-resizer\/DwwIozJkiln8ko4bMJ7bkjwAmN4=\/768x576\/filters:format(webp):quality(85)\/cloudfront-us-east-1.images.arcpublishing.com\/infobae\/GKBXJNX2JZF2TEWVG5MYI2CBPE.jpg 768w,https:\/\/www.infobae.com\/new-resizer\/-aa54-gUOJw1z8TMuH7IvSHtpKc=\/992x744\/filters:format(webp):quality(85)\/cloudfront-us-east-1.images.arcpublishing.com\/infobae\/GKBXJNX2JZF2TEWVG5MYI2CBPE.jpg 992w,https:\/\/www.infobae.com\/new-resizer\/0nwfmXneqcPqVCXcMPxerhmUHng=\/1200x900\/filters:format(webp):quality(85)\/cloudfront-us-east-1.images.arcpublishing.com\/infobae\/GKBXJNX2JZF2TEWVG5MYI2CBPE.jpg 1200w,https:\/\/www.infobae.com\/new-resizer\/dhh1XS8VG4Abg0c0aEgMrXUjoS4=\/1440x1080\/filters:format(webp):quality(85)\/cloudfront-us-east-1.images.arcpublishing.com\/infobae\/GKBXJNX2JZF2TEWVG5MYI2CBPE.jpg 1440w\">Las cuentas que atacaron a Jes\u00fas Ernesto tambi\u00e9n difundieron una narrativa de vinculaci\u00f3n a Morena con el narcotr\u00e1fico. (Imagen: Twitter\/@PUEDJSUNAM)<\/p>\n\n\n\n<p>Respecto a la articulaci\u00f3n entre ambos temas, Tlatelolco Lab inform\u00f3 que ubicaron cerca de<strong>&nbsp;mil 800 cuentas de Twitter<\/strong>&nbsp;que se dedicaron a realizar tanto publicaciones de ataque hacia Jes\u00fas Ernesto como aquellas en las que vinculaban al gobierno federal con el narcotr\u00e1fico con hashtags como<strong>&nbsp;#MorenaNarcopartido y #NarcoPresidente<\/strong>.<\/p>\n\n\n\n<p>Sumado a ello, el estudio revel\u00f3 que se identificaron al menos&nbsp;<strong>50 cuentas que realizaron r\u00e1fagas de retweets<\/strong>&nbsp;con el objetivo de posicionar el hashtag #Rotoflan, algunas de las cuales hicieron m\u00e1s de 100 retweets en menos de un minuto. Esto, seg\u00fan el grupo de la UNAM, es un \u201c<strong>comportamiento an\u00f3malo&nbsp;<\/strong>(que) sugiere la existencia de una estrategia de amplificaci\u00f3n y<strong>&nbsp;manipulaci\u00f3n de tr\u00e1fico<\/strong>\u201d.<\/p>\n\n\n\n<p>Por si fuera poco, se logr\u00f3 determinar que las cuentas m\u00e1s activas durante el ciberacoso hacia Jes\u00fas Ernesto interactuaron&nbsp;<strong>de manera organizada y coordinada&nbsp;<\/strong>en una comunidad para amplificar sus narrativas de ataque, lo que demuestra que, adem\u00e1s de la manipulaci\u00f3n de tr\u00e1fico en la red social, \u201c<strong>el acoso y su uso pol\u00edtico fue orquestado<\/strong>\u201d.<img loading=\"lazy\" decoding=\"async\" alt=\"Imagen: Twitter\/@PUEDJSUNAM\" height=\"1080\" width=\"1440\" class=\"\" src=\"https:\/\/cloudfront-us-east-1.images.arcpublishing.com\/infobae\/QQPEHDBCV5HYJFGGQ4E7TUGN7I.jpg\" srcset=\"https:\/\/www.infobae.com\/new-resizer\/kKBEJk6-qASzlc0-wBYH8zWOMRE=\/420x315\/filters:format(webp):quality(85)\/cloudfront-us-east-1.images.arcpublishing.com\/infobae\/QQPEHDBCV5HYJFGGQ4E7TUGN7I.jpg 420w,https:\/\/www.infobae.com\/new-resizer\/t8SBBJxidaJePiJ5qLTxXZSRMCw=\/768x576\/filters:format(webp):quality(85)\/cloudfront-us-east-1.images.arcpublishing.com\/infobae\/QQPEHDBCV5HYJFGGQ4E7TUGN7I.jpg 768w,https:\/\/www.infobae.com\/new-resizer\/TPziUHZZ0VuVgv7gOYe5OFPnn8c=\/992x744\/filters:format(webp):quality(85)\/cloudfront-us-east-1.images.arcpublishing.com\/infobae\/QQPEHDBCV5HYJFGGQ4E7TUGN7I.jpg 992w,https:\/\/www.infobae.com\/new-resizer\/DF-mgqScS4YsaP5knBiV-7UWIo4=\/1200x900\/filters:format(webp):quality(85)\/cloudfront-us-east-1.images.arcpublishing.com\/infobae\/QQPEHDBCV5HYJFGGQ4E7TUGN7I.jpg 1200w,https:\/\/www.infobae.com\/new-resizer\/ysh7xB-06lmpRy7IzCAipWoCuY8=\/1440x1080\/filters:format(webp):quality(85)\/cloudfront-us-east-1.images.arcpublishing.com\/infobae\/QQPEHDBCV5HYJFGGQ4E7TUGN7I.jpg 1440w\">Imagen: Twitter\/@PUEDJSUNAM<\/p>\n\n\n\n<p>Como suele ocurrir en este tipo de campa\u00f1as de ciberacoso, la mayor\u00eda de las cuentas que participaron en el ataque a Jes\u00fas Ernesto lo hicieron desde el&nbsp;<strong>anonimato<\/strong>.<\/p>\n\n\n\n<p>Al hablar de las razones u objetivos de estas estrategias de ciberacoso, Tlatelolco Lab asegur\u00f3 que responden, por lo general, a la&nbsp;<strong>intenci\u00f3n de crear conflictos en las plataformas digitales<\/strong>.<\/p>\n\n\n\n<p>\u201cLa presencia de este tipo de estrategias coordinadas con cuentas con comportamientos an\u00f3malos para la amplificaci\u00f3n sistem\u00e1tica de narrativas de ataque y acoso&nbsp;<strong>buscan posicionar temas en la conversaci\u00f3n de manera artificial<\/strong>&nbsp;y generar conflicto en las redes sociodigitales\u201d, aseguraron en la publicaci\u00f3n en la que compartieron su an\u00e1lisis.<img loading=\"lazy\" decoding=\"async\" alt=\"Imagen: Twitter\/@PUEDJSUNAM\" height=\"1080\" width=\"1440\" class=\"\" src=\"https:\/\/cloudfront-us-east-1.images.arcpublishing.com\/infobae\/NZHPYU3BNVFIPDSO3HKIHOCMRE.jpg\" srcset=\"https:\/\/www.infobae.com\/new-resizer\/Fjwi4rpc7-1us1zrHvene2PFX8A=\/420x315\/filters:format(webp):quality(85)\/cloudfront-us-east-1.images.arcpublishing.com\/infobae\/NZHPYU3BNVFIPDSO3HKIHOCMRE.jpg 420w,https:\/\/www.infobae.com\/new-resizer\/2ifxt4Z0jnJmE6XCPbgHyKjkMeM=\/768x576\/filters:format(webp):quality(85)\/cloudfront-us-east-1.images.arcpublishing.com\/infobae\/NZHPYU3BNVFIPDSO3HKIHOCMRE.jpg 768w,https:\/\/www.infobae.com\/new-resizer\/wIpmWqqpkfGYdQViVJwn2tvbhWU=\/992x744\/filters:format(webp):quality(85)\/cloudfront-us-east-1.images.arcpublishing.com\/infobae\/NZHPYU3BNVFIPDSO3HKIHOCMRE.jpg 992w,https:\/\/www.infobae.com\/new-resizer\/QrYYFvkdI4D0IlvBG157mddVI88=\/1200x900\/filters:format(webp):quality(85)\/cloudfront-us-east-1.images.arcpublishing.com\/infobae\/NZHPYU3BNVFIPDSO3HKIHOCMRE.jpg 1200w,https:\/\/www.infobae.com\/new-resizer\/qq4V1pakHHr02SCY98YPrlSh0jc=\/1440x1080\/filters:format(webp):quality(85)\/cloudfront-us-east-1.images.arcpublishing.com\/infobae\/NZHPYU3BNVFIPDSO3HKIHOCMRE.jpg 1440w\">Imagen: Twitter\/@PUEDJSUNAM<\/p>\n\n\n\n<p>Concretamente, tras el an\u00e1lisis y el cruce de datos, el grupo de especialistas concluy\u00f3 que esta estrategia de ciberacoso no s\u00f3lo&nbsp;<strong>vulner\u00f3 y atent\u00f3 contra la imagen e integridad de Jes\u00fas Ernesto<\/strong>, sino que pretendi\u00f3 convertirlo en&nbsp;<strong>un medio para atacar a Andr\u00e9s Manuel L\u00f3pez Obrador<\/strong>.<\/p>\n\n\n\n<p>Bajo esta misma narrativa, Tlatelolco Lab expres\u00f3 su rechazo hacia este tipo de conductas y acciones de odio coordinadas en las redes sociales y pronunci\u00f3 su postura a favor del combate a la violencia en los entornos digitales.<\/p>\n\n\n\n<p>\u201cLas agresiones en redes impactan en la vida de las personas. Por ello, nos pronunciamos a favor de&nbsp;<strong>una vida libre de violencia y por entornos digitales seguros para todxs<\/strong>, especialmente para las infancias\u201d, expresaron en su cuenta de Twitter.<\/p>\n\n\n\n<h2 class=\"wp-block-heading\">Militantes de la 4T defendieron a Jes\u00fas Ernesto<\/h2>\n\n\n\n<p>Tras la proliferaci\u00f3n de comentarios y mensajes que buscaban burlarse del f\u00edsico de Jes\u00fas Ernesto, m\u00faltiples figuras de la pol\u00edtica mexicana, principalmente militantes de Morena, se pronunciaron al respecto y<strong>&nbsp;calificaron las mofas hacia el menor como actos de discriminaci\u00f3n, clasismo y bajeza<\/strong>.<\/p>\n\n\n\n<p>Primeramente, el propio presidente L\u00f3pez Obrador sali\u00f3 en defensa de su hijo y asegur\u00f3 que los ataques, provenientes del bloque opositor, derivaron de la desesperaci\u00f3n por lanzar cr\u00edticas hacia el Movimiento de Regeneraci\u00f3n Nacional (Morena).<\/p>\n\n\n\n<p>\u201cMi pobre hijo que lo amo, Jes\u00fas, est\u00e1 excedido de peso, ya saben, (por) la adolescencia. Y con sa\u00f1a lo atacan.&nbsp;<strong>Esa es una cobard\u00eda<\/strong>. El problema es conmigo, no con \u00e9l. Hasta en las verdaderas mafias se respeta a la familia\u201d, expres\u00f3 L\u00f3pez Obrador.<img loading=\"lazy\" decoding=\"async\" alt=\"AMLO \/ Ma\u00f1anera\" height=\"1080\" width=\"1920\" class=\"\" src=\"https:\/\/cloudfront-us-east-1.images.arcpublishing.com\/infobae\/FWOCF2PZ7NCWJASYTMZE6ENQ4Y.jpg\" srcset=\"https:\/\/www.infobae.com\/new-resizer\/nFcnQT2geKhKNsvg0PnMCCJNt4o=\/420x236\/filters:format(webp):quality(85)\/cloudfront-us-east-1.images.arcpublishing.com\/infobae\/FWOCF2PZ7NCWJASYTMZE6ENQ4Y.jpg 420w,https:\/\/www.infobae.com\/new-resizer\/ckJ6-AbSqH-gytoVhwZyUGQDr2I=\/768x432\/filters:format(webp):quality(85)\/cloudfront-us-east-1.images.arcpublishing.com\/infobae\/FWOCF2PZ7NCWJASYTMZE6ENQ4Y.jpg 768w,https:\/\/www.infobae.com\/new-resizer\/a5KCpaRzByvg5cS7LWaBmsoe8i4=\/992x558\/filters:format(webp):quality(85)\/cloudfront-us-east-1.images.arcpublishing.com\/infobae\/FWOCF2PZ7NCWJASYTMZE6ENQ4Y.jpg 992w,https:\/\/www.infobae.com\/new-resizer\/WzjyNWm0n6PFtIFvJehzv_8HO5A=\/1200x675\/filters:format(webp):quality(85)\/cloudfront-us-east-1.images.arcpublishing.com\/infobae\/FWOCF2PZ7NCWJASYTMZE6ENQ4Y.jpg 1200w,https:\/\/www.infobae.com\/new-resizer\/AlDLW3H2S6kVSB96hc-MVjRuPrA=\/1440x810\/filters:format(webp):quality(85)\/cloudfront-us-east-1.images.arcpublishing.com\/infobae\/FWOCF2PZ7NCWJASYTMZE6ENQ4Y.jpg 1440w\">AMLO \/ Ma\u00f1anera<\/p>\n\n\n\n<p>Adicionalmente, declar\u00f3: \u201cYo lo entiendo.&nbsp;<strong>Es su grado de desesperaci\u00f3n porque no pueden<\/strong>. \u00bfY por qu\u00e9 no pueden? Porque ellos no tienen amor por el pueblo\u201d.<\/p>\n\n\n\n<p>Bajo esta misma narrativa, en Twitter comenzaron a circular mensajes en defensa de Jes\u00fas Ernesto con el hashtag #ConLosNi\u00f1osNo, as\u00ed como m\u00faltiples reproches hacia las personas que se burlaron del f\u00edsico del menor de edad.<\/p>\n\n\n\n<p>Marcelo Ebrard, titular de la Secretar\u00eda de Relaciones Exteriores, por ejemplo, extern\u00f3 que \u201cJes\u00fas Ernesto es un adolescente sensible y lleno de vida.<strong>&nbsp;El odio en su contra es bajeza y discriminaci\u00f3n.<\/strong>&nbsp;Cobard\u00eda pura. No prevalecer\u00e1n. Cari\u00f1o y solidaridad con Jes\u00fas Ernesto #ConLosNi\u00f1osNo\u201d.<\/p>\n\n\n\n<p>Por otro lado, Citlali Hern\u00e1ndez, secretaria general de Morena, escribi\u00f3 en su cuenta de Twitter que \u201ccomo no tienen ideas, nos confrontan con su odio. El debate es parte de la democracia, la discriminaci\u00f3n es de personas mezquinas sin ideas para debatir. En mi caso,&nbsp;<strong>m\u00e9tanse con mi f\u00edsico si no tienen + que decir<\/strong>, pero dejen en paz a Jes\u00fas Ernesto; #ConLosNi\u00f1osNo, con ninguno\u201d.<\/p>\n\n\n\n<figure class=\"wp-block-image\"><img decoding=\"async\" src=\"https:\/\/cloudfront-us-east-1.images.arcpublishing.com\/infobae\/FRSWHXJ3LBAELJFDCWYVH6EDXI.jpg\" alt=\"\"\/><\/figure>\n\n\n\n<p>La bancada del partido guinda en el&nbsp;<strong>Senado de la Rep\u00fablica<\/strong>&nbsp;tambi\u00e9n emiti\u00f3 un pronunciamiento para condenar las agresiones en contra de Jes\u00fas Ernesto. A trav\u00e9s de su cuenta de Twitter hicieron p\u00fablico un comunicado con el cual externaron su inconformidad respecto a la situaci\u00f3n.<\/p>\n\n\n\n<p>En el mensaje, recordaron que&nbsp;<strong>atentar contra la dignidad de un menor de edad es un acto ilegal&nbsp;<\/strong>y se contrapone a lo estipulado en la Constituci\u00f3n Mexicana, en la que se contempla la protecci\u00f3n de datos personales e im\u00e1genes de cualquier persona como un derecho humano.<\/p>\n\n\n\n<p>\u201cEstos actos s\u00f3lo exhiben la bajeza y la ruindad humana en la que operan la oposici\u00f3n y el conservadurismo, llamando permanentemente al odio, divisi\u00f3n y discriminaci\u00f3n\u201d, aseguraron las y los senadores de Morena.<\/p>\n\n\n\n<p>De acuerdo con datos compartidos por&nbsp;<strong>UNICEF M\u00e9xico<\/strong>, los principales usuarios de internet en el pa\u00eds son j\u00f3venes y adolescentes, pues se estima que entre 80 y 94% de la poblaci\u00f3n entre 12 y 17 a\u00f1os tiene acceso a internet o a una computadora.<\/p>\n\n\n\n<p>Sin embargo, la informaci\u00f3n m\u00e1s reciente del Instituto Nacional de Estad\u00edstica y Geograf\u00eda (INEGI) indica que entre octubre de 2019 y noviembre de 2020,&nbsp;<strong>21% de la poblaci\u00f3n de 12 a\u00f1os y m\u00e1s usuaria de internet fue v\u00edctima de ciberacoso<\/strong>.<\/p>\n\n\n\n<p>Para las\u00a0<strong>mujeres v\u00edctimas de estas actividades<\/strong>, la situaci\u00f3n m\u00e1s frecuente fueron las<strong>\u00a0insinuaciones o propuestas sexuales\u00a0<\/strong>(35.9%), mientras que\u00a0<strong>en el caso de los hombres fue el contacto mediante identidades falsas<\/strong>\u00a0(37.1%)<\/p>\n\n\n\n<p>Fuente: https:\/\/www.infobae.com\/america\/mexico\/2022\/06\/30\/ciberacoso-contra-hijo-de-amlo-fue-una-estrategia-coordinada-aseguro-laboratorio-digital-de-la-unam\/<\/p>\n","protected":false},"excerpt":{"rendered":"<p>Las cuentas que participaron activamente en el ataque a Jes\u00fas Ernesto tambi\u00e9n realizaron cr\u00edticas al gobierno de L\u00f3pez Obrador INFOBAE [&hellip;]<\/p>\n","protected":false},"author":1,"featured_media":31018,"comment_status":"open","ping_status":"open","sticky":false,"template":"","format":"standard","meta":{"site-sidebar-layout":"default","site-content-layout":"","ast-site-content-layout":"default","site-content-style":"default","site-sidebar-style":"default","ast-global-header-display":"","ast-banner-title-visibility":"","ast-main-header-display":"","ast-hfb-above-header-display":"","ast-hfb-below-header-display":"","ast-hfb-mobile-header-display":"","site-post-title":"","ast-breadcrumbs-content":"","ast-featured-img":"","footer-sml-layout":"","theme-transparent-header-meta":"","adv-header-id-meta":"","stick-header-meta":"","header-above-stick-meta":"","header-main-stick-meta":"","header-below-stick-meta":"","astra-migrate-meta-layouts":"default","ast-page-background-enabled":"default","ast-page-background-meta":{"desktop":{"background-color":"var(--ast-global-color-4)","background-image":"","background-repeat":"repeat","background-position":"center center","background-size":"auto","background-attachment":"scroll","background-type":"","background-media":"","overlay-type":"","overlay-color":"","overlay-opacity":"","overlay-gradient":""},"tablet":{"background-color":"","background-image":"","background-repeat":"repeat","background-position":"center center","background-size":"auto","background-attachment":"scroll","background-type":"","background-media":"","overlay-type":"","overlay-color":"","overlay-opacity":"","overlay-gradient":""},"mobile":{"background-color":"","background-image":"","background-repeat":"repeat","background-position":"center center","background-size":"auto","background-attachment":"scroll","background-type":"","background-media":"","overlay-type":"","overlay-color":"","overlay-opacity":"","overlay-gradient":""}},"ast-content-background-meta":{"desktop":{"background-color":"var(--ast-global-color-5)","background-image":"","background-repeat":"repeat","background-position":"center center","background-size":"auto","background-attachment":"scroll","background-type":"","background-media":"","overlay-type":"","overlay-color":"","overlay-opacity":"","overlay-gradient":""},"tablet":{"background-color":"var(--ast-global-color-5)","background-image":"","background-repeat":"repeat","background-position":"center center","background-size":"auto","background-attachment":"scroll","background-type":"","background-media":"","overlay-type":"","overlay-color":"","overlay-opacity":"","overlay-gradient":""},"mobile":{"background-color":"var(--ast-global-color-5)","background-image":"","background-repeat":"repeat","background-position":"center center","background-size":"auto","background-attachment":"scroll","background-type":"","background-media":"","overlay-type":"","overlay-color":"","overlay-opacity":"","overlay-gradient":""}},"footnotes":""},"categories":[8],"tags":[199,7761,11058],"class_list":["post-31017","post","type-post","status-publish","format-standard","has-post-thumbnail","hentry","category-noticias","tag-amlo","tag-ciberacoso","tag-tlatelolco-lab"],"_links":{"self":[{"href":"https:\/\/losperiodistas.com.mx\/portal\/wp-json\/wp\/v2\/posts\/31017","targetHints":{"allow":["GET"]}}],"collection":[{"href":"https:\/\/losperiodistas.com.mx\/portal\/wp-json\/wp\/v2\/posts"}],"about":[{"href":"https:\/\/losperiodistas.com.mx\/portal\/wp-json\/wp\/v2\/types\/post"}],"author":[{"embeddable":true,"href":"https:\/\/losperiodistas.com.mx\/portal\/wp-json\/wp\/v2\/users\/1"}],"replies":[{"embeddable":true,"href":"https:\/\/losperiodistas.com.mx\/portal\/wp-json\/wp\/v2\/comments?post=31017"}],"version-history":[{"count":1,"href":"https:\/\/losperiodistas.com.mx\/portal\/wp-json\/wp\/v2\/posts\/31017\/revisions"}],"predecessor-version":[{"id":31019,"href":"https:\/\/losperiodistas.com.mx\/portal\/wp-json\/wp\/v2\/posts\/31017\/revisions\/31019"}],"wp:featuredmedia":[{"embeddable":true,"href":"https:\/\/losperiodistas.com.mx\/portal\/wp-json\/wp\/v2\/media\/31018"}],"wp:attachment":[{"href":"https:\/\/losperiodistas.com.mx\/portal\/wp-json\/wp\/v2\/media?parent=31017"}],"wp:term":[{"taxonomy":"category","embeddable":true,"href":"https:\/\/losperiodistas.com.mx\/portal\/wp-json\/wp\/v2\/categories?post=31017"},{"taxonomy":"post_tag","embeddable":true,"href":"https:\/\/losperiodistas.com.mx\/portal\/wp-json\/wp\/v2\/tags?post=31017"}],"curies":[{"name":"wp","href":"https:\/\/api.w.org\/{rel}","templated":true}]}}