{"id":31014,"date":"2022-06-30T07:05:44","date_gmt":"2022-06-30T12:05:44","guid":{"rendered":"http:\/\/losperiodistas.com.mx\/portal\/?p=31014"},"modified":"2022-06-30T07:05:46","modified_gmt":"2022-06-30T12:05:46","slug":"denuncian-fraude-con-reventa-de-predios-en-sierra-norte-de-puebla-angulo-7","status":"publish","type":"post","link":"https:\/\/losperiodistas.com.mx\/portal\/denuncian-fraude-con-reventa-de-predios-en-sierra-norte-de-puebla-angulo-7\/","title":{"rendered":"Denuncian fraude con reventa de predios en Sierra Norte de Puebla | \u00c1ngulo 7"},"content":{"rendered":"\n<figure class=\"wp-block-image size-full\"><img fetchpriority=\"high\" decoding=\"async\" width=\"620\" height=\"330\" src=\"https:\/\/losperiodistas.com.mx\/portal\/wp-content\/uploads\/2022\/06\/Denuncian-fraude-con-reventa-de-predios-en-Sierra-Norte-de-Puebla.jpeg\" alt=\"\" class=\"wp-image-31015\" srcset=\"https:\/\/losperiodistas.com.mx\/portal\/wp-content\/uploads\/2022\/06\/Denuncian-fraude-con-reventa-de-predios-en-Sierra-Norte-de-Puebla.jpeg 620w, https:\/\/losperiodistas.com.mx\/portal\/wp-content\/uploads\/2022\/06\/Denuncian-fraude-con-reventa-de-predios-en-Sierra-Norte-de-Puebla-300x160.jpeg 300w\" sizes=\"(max-width: 620px) 100vw, 620px\" \/><figcaption><em>Foto: Especial<\/em><\/figcaption><\/figure>\n\n\n\n<p><\/p>\n\n\n\n<p class=\"has-vivid-cyan-blue-color has-text-color has-medium-font-size\">DIANA MART\u00cdNEZ \/ \u00c1NGULO 7<\/p>\n\n\n\n<p>Campesinos de la&nbsp;<strong>Sierra Norte de Puebla<\/strong>&nbsp;acusaron a&nbsp;<strong>Ernesto Fosado L\u00f3pez<\/strong>&nbsp;de fraude por unos&nbsp;<strong>5 millones de pesos<\/strong>, pues revende predios ejidales, adem\u00e1s de que amenaza a los afectados con armas; pidieron a la&nbsp;<strong>FGR y FGE atender su denuncia.<\/strong><\/p>\n\n\n\n<p>En&nbsp;<strong>entrevista con \u00c1ngulo<\/strong>&nbsp;<strong>7<\/strong>, algunos de los afectados, que se dedican a la&nbsp;<strong>cosecha de caf\u00e9, ma\u00edz, pl\u00e1tano, etc\u00e9tera<\/strong>, indicaron que en noviembre de 2019, en una asamblea en las tierras que tienen en su&nbsp;<strong>posesi\u00f3n llamadas Tres Encinos<\/strong>, de&nbsp;<strong>600 hect\u00e1reas<\/strong>, en el municipio de&nbsp;<strong>Francisco Z. Mena,<\/strong>&nbsp;Fosado L\u00f3pez se aperson\u00f3 para comprometerse a promover la&nbsp;<strong>regularizaci\u00f3n del lugar, por lo que lo aceptaron como representante.<\/strong><\/p>\n\n\n\n<p>Fosa L\u00f3pez acord\u00f3 con los&nbsp;<strong>campesinos que le dieran una cuota de 4 mil 500 pesos<\/strong>; mientras el primero iniciaba su trabajo, los segundos continuaban con sus labores en sus predios que denominaron Nuevo Progreso y, al tener sus domicilios en otros municipios, tuvieron que trasladarse, pero cuando regresaron al cabo de un mes, se&nbsp;<strong>encontraron con que el hombre ya los hab\u00eda vendido a otras personas.<\/strong><\/p>\n\n\n\n<p>De acuerdo con los afectados, el sujeto&nbsp;<strong>vende 5 hect\u00e1reas por mil 500 pesos<\/strong>, pero hay gente que ha llegado a pagar 40 mil, 100 mil y hasta 240 mil pesos; este modus operandi lo ha aplicado, estimaron, con al&nbsp;<strong>menos 200 campesinos<\/strong>, no s\u00f3lo con ejidos de Francisco Z. Mena, sino de Jalpan, Zihuateutla y Venustiano Carranza, todos de la&nbsp;<strong>cabecera distrital de Xicotepec de Ju\u00e1rez.<\/strong><\/p>\n\n\n\n<h2 class=\"wp-block-heading\">Presume ser primo de Ardelio Vargas<\/h2>\n\n\n\n<p>\u201cLo hace de&nbsp;<strong>palabra porque el predio<\/strong>&nbsp;(Tres Encinos) est\u00e1 inscrito en el&nbsp;<strong>Registro Agrario Nacional\u201d,<\/strong>&nbsp;indicaron.<\/p>\n\n\n\n<p>El supuesto l\u00edder, acusaron, presume ser primo de Ardelio Vargas Fosado,&nbsp;<strong>exsubsecretario de Seguridad P\u00fablica de Puebla<\/strong>, para amedrentarlos, pero no s\u00f3lo usa dicha relaci\u00f3n consangu\u00ednea para amenazar, ya que los campesinos se\u00f1alaron que a&nbsp;<strong>punta de pistola \u00e9l y otras personas los corren de los ejidos.<\/strong><\/p>\n\n\n\n<p>Por ello, 20 personas, encabezadas por Andr\u00e9s Hern\u00e1ndez Antonio,\u00a0<strong>Gerardo<\/strong>\u00a0<strong>Escalona Sol\u00eds y Marcelo Jim\u00e9nez Rebollo<\/strong>\u00a0interpusieron una demanda colectiva ante la Fiscal\u00eda General de la Rep\u00fablica (FGR) contra Fosado L\u00f3pez por uso de armas, adem\u00e1s, este mismo organismo remiti\u00f3 la denuncia a la Fiscal\u00eda General del Estado (FGE) para que hiciera lo\u00a0<strong>respectivo en cuanto al delito de despojo, que es del fuero com\u00fan<\/strong>, sin embargo, no los han llamado a declarar, lo que demuestra que no avanza la carpeta.<\/p>\n\n\n\n<p>Los campesinos pidieron a la\u00a0<strong>FGR y FGE<\/strong>\u00a0que atiendan sus denuncias para poder recuperar su dinero y\u00a0<strong>evitar un conflicto mayor,\u00a0<\/strong>mientras que al gobernador Miguel Barbosa Huerta solicitaron su intervenci\u00f3n.<\/p>\n\n\n\n<figure class=\"wp-block-embed is-type-rich is-provider-scribd wp-block-embed-scribd wp-embed-aspect-9-16 wp-has-aspect-ratio\"><div class=\"wp-block-embed__wrapper\">\n<iframe title=\"Denuncian fraude con reventa de predios en Sierra Norte de Puebla\" class=\"scribd_iframe_embed\" src=\"https:\/\/www.scribd.com\/embeds\/580430561\/content\" data-aspect-ratio=\"0.6429080541696365\" scrolling=\"no\" id=\"580430561\" width=\"500\" height=\"750\" frameborder=\"0\"><\/iframe><script type=\"text\/javascript\">          (function() { var scribd = document.createElement(\"script\"); scribd.type = \"text\/javascript\"; scribd.async = true; scribd.src = \"https:\/\/www.scribd.com\/javascripts\/embed_code\/inject.js\"; var s = document.getElementsByTagName(\"script\")[0]; s.parentNode.insertBefore(scribd, s); })()        <\/script>\n<\/div><\/figure>\n\n\n\n<p><\/p>\n\n\n\n<p>Fuente: https:\/\/www.angulo7.com.mx\/2022\/06\/29\/acusan-fraude-con-reventa-de-predios-en-sierra-norte-de-puebla\/<\/p>\n","protected":false},"excerpt":{"rendered":"<p>DIANA MART\u00cdNEZ \/ \u00c1NGULO 7 Campesinos de la&nbsp;Sierra Norte de Puebla&nbsp;acusaron a&nbsp;Ernesto Fosado L\u00f3pez&nbsp;de fraude por unos&nbsp;5 millones de pesos, [&hellip;]<\/p>\n","protected":false},"author":1,"featured_media":31015,"comment_status":"open","ping_status":"open","sticky":false,"template":"","format":"standard","meta":{"site-sidebar-layout":"default","site-content-layout":"","ast-site-content-layout":"default","site-content-style":"default","site-sidebar-style":"default","ast-global-header-display":"","ast-banner-title-visibility":"","ast-main-header-display":"","ast-hfb-above-header-display":"","ast-hfb-below-header-display":"","ast-hfb-mobile-header-display":"","site-post-title":"","ast-breadcrumbs-content":"","ast-featured-img":"","footer-sml-layout":"","theme-transparent-header-meta":"","adv-header-id-meta":"","stick-header-meta":"","header-above-stick-meta":"","header-main-stick-meta":"","header-below-stick-meta":"","astra-migrate-meta-layouts":"default","ast-page-background-enabled":"default","ast-page-background-meta":{"desktop":{"background-color":"var(--ast-global-color-4)","background-image":"","background-repeat":"repeat","background-position":"center center","background-size":"auto","background-attachment":"scroll","background-type":"","background-media":"","overlay-type":"","overlay-color":"","overlay-opacity":"","overlay-gradient":""},"tablet":{"background-color":"","background-image":"","background-repeat":"repeat","background-position":"center center","background-size":"auto","background-attachment":"scroll","background-type":"","background-media":"","overlay-type":"","overlay-color":"","overlay-opacity":"","overlay-gradient":""},"mobile":{"background-color":"","background-image":"","background-repeat":"repeat","background-position":"center center","background-size":"auto","background-attachment":"scroll","background-type":"","background-media":"","overlay-type":"","overlay-color":"","overlay-opacity":"","overlay-gradient":""}},"ast-content-background-meta":{"desktop":{"background-color":"var(--ast-global-color-5)","background-image":"","background-repeat":"repeat","background-position":"center center","background-size":"auto","background-attachment":"scroll","background-type":"","background-media":"","overlay-type":"","overlay-color":"","overlay-opacity":"","overlay-gradient":""},"tablet":{"background-color":"var(--ast-global-color-5)","background-image":"","background-repeat":"repeat","background-position":"center center","background-size":"auto","background-attachment":"scroll","background-type":"","background-media":"","overlay-type":"","overlay-color":"","overlay-opacity":"","overlay-gradient":""},"mobile":{"background-color":"var(--ast-global-color-5)","background-image":"","background-repeat":"repeat","background-position":"center center","background-size":"auto","background-attachment":"scroll","background-type":"","background-media":"","overlay-type":"","overlay-color":"","overlay-opacity":"","overlay-gradient":""}},"footnotes":""},"categories":[8],"tags":[106,11055,11057,11056],"class_list":["post-31014","post","type-post","status-publish","format-standard","has-post-thumbnail","hentry","category-noticias","tag-ardelio-vargas","tag-ernesto-fosado-lopez","tag-fraude-reventa-predios","tag-tres-encinos"],"_links":{"self":[{"href":"https:\/\/losperiodistas.com.mx\/portal\/wp-json\/wp\/v2\/posts\/31014","targetHints":{"allow":["GET"]}}],"collection":[{"href":"https:\/\/losperiodistas.com.mx\/portal\/wp-json\/wp\/v2\/posts"}],"about":[{"href":"https:\/\/losperiodistas.com.mx\/portal\/wp-json\/wp\/v2\/types\/post"}],"author":[{"embeddable":true,"href":"https:\/\/losperiodistas.com.mx\/portal\/wp-json\/wp\/v2\/users\/1"}],"replies":[{"embeddable":true,"href":"https:\/\/losperiodistas.com.mx\/portal\/wp-json\/wp\/v2\/comments?post=31014"}],"version-history":[{"count":1,"href":"https:\/\/losperiodistas.com.mx\/portal\/wp-json\/wp\/v2\/posts\/31014\/revisions"}],"predecessor-version":[{"id":31016,"href":"https:\/\/losperiodistas.com.mx\/portal\/wp-json\/wp\/v2\/posts\/31014\/revisions\/31016"}],"wp:featuredmedia":[{"embeddable":true,"href":"https:\/\/losperiodistas.com.mx\/portal\/wp-json\/wp\/v2\/media\/31015"}],"wp:attachment":[{"href":"https:\/\/losperiodistas.com.mx\/portal\/wp-json\/wp\/v2\/media?parent=31014"}],"wp:term":[{"taxonomy":"category","embeddable":true,"href":"https:\/\/losperiodistas.com.mx\/portal\/wp-json\/wp\/v2\/categories?post=31014"},{"taxonomy":"post_tag","embeddable":true,"href":"https:\/\/losperiodistas.com.mx\/portal\/wp-json\/wp\/v2\/tags?post=31014"}],"curies":[{"name":"wp","href":"https:\/\/api.w.org\/{rel}","templated":true}]}}