{"id":31011,"date":"2022-06-30T06:30:37","date_gmt":"2022-06-30T11:30:37","guid":{"rendered":"http:\/\/losperiodistas.com.mx\/portal\/?p=31011"},"modified":"2022-06-30T06:52:04","modified_gmt":"2022-06-30T11:52:04","slug":"contagios-de-covid-siguen-al-alza-23-mil-148-nuevos-casos-en-24-horas-la-jornada","status":"publish","type":"post","link":"https:\/\/losperiodistas.com.mx\/portal\/contagios-de-covid-siguen-al-alza-23-mil-148-nuevos-casos-en-24-horas-la-jornada\/","title":{"rendered":"Contagios de covid siguen al alza; 23 mil 148 nuevos casos en 24 horas\u00a0| La Jornada"},"content":{"rendered":"\n<p><\/p>\n\n\n\n<figure class=\"wp-block-image size-full\"><img fetchpriority=\"high\" decoding=\"async\" width=\"640\" height=\"446\" src=\"https:\/\/losperiodistas.com.mx\/portal\/wp-content\/uploads\/2022\/06\/image_large-1-2.jpeg\" alt=\"\" class=\"wp-image-31012\" srcset=\"https:\/\/losperiodistas.com.mx\/portal\/wp-content\/uploads\/2022\/06\/image_large-1-2.jpeg 640w, https:\/\/losperiodistas.com.mx\/portal\/wp-content\/uploads\/2022\/06\/image_large-1-2-300x209.jpeg 300w\" sizes=\"(max-width: 640px) 100vw, 640px\" \/><figcaption>Personal de salud aplica una prueba de covid-19 en la alcald\u00eda Venustiano Carranza de la CDMX.\u00a0Foto\u00a0<strong>Alfredo Dom\u00ednguez<\/strong><\/figcaption><\/figure>\n\n\n\n<p><\/p>\n\n\n\n<p class=\"has-vivid-cyan-blue-color has-text-color has-medium-font-size\">\u00c1NGELES CRUZ MART\u00cdNEZ \/ LA JORNADA<\/p>\n\n\n\n<p><em>Ciudad de M\u00e9xico.<\/em>\u00a0La transmisi\u00f3n del coronavirus est\u00e1 aumentando su velocidad. Hoy se confirmaron 23 mil 148 casos de covid-19, con lo que se rebas\u00f3 la cifra de seis millones de personas que han tenido la enfermedad, de acuerdo con el reporte de la Secretar\u00eda de Salud (SSa).<\/p>\n\n\n\n<p>Tambi\u00e9n se confirmaron 31 decesos, para un acumulado de 325 mil 669 desde el inicio de la emergencia sanitaria en marzo de 2020.<\/p>\n\n\n\n<p>La dependencia indic\u00f3 que la ocupaci\u00f3n hospitalaria subi\u00f3 un punto porcentual, para situarse en 7 por ciento en las camas generales, las que tienen ventilador se mantienen en 2 por ciento.<\/p>\n\n\n\n<p>En tanto, el n\u00famero de personas con infecci\u00f3n activa registr\u00f3 un incremento mayor al de los d\u00edas pasados, con 14 mil 747 para ubicarse en 132 mil 954. Los estados con m\u00e1s activos son Ciudad de M\u00e9xico, Baja California Sur, Quintana Roo, Sinaloa, Yucat\u00e1n, Colima, Nuevo Le\u00f3n, Quer\u00e9taro, San Luis Potos\u00ed y Nayarit.<\/p>\n\n\n\n<p>Fuente: https:\/\/www.jornada.com.mx\/notas\/2022\/06\/29\/politica\/contagios-de-covid-siguen-al-alza-23-mil-148-nuevos-casos-en-24-horas\/ <\/p>\n\n\n\n<p><video width=\"1\" height=\"1\" muted=\"true\" poster=\"https:\/\/mcd.ex.co\/video\/upload\/so_4\/v1490095101\/landscapee07d477f-764a-4bcc-a682-422099e0778f_1656574380092.jpg\" src=\"blob:https:\/\/www.jornada.com.mx\/603f8ada-8d9c-4513-bfe3-5a6e42ea5f2c\"><\/p>\n","protected":false},"excerpt":{"rendered":"<p>\u00c1NGELES CRUZ MART\u00cdNEZ \/ LA JORNADA Ciudad de M\u00e9xico.\u00a0La transmisi\u00f3n del coronavirus est\u00e1 aumentando su velocidad. Hoy se confirmaron 23 [&hellip;]<\/p>\n","protected":false},"author":1,"featured_media":31012,"comment_status":"open","ping_status":"open","sticky":false,"template":"","format":"standard","meta":{"site-sidebar-layout":"default","site-content-layout":"","ast-site-content-layout":"default","site-content-style":"default","site-sidebar-style":"default","ast-global-header-display":"","ast-banner-title-visibility":"","ast-main-header-display":"","ast-hfb-above-header-display":"","ast-hfb-below-header-display":"","ast-hfb-mobile-header-display":"","site-post-title":"","ast-breadcrumbs-content":"","ast-featured-img":"","footer-sml-layout":"","theme-transparent-header-meta":"","adv-header-id-meta":"","stick-header-meta":"","header-above-stick-meta":"","header-main-stick-meta":"","header-below-stick-meta":"","astra-migrate-meta-layouts":"default","ast-page-background-enabled":"default","ast-page-background-meta":{"desktop":{"background-color":"var(--ast-global-color-4)","background-image":"","background-repeat":"repeat","background-position":"center center","background-size":"auto","background-attachment":"scroll","background-type":"","background-media":"","overlay-type":"","overlay-color":"","overlay-opacity":"","overlay-gradient":""},"tablet":{"background-color":"","background-image":"","background-repeat":"repeat","background-position":"center center","background-size":"auto","background-attachment":"scroll","background-type":"","background-media":"","overlay-type":"","overlay-color":"","overlay-opacity":"","overlay-gradient":""},"mobile":{"background-color":"","background-image":"","background-repeat":"repeat","background-position":"center center","background-size":"auto","background-attachment":"scroll","background-type":"","background-media":"","overlay-type":"","overlay-color":"","overlay-opacity":"","overlay-gradient":""}},"ast-content-background-meta":{"desktop":{"background-color":"var(--ast-global-color-5)","background-image":"","background-repeat":"repeat","background-position":"center center","background-size":"auto","background-attachment":"scroll","background-type":"","background-media":"","overlay-type":"","overlay-color":"","overlay-opacity":"","overlay-gradient":""},"tablet":{"background-color":"var(--ast-global-color-5)","background-image":"","background-repeat":"repeat","background-position":"center center","background-size":"auto","background-attachment":"scroll","background-type":"","background-media":"","overlay-type":"","overlay-color":"","overlay-opacity":"","overlay-gradient":""},"mobile":{"background-color":"var(--ast-global-color-5)","background-image":"","background-repeat":"repeat","background-position":"center center","background-size":"auto","background-attachment":"scroll","background-type":"","background-media":"","overlay-type":"","overlay-color":"","overlay-opacity":"","overlay-gradient":""}},"footnotes":""},"categories":[8],"tags":[1536,10714],"class_list":["post-31011","post","type-post","status-publish","format-standard","has-post-thumbnail","hentry","category-noticias","tag-covid-19-mexico","tag-quinta-ola"],"_links":{"self":[{"href":"https:\/\/losperiodistas.com.mx\/portal\/wp-json\/wp\/v2\/posts\/31011","targetHints":{"allow":["GET"]}}],"collection":[{"href":"https:\/\/losperiodistas.com.mx\/portal\/wp-json\/wp\/v2\/posts"}],"about":[{"href":"https:\/\/losperiodistas.com.mx\/portal\/wp-json\/wp\/v2\/types\/post"}],"author":[{"embeddable":true,"href":"https:\/\/losperiodistas.com.mx\/portal\/wp-json\/wp\/v2\/users\/1"}],"replies":[{"embeddable":true,"href":"https:\/\/losperiodistas.com.mx\/portal\/wp-json\/wp\/v2\/comments?post=31011"}],"version-history":[{"count":1,"href":"https:\/\/losperiodistas.com.mx\/portal\/wp-json\/wp\/v2\/posts\/31011\/revisions"}],"predecessor-version":[{"id":31013,"href":"https:\/\/losperiodistas.com.mx\/portal\/wp-json\/wp\/v2\/posts\/31011\/revisions\/31013"}],"wp:featuredmedia":[{"embeddable":true,"href":"https:\/\/losperiodistas.com.mx\/portal\/wp-json\/wp\/v2\/media\/31012"}],"wp:attachment":[{"href":"https:\/\/losperiodistas.com.mx\/portal\/wp-json\/wp\/v2\/media?parent=31011"}],"wp:term":[{"taxonomy":"category","embeddable":true,"href":"https:\/\/losperiodistas.com.mx\/portal\/wp-json\/wp\/v2\/categories?post=31011"},{"taxonomy":"post_tag","embeddable":true,"href":"https:\/\/losperiodistas.com.mx\/portal\/wp-json\/wp\/v2\/tags?post=31011"}],"curies":[{"name":"wp","href":"https:\/\/api.w.org\/{rel}","templated":true}]}}