{"id":31008,"date":"2022-06-30T06:43:00","date_gmt":"2022-06-30T11:43:00","guid":{"rendered":"http:\/\/losperiodistas.com.mx\/portal\/?p=31008"},"modified":"2022-06-30T06:43:01","modified_gmt":"2022-06-30T11:43:01","slug":"luis-gerardo-moro-lider-de-los-jesuitas-en-mexico-los-abrazos-no-balazos-ya-son-una-frase-trillada-el-pais","status":"publish","type":"post","link":"https:\/\/losperiodistas.com.mx\/portal\/luis-gerardo-moro-lider-de-los-jesuitas-en-mexico-los-abrazos-no-balazos-ya-son-una-frase-trillada-el-pais\/","title":{"rendered":"Luis Gerardo Moro, l\u00edder de los Jesuitas en M\u00e9xico: \u201cLos \u2018abrazos, no balazos\u2019 ya son una frase trillada\u201d | El Pa\u00eds"},"content":{"rendered":"\n<p><em>El religioso pide revisar la estrategia de seguridad del Gobierno federal tras los asesinatos de dos sacerdotes en la sierra Tarahumara<\/em><\/p>\n\n\n\n<p><\/p>\n\n\n\n<figure class=\"wp-block-image size-large\"><img fetchpriority=\"high\" decoding=\"async\" width=\"1024\" height=\"576\" src=\"https:\/\/losperiodistas.com.mx\/portal\/wp-content\/uploads\/2022\/06\/AI6VEPMGEBDTPFGSNRLPPQKNPI-1024x576.jpeg\" alt=\"\" class=\"wp-image-31009\" srcset=\"https:\/\/losperiodistas.com.mx\/portal\/wp-content\/uploads\/2022\/06\/AI6VEPMGEBDTPFGSNRLPPQKNPI-1024x576.jpeg 1024w, https:\/\/losperiodistas.com.mx\/portal\/wp-content\/uploads\/2022\/06\/AI6VEPMGEBDTPFGSNRLPPQKNPI-300x169.jpeg 300w, https:\/\/losperiodistas.com.mx\/portal\/wp-content\/uploads\/2022\/06\/AI6VEPMGEBDTPFGSNRLPPQKNPI-768x432.jpeg 768w, https:\/\/losperiodistas.com.mx\/portal\/wp-content\/uploads\/2022\/06\/AI6VEPMGEBDTPFGSNRLPPQKNPI-1536x864.jpeg 1536w, https:\/\/losperiodistas.com.mx\/portal\/wp-content\/uploads\/2022\/06\/AI6VEPMGEBDTPFGSNRLPPQKNPI.jpeg 1960w\" sizes=\"(max-width: 1024px) 100vw, 1024px\" \/><figcaption>El provincial jesuita de M\u00e9xico, Luis Gerardo Moro.<\/figcaption><\/figure>\n\n\n\n<p><\/p>\n\n\n\n<p class=\"has-vivid-cyan-blue-color has-text-color has-medium-font-size\">JON MART\u00cdN CULLELL \/ EL PA\u00cdS<\/p>\n\n\n\n<p>El padre Luis Gerardo Moro (Puebla, 50 a\u00f1os) acaba de volver de unos d\u00edas de dolor en la sierra Tarahumara. El provincial de los Jesuitas en M\u00e9xico, l\u00edder de la orden en el pa\u00eds, viaj\u00f3 la semana pasada a esta regi\u00f3n apartada del Estado de Chihuahua para reconocer los cad\u00e1veres de los&nbsp;<a href=\"https:\/\/elpais.com\/mexico\/2022-06-22\/los-jesuitas-javier-campos-y-joaquin-mora-dos-defensores-de-los-raramuris-asesinados-por-el-narco.html\">misioneros Javier Campos y Joaqu\u00edn Mora<\/a>, asesinados por un l\u00edder del narco local dentro de su iglesia. Tras recuperar los cad\u00e1veres, los sacerdotes fueron enterrados este lunes en el pueblo de Cerocahui entre ritos cat\u00f3licos y rar\u00e1muris.<\/p>\n\n\n\n<p>De vuelta en Ciudad de M\u00e9xico, el provincial afirma que la orden no abandonar\u00e1 la sierra Tarahumara, donde tienen centros culturales, cl\u00ednicas y proyectos de defensa de los derechos humanos. Sin embargo, Moro llama a las autoridades a revisar su estrategia de seguridad ante una ola de violencia que no se detiene y que,&nbsp;<a href=\"https:\/\/elpais.com\/mexico\/2022-06-21\/acribillados-a-balazos-dos-sacerdotes-jesuitas-en-la-sierra-tarahumara-de-mexico.html\">con el asesinato m\u00faltiple en la iglesia<\/a>, \u201ctraspas\u00f3 las barreras\u201d. \u201cEsta f\u00f3rmula de \u2018abrazos no balazos\u2019 ya es una frase trillada, que m\u00e1s que prestarse al di\u00e1logo parece que produce rechazo\u201d, dice, con voz tranquila, en entrevista telef\u00f3nica con EL PA\u00cdS.<\/p>\n\n\n\n<p><strong>Pregunta.<\/strong>&nbsp;\u00bfC\u00f3mo vio a la comunidad de Cerocahui tras los asesinatos?<\/p>\n\n\n\n<p><strong>Respuesta.<\/strong>&nbsp;Los d\u00edas inmediatos fueron momentos de dolor, tristeza, sobre todo para la comunidad rar\u00e1muri de Cerocahui. El asesinato de los dos padres y de esta otra persona dentro del templo trastoc\u00f3 el orden c\u00f3smico de la cultura rar\u00e1muri. Conforme avanzaron los d\u00edas, la presencia de m\u00e1s seguridad y la certidumbre de que los cuerpos ser\u00edan tra\u00eddos a la parroquia fueron devolviendo los \u00e1nimos. La decisi\u00f3n de realizar un acto de purificaci\u00f3n del templo, de velar los cuerpos conforme a la costumbre rar\u00e1muri, ha sido una fuente de consolaci\u00f3n para la comunidad. Se vivieron momentos de esperanza.<\/p>\n\n\n\n<p><strong>P.<\/strong>&nbsp;\u00bfEsperanza? \u00bfCree que esto marca un antes y un despu\u00e9s?<\/p>\n\n\n\n<p><strong>R.<\/strong>&nbsp;Si algo lograron Javier, Joaqu\u00edn y Pedro, el gu\u00eda de turistas, fue visibilizar Cerocahui, una poblaci\u00f3n en el olvido. Hay esperanza en que las cosas puedan cambiar, en que las autoridades tomen en serio lo que est\u00e1n pidiendo las comunidades ind\u00edgenas de la sierra. Tambi\u00e9n queremos apostar a que esto traiga un poco m\u00e1s de seguridad. La violencia o el narco no van a acabar, pero por lo menos este suceso va a hacer que lo que ocurre en la sierra capte m\u00e1s la atenci\u00f3n.<\/p>\n\n\n\n<p><strong>P.<\/strong>&nbsp;Ustedes han hablado de la expansi\u00f3n del narco en la zona. \u00bfC\u00f3mo complica eso el trabajo de los misioneros?<\/p>\n\n\n\n<p><strong>R.&nbsp;<\/strong>Ha habido un distanciamiento pactado; ellos no se meten con nosotros y nosotros obviamente tampoco nos vamos a meter con ellos. Est\u00e1n muy definidos nuestros roles. En otros lugares, s\u00ed ha habido jesuitas amenazados por decir una palabra de m\u00e1s, por atender a una persona de m\u00e1s. De pronto, no sabes si denunciar porque esa persona que recibe la denuncia quiz\u00e1s forma parte de esos grupos. Esto lo saben los misioneros y creo que tambi\u00e9n el Gobierno.<\/p>\n\n\n\n<p><strong>P.&nbsp;<\/strong>\u00bfHan pensado en abandonar la misi\u00f3n de Cerocahui tras los asesinatos?<\/p>\n\n\n\n<p><strong>R.&nbsp;<\/strong>Nunca pensamos en abandonar la sierra. No forma parte de nuestro carisma. No solamente no nos salimos, sino que nos vamos a meter m\u00e1s. Creemos que podemos ayudar tambi\u00e9n en esos procesos de paz, de exigencia al Gobierno. Nuestra labor no se ver\u00e1 afectada, lo vemos con cierto optimismo. M\u00e1s a\u00fan, yo quer\u00eda que el padre y el di\u00e1cono que presenciaron todo salieran del lugar por lo menos una semana a descansar, a que se atendieran psicol\u00f3gicamente. Les propuse eso y la respuesta fue \u201cno, el pueblo nos necesita y no lo podemos abandonar\u201d. Ante un momento as\u00ed, no queda m\u00e1s que aplaudir la labor de esos hombres.<\/p>\n\n\n\n<p><strong>P.&nbsp;<\/strong>\u00bfC\u00f3mo avanza la b\u00fasqueda del asesino?<\/p>\n\n\n\n<p><strong>R.<\/strong>&nbsp;El Ej\u00e9rcito nos ha dicho que las condiciones de la sierra dificultan la b\u00fasqueda. Adem\u00e1s, la gente no quiere hablar porque significa comprometerse y no saben si va a haber represalias. Es una dificultad que se est\u00e1n encontrando las autoridades para localizarlo. Lo \u00fanico que demand\u00e9 al Gobierno el lunes es no dejar a la comunidad desprotegida, sobre todo en estos momentos en que todav\u00eda no se detiene al agresor. Mientras no se detenga a la persona o al grupo, est\u00e1n en riesgo.<\/p>\n\n\n\n<p><strong>P.<\/strong>&nbsp;Ustedes han pedido un cambio en la estrategia de seguridad del Gobierno. \u00bfPor qu\u00e9?<\/p>\n\n\n\n<p><strong>R.&nbsp;<\/strong>Nosotros no queremos sumar a la polarizaci\u00f3n del pa\u00eds. Queremos construir la paz, que llegue a la sierra Tarahumara y a todo M\u00e9xico. Si ello conlleva una revisi\u00f3n de la estrategia, adelante. Yo creo que toda estrategia puede ser revisada y, si es necesario, reformulada. No puede ser algo absoluto. Esta f\u00f3rmula de \u2018abrazos no balazos\u2019 ya es una frase trillada, que m\u00e1s que prestarse al di\u00e1logo parece que produce rechazo. En los pr\u00f3ximos d\u00edas, vamos a definir nuestra postura sobre la seguridad. Hemos pensado que tal vez sea necesario present\u00e1rsela al presidente antes de hacerla p\u00fablica.<\/p>\n\n\n\n<p><strong>P.<\/strong>&nbsp;\u00bfQu\u00e9 elementos de esta estrategia cree que ser\u00eda necesario revisar?<\/p>\n\n\n\n<p><strong>R.&nbsp;<\/strong>Algo que ha fallado en la Tarahumara y en Chihuahua es la polic\u00eda municipal. Hace poco, la gobernadora [Maru Campos] nos dec\u00eda de viva voz que la polic\u00eda de un municipio hab\u00eda renunciado y los hab\u00eda dejado sin agentes. Nosotros consideramos que a mayor confianza en la polic\u00eda, mayor participaci\u00f3n de las comunidades. Es muy importante la profesionalizaci\u00f3n de los agentes municipales en estas comunidades. Sabemos que muchas polic\u00edas est\u00e1n coludidas, compradas, amenazadas, extorsionadas por las organizaciones delincuenciales.<\/p>\n\n\n\n<p><strong>P.<\/strong>&nbsp;El presidente ha rechazado las cr\u00edticas y ha dicho que muchos de los religiosos no siguen el ejemplo del papa Francisco, y que est\u00e1n \u201capergollados\u201d por la oligarqu\u00eda. \u00bfQu\u00e9 opina?<\/p>\n\n\n\n<p><strong>R.<\/strong>&nbsp;Yo soy el provincial de los Jesuitas y como dice el dicho \u201ca quien le venga el saco que se lo ponga\u201d. Nosotros nos hemos manejado en total libertad. Obviamente, somos jesuitas y obedecemos al Papa. No lo vemos como algo partidista. Hay gente que se nos ha acercado, que nos pide que tomemos la bandera de la paz. Nosotros ahora necesitamos decidir cu\u00e1l es nuestra estrategia pastoral porque no buscamos m\u00e1s all\u00e1. Si el presidente dice eso que cada quien revise su conciencia. Nosotros somos muy claros en la visi\u00f3n que tenemos de M\u00e9xico.<\/p>\n\n\n\n<p><strong>P.&nbsp;<\/strong>La ola de indignaci\u00f3n por los asesinados ha sido impresionante. \u00bfCree que ha habido una mayor premura para resolver este caso?<\/p>\n\n\n\n<p><strong>R.&nbsp;<\/strong>Que en M\u00e9xico se encuentren cuerpos a los dos d\u00edas\u2026 Se oye triste decirlo. Eran dos sacerdotes. Eso pega mucho. Te matan en un bar, en la calle&#8230; pero que se metan a un templo y all\u00ed te maten, traspasa las barreras. No los mataron por andar metidos en rollos o porque estaban dos bandas a balazos y se cruzaron por all\u00ed, sino que van y los matan dentro del templo. Eso caus\u00f3 mucha indignaci\u00f3n y la respuesta mundial nos ha tenido conmovidos. Creo que eso tambi\u00e9n ayud\u00f3.<\/p>\n\n\n\n<p><strong>P.<\/strong>&nbsp;\u00bfLe gustar\u00eda ver esa misma reacci\u00f3n para los miles de desaparecidos que hay en el pa\u00eds?<\/p>\n\n\n\n<p><strong>R.<\/strong>&nbsp;No ser\u00eda cristiano decir que, como ya encontramos los cuerpos y van a aprehender al agresor, ya se hizo justicia. Joaqu\u00edn, Javier y Pedro representan a los miles de v\u00edctimas cuyos nombres no sabemos. Necesitamos que el Gobierno en sus tres niveles act\u00fae para recuperar muchos otros cad\u00e1veres en todo M\u00e9xico. \u00bfCu\u00e1ntas familias est\u00e1n exigiendo los cuerpos de sus hijos, exigiendo la misma justicia que nosotros exigimos? No queremos que se vea que por ser los Jesuitas nosotros s\u00ed tenemos posibilidades que otros no tienen. Ya vimos que cuando hay voluntad se pueden hacer las cosas bien. Lo vimos en este caso. Estamos exigiendo que esa misma capacidad se tenga para las personas m\u00e1s sencillas que piden localizar a su hija o hijo.<\/p>\n\n\n\n<p><a href=\"https:\/\/plus.elpais.com\/newsletters\/lnp\/1\/348\"><strong>Suscr\u00edbase aqu\u00ed<\/strong><\/a>a la\u00a0<em>newsletter<\/em>\u00a0de EL PA\u00cdS M\u00e9xico y reciba todas las claves informativas de la actualidad de este pa\u00eds<\/p>\n\n\n\n<p>Fuente: https:\/\/elpais.com\/mexico\/2022-06-30\/luis-gerardo-moro-lider-de-los-jesuitas-en-mexico-los-abrazos-no-balazos-ya-son-una-frase-trillada.html<\/p>\n","protected":false},"excerpt":{"rendered":"<p>El religioso pide revisar la estrategia de seguridad del Gobierno federal tras los asesinatos de dos sacerdotes en la sierra [&hellip;]<\/p>\n","protected":false},"author":1,"featured_media":31009,"comment_status":"open","ping_status":"open","sticky":false,"template":"","format":"standard","meta":{"site-sidebar-layout":"default","site-content-layout":"","ast-site-content-layout":"default","site-content-style":"default","site-sidebar-style":"default","ast-global-header-display":"","ast-banner-title-visibility":"","ast-main-header-display":"","ast-hfb-above-header-display":"","ast-hfb-below-header-display":"","ast-hfb-mobile-header-display":"","site-post-title":"","ast-breadcrumbs-content":"","ast-featured-img":"","footer-sml-layout":"","theme-transparent-header-meta":"","adv-header-id-meta":"","stick-header-meta":"","header-above-stick-meta":"","header-main-stick-meta":"","header-below-stick-meta":"","astra-migrate-meta-layouts":"default","ast-page-background-enabled":"default","ast-page-background-meta":{"desktop":{"background-color":"var(--ast-global-color-4)","background-image":"","background-repeat":"repeat","background-position":"center center","background-size":"auto","background-attachment":"scroll","background-type":"","background-media":"","overlay-type":"","overlay-color":"","overlay-opacity":"","overlay-gradient":""},"tablet":{"background-color":"","background-image":"","background-repeat":"repeat","background-position":"center center","background-size":"auto","background-attachment":"scroll","background-type":"","background-media":"","overlay-type":"","overlay-color":"","overlay-opacity":"","overlay-gradient":""},"mobile":{"background-color":"","background-image":"","background-repeat":"repeat","background-position":"center center","background-size":"auto","background-attachment":"scroll","background-type":"","background-media":"","overlay-type":"","overlay-color":"","overlay-opacity":"","overlay-gradient":""}},"ast-content-background-meta":{"desktop":{"background-color":"var(--ast-global-color-5)","background-image":"","background-repeat":"repeat","background-position":"center center","background-size":"auto","background-attachment":"scroll","background-type":"","background-media":"","overlay-type":"","overlay-color":"","overlay-opacity":"","overlay-gradient":""},"tablet":{"background-color":"var(--ast-global-color-5)","background-image":"","background-repeat":"repeat","background-position":"center center","background-size":"auto","background-attachment":"scroll","background-type":"","background-media":"","overlay-type":"","overlay-color":"","overlay-opacity":"","overlay-gradient":""},"mobile":{"background-color":"var(--ast-global-color-5)","background-image":"","background-repeat":"repeat","background-position":"center center","background-size":"auto","background-attachment":"scroll","background-type":"","background-media":"","overlay-type":"","overlay-color":"","overlay-opacity":"","overlay-gradient":""}},"footnotes":""},"categories":[8],"tags":[11034,199,11052,11053,196],"class_list":["post-31008","post","type-post","status-publish","format-standard","has-post-thumbnail","hentry","category-noticias","tag-abrazos-no-balazos","tag-amlo","tag-jesuitas-aesinados","tag-luis-gerardo-moro","tag-papa-francisco"],"_links":{"self":[{"href":"https:\/\/losperiodistas.com.mx\/portal\/wp-json\/wp\/v2\/posts\/31008","targetHints":{"allow":["GET"]}}],"collection":[{"href":"https:\/\/losperiodistas.com.mx\/portal\/wp-json\/wp\/v2\/posts"}],"about":[{"href":"https:\/\/losperiodistas.com.mx\/portal\/wp-json\/wp\/v2\/types\/post"}],"author":[{"embeddable":true,"href":"https:\/\/losperiodistas.com.mx\/portal\/wp-json\/wp\/v2\/users\/1"}],"replies":[{"embeddable":true,"href":"https:\/\/losperiodistas.com.mx\/portal\/wp-json\/wp\/v2\/comments?post=31008"}],"version-history":[{"count":1,"href":"https:\/\/losperiodistas.com.mx\/portal\/wp-json\/wp\/v2\/posts\/31008\/revisions"}],"predecessor-version":[{"id":31010,"href":"https:\/\/losperiodistas.com.mx\/portal\/wp-json\/wp\/v2\/posts\/31008\/revisions\/31010"}],"wp:featuredmedia":[{"embeddable":true,"href":"https:\/\/losperiodistas.com.mx\/portal\/wp-json\/wp\/v2\/media\/31009"}],"wp:attachment":[{"href":"https:\/\/losperiodistas.com.mx\/portal\/wp-json\/wp\/v2\/media?parent=31008"}],"wp:term":[{"taxonomy":"category","embeddable":true,"href":"https:\/\/losperiodistas.com.mx\/portal\/wp-json\/wp\/v2\/categories?post=31008"},{"taxonomy":"post_tag","embeddable":true,"href":"https:\/\/losperiodistas.com.mx\/portal\/wp-json\/wp\/v2\/tags?post=31008"}],"curies":[{"name":"wp","href":"https:\/\/api.w.org\/{rel}","templated":true}]}}