{"id":31002,"date":"2022-06-30T06:29:32","date_gmt":"2022-06-30T11:29:32","guid":{"rendered":"http:\/\/losperiodistas.com.mx\/portal\/?p=31002"},"modified":"2022-06-30T06:29:33","modified_gmt":"2022-06-30T11:29:33","slug":"nuevo-arzobispo-se-despide-de-virgen-de-san-juan-peregrinando-de-rodillas-en-su-santuario-aci","status":"publish","type":"post","link":"https:\/\/losperiodistas.com.mx\/portal\/nuevo-arzobispo-se-despide-de-virgen-de-san-juan-peregrinando-de-rodillas-en-su-santuario-aci\/","title":{"rendered":"Nuevo Arzobispo se \u201cdespide\u201d de Virgen de San Juan peregrinando de rodillas en su santuario\u00a0| ACI"},"content":{"rendered":"\n<figure class=\"wp-block-embed is-type-video is-provider-youtube wp-block-embed-youtube wp-embed-aspect-16-9 wp-has-aspect-ratio\"><div class=\"wp-block-embed__wrapper\">\n<iframe title=\"El Se\u00f1or Obispo Don Jorge Alberto Cavazos entra de rodillas ante el Altar de la Virgen de San Juan\" width=\"500\" height=\"281\" src=\"https:\/\/www.youtube.com\/embed\/rbm8ISd0Csg?feature=oembed\" frameborder=\"0\" allow=\"accelerometer; autoplay; clipboard-write; encrypted-media; gyroscope; picture-in-picture; web-share\" referrerpolicy=\"strict-origin-when-cross-origin\" allowfullscreen><\/iframe>\n<\/div><\/figure>\n\n\n\n<p><\/p>\n\n\n\n<p class=\"has-vivid-cyan-blue-color has-text-color has-medium-font-size\">DAVID RAMOS \/ ACI PRENSA<\/p>\n\n\n\n<p>El nuevo Arzobispo de San Luis Potos\u00ed (M\u00e9xico), Mons. Jorge Alberto Cavazos Arizpe, se despidi\u00f3 de su antigua di\u00f3cesis, San Juan de los Lagos, entrando de rodillas a la Catedral Bas\u00edlica de San Juan de los Lagos, con los ojos puestos en la Virgen Mar\u00eda.<\/p>\n\n\n\n<p>Mons. Cavazos Arizpe gobern\u00f3 pastoralmente la Di\u00f3cesis de San Juan de los Lagos durante seis a\u00f1os.<\/p>\n\n\n\n<p>El 26 de marzo de 2022&nbsp;<a href=\"https:\/\/www.aciprensa.com\/noticias\/el-papa-francisco-nombra-un-nuevo-arzobispo-en-mexico-21023\">el Papa Francisco lo nombr\u00f3 como nuevo Arzobispo de San Luis Potos\u00ed<\/a>, sucediendo a Mons. Jes\u00fas Carlos Cabrero Romero, que hab\u00eda pasado los 75 a\u00f1os, edad a la que todos los obispos deben presentar al Santo Padre su renuncia por l\u00edmite de edad.<\/p>\n\n\n\n<p>La ceremonia de toma de posesi\u00f3n de Mons. Cavazos Arizpe como nuevo Arzobispo de San Luis Potos\u00ed est\u00e1 programada para este 1 de julio al mediod\u00eda.<\/p>\n\n\n\n<figure class=\"wp-block-embed is-type-rich is-provider-twitter wp-block-embed-twitter\"><div class=\"wp-block-embed__wrapper\">\n<blockquote class=\"twitter-tweet\" data-width=\"500\" data-dnt=\"true\"><p lang=\"es\" dir=\"ltr\">Solemne toma de posesi\u00f3n de nuestro Sr. Arzobispo electo, Don Jorge Alberto Cavazos Arizpe <a href=\"https:\/\/t.co\/VErdDntIkk\">pic.twitter.com\/VErdDntIkk<\/a><\/p>&mdash; Arquidiocesis SLP (@ArquidiocesiSLP) <a href=\"https:\/\/twitter.com\/ArquidiocesiSLP\/status\/1521558492179542021?ref_src=twsrc%5Etfw\">May 3, 2022<\/a><\/blockquote><script async src=\"https:\/\/platform.twitter.com\/widgets.js\" charset=\"utf-8\"><\/script>\n<\/div><\/figure>\n\n\n\n<p>En la Bas\u00edlica Catedral de San Juan de los Lagos, el segundo santuario mariano m\u00e1s visitado en M\u00e9xico, se conserva la&nbsp;<a href=\"https:\/\/www.aciprensa.com\/noticias\/asi-surgio-la-importante-devocion-a-la-virgen-de-san-juan-de-los-lagos-en-mexico-89803\">milagrosa imagen de la Virgen de San Juan de los Lagos<\/a>.<\/p>\n\n\n\n<p>En el canal de YouTube \u201cM\u00e9dico Historiador\u201d, del doctor Everardo L\u00f3pez Padilla, responsable del Archivo Hist\u00f3rico de la Catedral, se indica que Mons. Jorge Alberto Cavazos Arizpe \u201cel 28 de junio de 2022, al despedirse de Nuestra Madre Sant\u00edsima de San Juan, quiso hacerlo como los peregrinos: de rodillas\u201d.<\/p>\n\n\n\n<p>\u201cIngres\u00f3 desde el principio de la Catedral, y recorri\u00f3 casi 60 metros de rodillas con la mirada puesta y fija en la Virgencita de San Juan, \u2018la Cihualpilli\u2019, la \u2018resucitada y resucitadora\u2019\u201d, como la llam\u00f3 el Papa San Juan Pablo II al visitar San Juan de los Lagos el 8 de mayo de 1990.<\/p>\n\n\n\n<p>Entre otras importantes decisiones que tom\u00f3 durante su gobierno pastoral en San Juan de los Lagos, Mons. Cavazos Arizpe determin\u00f3 que el d\u00eda 25 de cada mes se celebre la \u201c<a href=\"https:\/\/www.aciprensa.com\/noticias\/obispo-establece-el-25-de-cada-mes-como-el-dia-del-cuidado-de-la-vida-desde-el-vientre-22006\">Jornada por el respeto, promoci\u00f3n y cuidado de la vida<\/a>\u201d.<\/p>\n\n\n\n<p>Fuente: https:\/\/www.aciprensa.com\/noticias\/nuevo-arzobispo-se-despide-de-virgen-de-san-juan-peregrinando-de-rodillas-en-su-santuario-66833<\/p>\n","protected":false},"excerpt":{"rendered":"<p>DAVID RAMOS \/ ACI PRENSA El nuevo Arzobispo de San Luis Potos\u00ed (M\u00e9xico), Mons. Jorge Alberto Cavazos Arizpe, se despidi\u00f3 [&hellip;]<\/p>\n","protected":false},"author":1,"featured_media":31003,"comment_status":"open","ping_status":"open","sticky":false,"template":"","format":"standard","meta":{"site-sidebar-layout":"default","site-content-layout":"","ast-site-content-layout":"default","site-content-style":"default","site-sidebar-style":"default","ast-global-header-display":"","ast-banner-title-visibility":"","ast-main-header-display":"","ast-hfb-above-header-display":"","ast-hfb-below-header-display":"","ast-hfb-mobile-header-display":"","site-post-title":"","ast-breadcrumbs-content":"","ast-featured-img":"","footer-sml-layout":"","theme-transparent-header-meta":"","adv-header-id-meta":"","stick-header-meta":"","header-above-stick-meta":"","header-main-stick-meta":"","header-below-stick-meta":"","astra-migrate-meta-layouts":"default","ast-page-background-enabled":"default","ast-page-background-meta":{"desktop":{"background-color":"var(--ast-global-color-4)","background-image":"","background-repeat":"repeat","background-position":"center center","background-size":"auto","background-attachment":"scroll","background-type":"","background-media":"","overlay-type":"","overlay-color":"","overlay-opacity":"","overlay-gradient":""},"tablet":{"background-color":"","background-image":"","background-repeat":"repeat","background-position":"center center","background-size":"auto","background-attachment":"scroll","background-type":"","background-media":"","overlay-type":"","overlay-color":"","overlay-opacity":"","overlay-gradient":""},"mobile":{"background-color":"","background-image":"","background-repeat":"repeat","background-position":"center center","background-size":"auto","background-attachment":"scroll","background-type":"","background-media":"","overlay-type":"","overlay-color":"","overlay-opacity":"","overlay-gradient":""}},"ast-content-background-meta":{"desktop":{"background-color":"var(--ast-global-color-5)","background-image":"","background-repeat":"repeat","background-position":"center center","background-size":"auto","background-attachment":"scroll","background-type":"","background-media":"","overlay-type":"","overlay-color":"","overlay-opacity":"","overlay-gradient":""},"tablet":{"background-color":"var(--ast-global-color-5)","background-image":"","background-repeat":"repeat","background-position":"center center","background-size":"auto","background-attachment":"scroll","background-type":"","background-media":"","overlay-type":"","overlay-color":"","overlay-opacity":"","overlay-gradient":""},"mobile":{"background-color":"var(--ast-global-color-5)","background-image":"","background-repeat":"repeat","background-position":"center center","background-size":"auto","background-attachment":"scroll","background-type":"","background-media":"","overlay-type":"","overlay-color":"","overlay-opacity":"","overlay-gradient":""}},"footnotes":""},"categories":[8],"tags":[11047,11048],"class_list":["post-31002","post","type-post","status-publish","format-standard","has-post-thumbnail","hentry","category-noticias","tag-mons-jorge-alberto-cavazos","tag-san-juan-de-los-lagos"],"_links":{"self":[{"href":"https:\/\/losperiodistas.com.mx\/portal\/wp-json\/wp\/v2\/posts\/31002","targetHints":{"allow":["GET"]}}],"collection":[{"href":"https:\/\/losperiodistas.com.mx\/portal\/wp-json\/wp\/v2\/posts"}],"about":[{"href":"https:\/\/losperiodistas.com.mx\/portal\/wp-json\/wp\/v2\/types\/post"}],"author":[{"embeddable":true,"href":"https:\/\/losperiodistas.com.mx\/portal\/wp-json\/wp\/v2\/users\/1"}],"replies":[{"embeddable":true,"href":"https:\/\/losperiodistas.com.mx\/portal\/wp-json\/wp\/v2\/comments?post=31002"}],"version-history":[{"count":1,"href":"https:\/\/losperiodistas.com.mx\/portal\/wp-json\/wp\/v2\/posts\/31002\/revisions"}],"predecessor-version":[{"id":31004,"href":"https:\/\/losperiodistas.com.mx\/portal\/wp-json\/wp\/v2\/posts\/31002\/revisions\/31004"}],"wp:featuredmedia":[{"embeddable":true,"href":"https:\/\/losperiodistas.com.mx\/portal\/wp-json\/wp\/v2\/media\/31003"}],"wp:attachment":[{"href":"https:\/\/losperiodistas.com.mx\/portal\/wp-json\/wp\/v2\/media?parent=31002"}],"wp:term":[{"taxonomy":"category","embeddable":true,"href":"https:\/\/losperiodistas.com.mx\/portal\/wp-json\/wp\/v2\/categories?post=31002"},{"taxonomy":"post_tag","embeddable":true,"href":"https:\/\/losperiodistas.com.mx\/portal\/wp-json\/wp\/v2\/tags?post=31002"}],"curies":[{"name":"wp","href":"https:\/\/api.w.org\/{rel}","templated":true}]}}