{"id":30999,"date":"2022-06-30T06:22:08","date_gmt":"2022-06-30T11:22:08","guid":{"rendered":"http:\/\/losperiodistas.com.mx\/portal\/?p=30999"},"modified":"2022-06-30T06:22:10","modified_gmt":"2022-06-30T11:22:10","slug":"alito-une-a-prd-morena-an-en-contra-por-tema-armas-el-financiero","status":"publish","type":"post","link":"https:\/\/losperiodistas.com.mx\/portal\/alito-une-a-prd-morena-an-en-contra-por-tema-armas-el-financiero\/","title":{"rendered":"Alito une a PRD, Morena, AN &#8230; en contra, por tema armas | El Financiero"},"content":{"rendered":"\n<p><em>Rechazaron la reforma a la Ley Federal de Armas de Fuego planteada por el l\u00edder nacional del PRI, Alejandro Moreno.<\/em><\/p>\n\n\n\n<p><\/p>\n\n\n\n<figure class=\"wp-block-image size-full\"><img fetchpriority=\"high\" decoding=\"async\" width=\"800\" height=\"445\" src=\"https:\/\/losperiodistas.com.mx\/portal\/wp-content\/uploads\/2022\/06\/IFRQNAZRDFGQVOSUGPAQXPW7YI.jpeg\" alt=\"\" class=\"wp-image-31000\" srcset=\"https:\/\/losperiodistas.com.mx\/portal\/wp-content\/uploads\/2022\/06\/IFRQNAZRDFGQVOSUGPAQXPW7YI.jpeg 800w, https:\/\/losperiodistas.com.mx\/portal\/wp-content\/uploads\/2022\/06\/IFRQNAZRDFGQVOSUGPAQXPW7YI-300x167.jpeg 300w, https:\/\/losperiodistas.com.mx\/portal\/wp-content\/uploads\/2022\/06\/IFRQNAZRDFGQVOSUGPAQXPW7YI-768x427.jpeg 768w\" sizes=\"(max-width: 800px) 100vw, 800px\" \/><figcaption><strong>Armas\u00a0<\/strong>Ricardo Monreal, l\u00edder de la bancada de Morena en el Senado, rechaza propuesta de armar a ciudadanos\u00a0(Nicol\u00e1s Tavira)<\/figcaption><\/figure>\n\n\n\n<p><\/p>\n\n\n\n<p class=\"has-vivid-cyan-blue-color has-text-color has-medium-font-size\">EDUARDO ORTEGA \/ EL FINANCIERO<\/p>\n\n\n\n<p>En la Comisi\u00f3n Permanente, coordinadores de Morena, PAN, PRD y MC rechazaron la reforma a la Ley Federal de Armas de Fuego planteada por el l\u00edder nacional del PRI, Alejandro Moreno, para que la ciudadan\u00eda acceda con facilidad a armas, con fines de defensa.<\/p>\n\n\n\n<p>El l\u00edder de la bancada de Morena, Ricardo Monreal, enfatiz\u00f3 que lo que se necesita es mayor eficacia de los \u00f3rganos que est\u00e1n facultados para combatir la delincuencia: \u201cEstablecer leyes u ordenamientos jur\u00eddicos que permitan armarse a los ciudadanos es el inicio del caos. Yo no podr\u00eda aceptar\u201d, asever\u00f3.<\/p>\n\n\n\n<p>El coordinador del PAN, Julen Rementer\u00eda del Puerto, asever\u00f3 que su partido no apoyar\u00e1 esta reforma, ya que desde M\u00e9xico se pide que en Estados Unidos se limite el acceso a las armas de sus ciudadanos, entonces no hay por qu\u00e9 apoyar esta iniciativa en M\u00e9xico.<\/p>\n\n\n\n<p>Por separado, el l\u00edder de la bancada del PRD, Miguel \u00c1ngel Mancera, coincidi\u00f3: \u201cEntiendo la molestia y la desesperaci\u00f3n, la impotencia que se siente y las ganas de hacer justicia por propia mano, pero es la obligaci\u00f3n del Estado mexicano dar seguridad\u201d.<\/p>\n\n\n\n<p>\u201cHay dirigentes partidistas que tienen la ocurrencia, la ceguera y la desverg\u00fcenza de creer que para corregir la situaci\u00f3n hay que darles armas a las familias\u201d, agreg\u00f3 el senador de MC, No\u00e9 Casta\u00f1\u00f3n.<\/p>\n\n\n\n<p>Fuente: https:\/\/www.elfinanciero.com.mx\/nacional\/2022\/06\/30\/alito-une-a-prd-morena-an-en-contra-por-tema-armas\/<\/p>\n","protected":false},"excerpt":{"rendered":"<p>Rechazaron la reforma a la Ley Federal de Armas de Fuego planteada por el l\u00edder nacional del PRI, Alejandro Moreno. [&hellip;]<\/p>\n","protected":false},"author":1,"featured_media":31000,"comment_status":"open","ping_status":"open","sticky":false,"template":"","format":"standard","meta":{"site-sidebar-layout":"default","site-content-layout":"","ast-site-content-layout":"default","site-content-style":"default","site-sidebar-style":"default","ast-global-header-display":"","ast-banner-title-visibility":"","ast-main-header-display":"","ast-hfb-above-header-display":"","ast-hfb-below-header-display":"","ast-hfb-mobile-header-display":"","site-post-title":"","ast-breadcrumbs-content":"","ast-featured-img":"","footer-sml-layout":"","theme-transparent-header-meta":"","adv-header-id-meta":"","stick-header-meta":"","header-above-stick-meta":"","header-main-stick-meta":"","header-below-stick-meta":"","astra-migrate-meta-layouts":"default","ast-page-background-enabled":"default","ast-page-background-meta":{"desktop":{"background-color":"var(--ast-global-color-4)","background-image":"","background-repeat":"repeat","background-position":"center center","background-size":"auto","background-attachment":"scroll","background-type":"","background-media":"","overlay-type":"","overlay-color":"","overlay-opacity":"","overlay-gradient":""},"tablet":{"background-color":"","background-image":"","background-repeat":"repeat","background-position":"center center","background-size":"auto","background-attachment":"scroll","background-type":"","background-media":"","overlay-type":"","overlay-color":"","overlay-opacity":"","overlay-gradient":""},"mobile":{"background-color":"","background-image":"","background-repeat":"repeat","background-position":"center center","background-size":"auto","background-attachment":"scroll","background-type":"","background-media":"","overlay-type":"","overlay-color":"","overlay-opacity":"","overlay-gradient":""}},"ast-content-background-meta":{"desktop":{"background-color":"var(--ast-global-color-5)","background-image":"","background-repeat":"repeat","background-position":"center center","background-size":"auto","background-attachment":"scroll","background-type":"","background-media":"","overlay-type":"","overlay-color":"","overlay-opacity":"","overlay-gradient":""},"tablet":{"background-color":"var(--ast-global-color-5)","background-image":"","background-repeat":"repeat","background-position":"center center","background-size":"auto","background-attachment":"scroll","background-type":"","background-media":"","overlay-type":"","overlay-color":"","overlay-opacity":"","overlay-gradient":""},"mobile":{"background-color":"var(--ast-global-color-5)","background-image":"","background-repeat":"repeat","background-position":"center center","background-size":"auto","background-attachment":"scroll","background-type":"","background-media":"","overlay-type":"","overlay-color":"","overlay-opacity":"","overlay-gradient":""}},"footnotes":""},"categories":[8],"tags":[1964,11045,11046,11044],"class_list":["post-30999","post","type-post","status-publish","format-standard","has-post-thumbnail","hentry","category-noticias","tag-alejandro-moreno","tag-armas-mexico","tag-defensa-propia","tag-ley-federal-de-armas-de-fuego"],"_links":{"self":[{"href":"https:\/\/losperiodistas.com.mx\/portal\/wp-json\/wp\/v2\/posts\/30999","targetHints":{"allow":["GET"]}}],"collection":[{"href":"https:\/\/losperiodistas.com.mx\/portal\/wp-json\/wp\/v2\/posts"}],"about":[{"href":"https:\/\/losperiodistas.com.mx\/portal\/wp-json\/wp\/v2\/types\/post"}],"author":[{"embeddable":true,"href":"https:\/\/losperiodistas.com.mx\/portal\/wp-json\/wp\/v2\/users\/1"}],"replies":[{"embeddable":true,"href":"https:\/\/losperiodistas.com.mx\/portal\/wp-json\/wp\/v2\/comments?post=30999"}],"version-history":[{"count":1,"href":"https:\/\/losperiodistas.com.mx\/portal\/wp-json\/wp\/v2\/posts\/30999\/revisions"}],"predecessor-version":[{"id":31001,"href":"https:\/\/losperiodistas.com.mx\/portal\/wp-json\/wp\/v2\/posts\/30999\/revisions\/31001"}],"wp:featuredmedia":[{"embeddable":true,"href":"https:\/\/losperiodistas.com.mx\/portal\/wp-json\/wp\/v2\/media\/31000"}],"wp:attachment":[{"href":"https:\/\/losperiodistas.com.mx\/portal\/wp-json\/wp\/v2\/media?parent=30999"}],"wp:term":[{"taxonomy":"category","embeddable":true,"href":"https:\/\/losperiodistas.com.mx\/portal\/wp-json\/wp\/v2\/categories?post=30999"},{"taxonomy":"post_tag","embeddable":true,"href":"https:\/\/losperiodistas.com.mx\/portal\/wp-json\/wp\/v2\/tags?post=30999"}],"curies":[{"name":"wp","href":"https:\/\/api.w.org\/{rel}","templated":true}]}}