{"id":30975,"date":"2022-06-29T14:35:24","date_gmt":"2022-06-29T19:35:24","guid":{"rendered":"http:\/\/losperiodistas.com.mx\/portal\/?p=30975"},"modified":"2022-06-29T14:35:26","modified_gmt":"2022-06-29T19:35:26","slug":"cesar-yanez-sustituira-a-salazar-como-subsecretario-de-gobernacion-la-jornada","status":"publish","type":"post","link":"https:\/\/losperiodistas.com.mx\/portal\/cesar-yanez-sustituira-a-salazar-como-subsecretario-de-gobernacion-la-jornada\/","title":{"rendered":"C\u00e9sar Y\u00e1\u00f1ez sustituir\u00e1 a Salazar como subsecretario de Gobernaci\u00f3n | La Jornada"},"content":{"rendered":"\n<p>El presidente Andr\u00e9s Manuel L\u00f3pez Obrador design\u00f3 a C\u00e9sar Alejandro Y\u00e1\u00f1ez Centeno Cabrera (izquierda), como subsecretario de Desarrollo Democr\u00e1tico, Participaci\u00f3n Social y Asuntos Religiosos de la Secretar\u00eda de Gobernaci\u00f3n, el 29 de junio de 2022. En la imagen, acompa\u00f1ado por el secretario de Gobernaci\u00f3n, Ad\u00e1n Augusto L\u00f3pez, y del reci\u00e9n nombrado coordinador general de Pol\u00edtica y Gobierno de la Presidencia de la Rep\u00fablica, Rabindranath Salazar Solorio.\u00a0<\/p>\n\n\n\n<p><\/p>\n\n\n\n<figure class=\"wp-block-image size-large\"><img fetchpriority=\"high\" decoding=\"async\" width=\"1024\" height=\"761\" src=\"https:\/\/losperiodistas.com.mx\/portal\/wp-content\/uploads\/2022\/06\/image_large-7-1024x761.jpeg\" alt=\"\" class=\"wp-image-30976\" srcset=\"https:\/\/losperiodistas.com.mx\/portal\/wp-content\/uploads\/2022\/06\/image_large-7-1024x761.jpeg 1024w, https:\/\/losperiodistas.com.mx\/portal\/wp-content\/uploads\/2022\/06\/image_large-7-300x223.jpeg 300w, https:\/\/losperiodistas.com.mx\/portal\/wp-content\/uploads\/2022\/06\/image_large-7-768x571.jpeg 768w, https:\/\/losperiodistas.com.mx\/portal\/wp-content\/uploads\/2022\/06\/image_large-7.jpeg 1050w\" sizes=\"(max-width: 1024px) 100vw, 1024px\" \/><figcaption>Foto\u00a0<strong>tomada del Twitter de @SEGOB_mx<\/strong><\/figcaption><\/figure>\n\n\n\n<p><\/p>\n\n\n\n<p class=\"has-vivid-cyan-blue-color has-text-color has-medium-font-size\">LA JORNADA<\/p>\n\n\n\n<p><em>Ciudad de M\u00e9xico.<\/em>\u00a0El gobierno federal hizo un\u00a0<em>enroque<\/em>\u00a0en la Secretar\u00eda de Gobernaci\u00f3n y la Presidencia de la Rep\u00fablica, por instrucciones del presidente Andr\u00e9s Manuel L\u00f3pez Obrador.<\/p>\n\n\n\n<p>C\u00e9sar Y\u00e1\u00f1ez, quien hasta hoy ocupaba el cargo de coordinador general de Pol\u00edtica y Gobierno de la Presidencia de la Rep\u00fablica, fue nombrado como subsecretario de Desarrollo Democr\u00e1tico, Participaci\u00f3n Social y Asuntos Religiosos de la Secretar\u00eda de Gobernaci\u00f3n.<\/p>\n\n\n\n<p>A su vez, Rabindranath Salazar Solorio, quien ocupaba dicha Subsecretar\u00eda en Gobernaci\u00f3n, fue designado para el cargo que ocupaba Y\u00e1\u00f1ez.<\/p>\n\n\n\n<p>\u201cPor instrucciones del jefe del Ejecutivo federal, el secretario de Gobernaci\u00f3n, Ad\u00e1n Augusto L\u00f3pez Hern\u00e1ndez, dio posesi\u00f3n del cargo a ambos servidores p\u00fablicos\u201d, inform\u00f3 el gobierno federal en un comunicado.<\/p>\n\n\n\n<p>Salazar Solorio fue nombrado en 2020 como subsecretario luego de haberse desempe\u00f1ado como director general del Banco del Bienestar al inicio del actual sexenio.<\/p>\n\n\n\n<p>En tanto, Ya\u00f1ez ocupaba la coordinaci\u00f3n general de Pol\u00edtica y Gobierno de M\u00e9xico de la Presidencia de la Rep\u00fablica desde 2018, despu\u00e9s de ser secretario de comunicaci\u00f3n de Morena entre 2015 y 2018, y director de comunicaci\u00f3n social del gobierno capitalino entre 2000 y 2005, en la gesti\u00f3n de L\u00f3pez Obrador.<\/p>\n\n\n\n<p>Fuente: https:\/\/www.jornada.com.mx\/notas\/2022\/06\/29\/politica\/yanez-sustituira-a-salazar-como-subsecretario-de-gobernacion\/ <\/p>\n","protected":false},"excerpt":{"rendered":"<p>El presidente Andr\u00e9s Manuel L\u00f3pez Obrador design\u00f3 a C\u00e9sar Alejandro Y\u00e1\u00f1ez Centeno Cabrera (izquierda), como subsecretario de Desarrollo Democr\u00e1tico, Participaci\u00f3n [&hellip;]<\/p>\n","protected":false},"author":1,"featured_media":30976,"comment_status":"open","ping_status":"open","sticky":false,"template":"","format":"standard","meta":{"site-sidebar-layout":"default","site-content-layout":"","ast-site-content-layout":"default","site-content-style":"default","site-sidebar-style":"default","ast-global-header-display":"","ast-banner-title-visibility":"","ast-main-header-display":"","ast-hfb-above-header-display":"","ast-hfb-below-header-display":"","ast-hfb-mobile-header-display":"","site-post-title":"","ast-breadcrumbs-content":"","ast-featured-img":"","footer-sml-layout":"","theme-transparent-header-meta":"","adv-header-id-meta":"","stick-header-meta":"","header-above-stick-meta":"","header-main-stick-meta":"","header-below-stick-meta":"","astra-migrate-meta-layouts":"default","ast-page-background-enabled":"default","ast-page-background-meta":{"desktop":{"background-color":"var(--ast-global-color-4)","background-image":"","background-repeat":"repeat","background-position":"center center","background-size":"auto","background-attachment":"scroll","background-type":"","background-media":"","overlay-type":"","overlay-color":"","overlay-opacity":"","overlay-gradient":""},"tablet":{"background-color":"","background-image":"","background-repeat":"repeat","background-position":"center center","background-size":"auto","background-attachment":"scroll","background-type":"","background-media":"","overlay-type":"","overlay-color":"","overlay-opacity":"","overlay-gradient":""},"mobile":{"background-color":"","background-image":"","background-repeat":"repeat","background-position":"center center","background-size":"auto","background-attachment":"scroll","background-type":"","background-media":"","overlay-type":"","overlay-color":"","overlay-opacity":"","overlay-gradient":""}},"ast-content-background-meta":{"desktop":{"background-color":"var(--ast-global-color-5)","background-image":"","background-repeat":"repeat","background-position":"center center","background-size":"auto","background-attachment":"scroll","background-type":"","background-media":"","overlay-type":"","overlay-color":"","overlay-opacity":"","overlay-gradient":""},"tablet":{"background-color":"var(--ast-global-color-5)","background-image":"","background-repeat":"repeat","background-position":"center center","background-size":"auto","background-attachment":"scroll","background-type":"","background-media":"","overlay-type":"","overlay-color":"","overlay-opacity":"","overlay-gradient":""},"mobile":{"background-color":"var(--ast-global-color-5)","background-image":"","background-repeat":"repeat","background-position":"center center","background-size":"auto","background-attachment":"scroll","background-type":"","background-media":"","overlay-type":"","overlay-color":"","overlay-opacity":"","overlay-gradient":""}},"footnotes":""},"categories":[8],"tags":[11043],"class_list":["post-30975","post","type-post","status-publish","format-standard","has-post-thumbnail","hentry","category-noticias","tag-cesar-yanez"],"_links":{"self":[{"href":"https:\/\/losperiodistas.com.mx\/portal\/wp-json\/wp\/v2\/posts\/30975","targetHints":{"allow":["GET"]}}],"collection":[{"href":"https:\/\/losperiodistas.com.mx\/portal\/wp-json\/wp\/v2\/posts"}],"about":[{"href":"https:\/\/losperiodistas.com.mx\/portal\/wp-json\/wp\/v2\/types\/post"}],"author":[{"embeddable":true,"href":"https:\/\/losperiodistas.com.mx\/portal\/wp-json\/wp\/v2\/users\/1"}],"replies":[{"embeddable":true,"href":"https:\/\/losperiodistas.com.mx\/portal\/wp-json\/wp\/v2\/comments?post=30975"}],"version-history":[{"count":1,"href":"https:\/\/losperiodistas.com.mx\/portal\/wp-json\/wp\/v2\/posts\/30975\/revisions"}],"predecessor-version":[{"id":30977,"href":"https:\/\/losperiodistas.com.mx\/portal\/wp-json\/wp\/v2\/posts\/30975\/revisions\/30977"}],"wp:featuredmedia":[{"embeddable":true,"href":"https:\/\/losperiodistas.com.mx\/portal\/wp-json\/wp\/v2\/media\/30976"}],"wp:attachment":[{"href":"https:\/\/losperiodistas.com.mx\/portal\/wp-json\/wp\/v2\/media?parent=30975"}],"wp:term":[{"taxonomy":"category","embeddable":true,"href":"https:\/\/losperiodistas.com.mx\/portal\/wp-json\/wp\/v2\/categories?post=30975"},{"taxonomy":"post_tag","embeddable":true,"href":"https:\/\/losperiodistas.com.mx\/portal\/wp-json\/wp\/v2\/tags?post=30975"}],"curies":[{"name":"wp","href":"https:\/\/api.w.org\/{rel}","templated":true}]}}