{"id":30966,"date":"2022-06-29T09:45:26","date_gmt":"2022-06-29T14:45:26","guid":{"rendered":"http:\/\/losperiodistas.com.mx\/portal\/?p=30966"},"modified":"2022-06-29T09:45:30","modified_gmt":"2022-06-29T14:45:30","slug":"la-otan-invita-formalmente-a-finlandia-y-suecia-a-unirse-a-la-alianza-atlantica-dw","status":"publish","type":"post","link":"https:\/\/losperiodistas.com.mx\/portal\/la-otan-invita-formalmente-a-finlandia-y-suecia-a-unirse-a-la-alianza-atlantica-dw\/","title":{"rendered":"La OTAN invita formalmente a Finlandia y Suecia a unirse a la Alianza Atl\u00e1ntica | DW"},"content":{"rendered":"\n<p><em>La OTAN emiti\u00f3 la invitaci\u00f3n formal a Finlandia y Suecia a unirse a la alianza, y acord\u00f3 un giro hist\u00f3rico en su doctrina.<\/em><\/p>\n\n\n\n<p><\/p>\n\n\n\n<figure class=\"wp-block-image size-full\"><img fetchpriority=\"high\" decoding=\"async\" width=\"700\" height=\"394\" src=\"https:\/\/losperiodistas.com.mx\/portal\/wp-content\/uploads\/2022\/06\/62295368_303.jpeg\" alt=\"\" class=\"wp-image-30967\" srcset=\"https:\/\/losperiodistas.com.mx\/portal\/wp-content\/uploads\/2022\/06\/62295368_303.jpeg 700w, https:\/\/losperiodistas.com.mx\/portal\/wp-content\/uploads\/2022\/06\/62295368_303-300x169.jpeg 300w\" sizes=\"(max-width: 700px) 100vw, 700px\" \/><figcaption>L\u00edderes de la OAN posan en Madrid junto con las jefas de Gobierno de Finlandia y Suecia.<\/figcaption><\/figure>\n\n\n\n<p><\/p>\n\n\n\n<p class=\"has-vivid-cyan-blue-color has-text-color has-medium-font-size\">DW<\/p>\n\n\n\n<p>L\u00edderes de la OTAN reunidos en Madrid invitaron formalmente a Finlandia y Suecia a unirse a la Alianza Atl\u00e1ntica, en un giro estrat\u00e9gico en el que adem\u00e1s reforzar\u00e1 su flanco oriental, seg\u00fan un comunicado publicado por la cumbre de la OTAN en Madrid el mi\u00e9rcoles.<\/p>\n\n\n\n<p>\u00abLa adhesi\u00f3n de Finlandia y Suecia los har\u00e1 (a los aliados) m\u00e1s seguros, la OTAN m\u00e1s fuerte y el \u00e1rea euroatl\u00e1ntica m\u00e1s segura\u00bb, dijo el comunicado, y agreg\u00f3 que la alianza tambi\u00e9n acord\u00f3 un nuevo concepto estrat\u00e9gico.<\/p>\n\n\n\n<p>El comunicado describi\u00f3 a Rusia como la \u00abamenaza m\u00e1s significativa y directa a la seguridad de los aliados\u00bb, una reacci\u00f3n al deterioro masivo de la relaci\u00f3n con Rusia desde su invasi\u00f3n de Ucrania.<\/p>\n\n\n\n<figure class=\"wp-block-embed is-type-rich is-provider-twitter wp-block-embed-twitter\"><div class=\"wp-block-embed__wrapper\">\n<blockquote class=\"twitter-tweet\" data-width=\"500\" data-dnt=\"true\"><p lang=\"en\" dir=\"ltr\">\ud83c\udd95 <a href=\"https:\/\/twitter.com\/hashtag\/NATO?src=hash&amp;ref_src=twsrc%5Etfw\">#NATO<\/a> leaders approve new <a href=\"https:\/\/twitter.com\/hashtag\/StrategicConcept?src=hash&amp;ref_src=twsrc%5Etfw\">#StrategicConcept<\/a>, setting out the Alliance\u2019s priorities, core tasks and approaches for the next decade<a href=\"https:\/\/twitter.com\/hashtag\/NATOSummit?src=hash&amp;ref_src=twsrc%5Etfw\">#NATOSummit<\/a><\/p>&mdash; NATO (@NATO) <a href=\"https:\/\/twitter.com\/NATO\/status\/1542127314640814082?ref_src=twsrc%5Etfw\">June 29, 2022<\/a><\/blockquote><script async src=\"https:\/\/platform.twitter.com\/widgets.js\" charset=\"utf-8\"><\/script>\n<\/div><\/figure>\n\n\n\n<p>La alianza prometi\u00f3 m\u00e1s ayuda a Kyiv y acord\u00f3 un paquete de apoyo destinado a modernizar el sector de defensa del pa\u00eds.<br>Al mismo tiempo, la OTAN decidi\u00f3 fortalecer significativamente su propia disuasi\u00f3n y defensa.<\/p>\n\n\n\n<p>Los l\u00edderes de la OTAN denunciaron este mi\u00e9rcoles la \u00abcrueldad espantosa\u00bb de Rusia en Ucrania, en la declaraci\u00f3n final de la cumbre que celebran en Madrid hasta el jueves.<\/p>\n\n\n\n<p>&nbsp;\u00abLa crueldad espantosa de Rusia ha causado un inmenso sufrimiento humano\u00bb, acusaron los jefes de Estado y de Gobierno de la Organizaci\u00f3n del Tratado del Atl\u00e1ntico Norte, asegurando que Mosc\u00fa \u00abcarga con toda la responsabilidad de esta cat\u00e1strofe humanitaria\u00bb.<\/p>\n\n\n\n<p><strong>Benepl\u00e1cito sueco<\/strong><\/p>\n\n\n\n<p>La primera ministra sueca, Magdalena Andersson, se ha mostrado este mi\u00e9rcoles \u00abmuy contenta\u00bb por el acuerdo alcanzado con Turqu\u00eda para que puedan entrar, junto con Finlandia, en la OTAN, al afirmar: \u00abhoy es un d\u00eda de importancia&nbsp;hist\u00f3rica\u00bb.<\/p>\n\n\n\n<p>Andersson, que participa en la Cumbre de la OTAN que se ha inaugurado hoy en Madrid, se ha referido as\u00ed, en una entrevista en TVE recogida por EFE, a la decisi\u00f3n de Turqu\u00eda de levantar el veto que manten\u00eda con Suecia y Finlandia para que pudieran entrar en esta organizaci\u00f3n.<\/p>\n\n\n\n<p>EL(reuters, dpa)<\/p>\n\n\n\n<p>Fuente: https:\/\/www.dw.com\/es\/la-otan-invita-formalmente-a-finlandia-y-suecia-a-unirse-a-la-alianza-atl%C3%A1ntica\/a-62303370<\/p>\n","protected":false},"excerpt":{"rendered":"<p>La OTAN emiti\u00f3 la invitaci\u00f3n formal a Finlandia y Suecia a unirse a la alianza, y acord\u00f3 un giro hist\u00f3rico [&hellip;]<\/p>\n","protected":false},"author":1,"featured_media":30967,"comment_status":"open","ping_status":"open","sticky":false,"template":"","format":"standard","meta":{"site-sidebar-layout":"default","site-content-layout":"","ast-site-content-layout":"default","site-content-style":"default","site-sidebar-style":"default","ast-global-header-display":"","ast-banner-title-visibility":"","ast-main-header-display":"","ast-hfb-above-header-display":"","ast-hfb-below-header-display":"","ast-hfb-mobile-header-display":"","site-post-title":"","ast-breadcrumbs-content":"","ast-featured-img":"","footer-sml-layout":"","theme-transparent-header-meta":"","adv-header-id-meta":"","stick-header-meta":"","header-above-stick-meta":"","header-main-stick-meta":"","header-below-stick-meta":"","astra-migrate-meta-layouts":"default","ast-page-background-enabled":"default","ast-page-background-meta":{"desktop":{"background-color":"var(--ast-global-color-4)","background-image":"","background-repeat":"repeat","background-position":"center center","background-size":"auto","background-attachment":"scroll","background-type":"","background-media":"","overlay-type":"","overlay-color":"","overlay-opacity":"","overlay-gradient":""},"tablet":{"background-color":"","background-image":"","background-repeat":"repeat","background-position":"center center","background-size":"auto","background-attachment":"scroll","background-type":"","background-media":"","overlay-type":"","overlay-color":"","overlay-opacity":"","overlay-gradient":""},"mobile":{"background-color":"","background-image":"","background-repeat":"repeat","background-position":"center center","background-size":"auto","background-attachment":"scroll","background-type":"","background-media":"","overlay-type":"","overlay-color":"","overlay-opacity":"","overlay-gradient":""}},"ast-content-background-meta":{"desktop":{"background-color":"var(--ast-global-color-5)","background-image":"","background-repeat":"repeat","background-position":"center center","background-size":"auto","background-attachment":"scroll","background-type":"","background-media":"","overlay-type":"","overlay-color":"","overlay-opacity":"","overlay-gradient":""},"tablet":{"background-color":"var(--ast-global-color-5)","background-image":"","background-repeat":"repeat","background-position":"center center","background-size":"auto","background-attachment":"scroll","background-type":"","background-media":"","overlay-type":"","overlay-color":"","overlay-opacity":"","overlay-gradient":""},"mobile":{"background-color":"var(--ast-global-color-5)","background-image":"","background-repeat":"repeat","background-position":"center center","background-size":"auto","background-attachment":"scroll","background-type":"","background-media":"","overlay-type":"","overlay-color":"","overlay-opacity":"","overlay-gradient":""}},"footnotes":""},"categories":[8],"tags":[8135,3899,4408],"class_list":["post-30966","post","type-post","status-publish","format-standard","has-post-thumbnail","hentry","category-noticias","tag-finlandia","tag-otan","tag-suecia"],"_links":{"self":[{"href":"https:\/\/losperiodistas.com.mx\/portal\/wp-json\/wp\/v2\/posts\/30966","targetHints":{"allow":["GET"]}}],"collection":[{"href":"https:\/\/losperiodistas.com.mx\/portal\/wp-json\/wp\/v2\/posts"}],"about":[{"href":"https:\/\/losperiodistas.com.mx\/portal\/wp-json\/wp\/v2\/types\/post"}],"author":[{"embeddable":true,"href":"https:\/\/losperiodistas.com.mx\/portal\/wp-json\/wp\/v2\/users\/1"}],"replies":[{"embeddable":true,"href":"https:\/\/losperiodistas.com.mx\/portal\/wp-json\/wp\/v2\/comments?post=30966"}],"version-history":[{"count":1,"href":"https:\/\/losperiodistas.com.mx\/portal\/wp-json\/wp\/v2\/posts\/30966\/revisions"}],"predecessor-version":[{"id":30969,"href":"https:\/\/losperiodistas.com.mx\/portal\/wp-json\/wp\/v2\/posts\/30966\/revisions\/30969"}],"wp:featuredmedia":[{"embeddable":true,"href":"https:\/\/losperiodistas.com.mx\/portal\/wp-json\/wp\/v2\/media\/30967"}],"wp:attachment":[{"href":"https:\/\/losperiodistas.com.mx\/portal\/wp-json\/wp\/v2\/media?parent=30966"}],"wp:term":[{"taxonomy":"category","embeddable":true,"href":"https:\/\/losperiodistas.com.mx\/portal\/wp-json\/wp\/v2\/categories?post=30966"},{"taxonomy":"post_tag","embeddable":true,"href":"https:\/\/losperiodistas.com.mx\/portal\/wp-json\/wp\/v2\/tags?post=30966"}],"curies":[{"name":"wp","href":"https:\/\/api.w.org\/{rel}","templated":true}]}}