{"id":3096,"date":"2021-01-08T03:37:44","date_gmt":"2021-01-08T09:37:44","guid":{"rendered":"http:\/\/losperiodistas.com.mx\/portal\/?p=3096"},"modified":"2021-01-08T03:37:44","modified_gmt":"2021-01-08T09:37:44","slug":"el-decepcionante-desarrollo-economico-de-america-latina-lastra-las-previsiones-para-2021-el-pais","status":"publish","type":"post","link":"https:\/\/losperiodistas.com.mx\/portal\/el-decepcionante-desarrollo-economico-de-america-latina-lastra-las-previsiones-para-2021-el-pais\/","title":{"rendered":"El \u201cdecepcionante\u201d desarrollo econ\u00f3mico de Am\u00e9rica Latina lastra las previsiones para 2021 | El Pa\u00eds"},"content":{"rendered":"\n<h2 class=\"wp-block-heading\" style=\"font-size:18px\"><em>En su reporte anual de riesgos globales, Eurasia Group destaca el \u201cintenso\u201d calendario electoral de la regi\u00f3n y sus posibles consecuencias para las finanzas p\u00fablicas<\/em>\u00a0<\/h2>\n\n\n\n<p><\/p>\n\n\n\n<p class=\"has-vivid-cyan-blue-color has-text-color has-medium-font-size\">ISABELLA COTA \/ EL PA\u00cdS<\/p>\n\n\n\n<p><a href=\"https:\/\/elpais.com\/internacional\/elecciones-usa\/2021-01-06\/seis-momentos-de-la-jornada-inedita-en-la-que-partidarios-de-trump-tomaron-el-capitolio.html\" target=\"_blank\" rel=\"noreferrer noopener\">La divisi\u00f3n pol\u00edtica en Estados Unidos<\/a>, la lentitud y mal manejo de la vacuna contra el coronavirus, los bajos precios del petr\u00f3leo son algunos de los diez riesgos m\u00e1s importantes para el mundo en 2021 identificados por la consultora&nbsp;<a href=\"https:\/\/www.eurasiagroup.net\/\" target=\"_blank\" rel=\"noreferrer noopener\">Eurasia Group<\/a>. En su reporte publicado esta semana, el director general, Ian Bremmer, y su presidente, Cliff Kupchan, destacaron tambi\u00e9n a Am\u00e9rica Latina argumentando que su \u201cdecepcionante\u201d desempe\u00f1o econ\u00f3mico atenta contra el desarrollo.<\/p>\n\n\n\n<p>\u201cA medida que emergen de la pandemia, los pa\u00edses de Am\u00e9rica Latina enfrentar\u00e1n versiones m\u00e1s n\u00edtidas de los problemas pol\u00edticos, sociales y econ\u00f3micos que ya estaban enfrentando antes de la crisis\u201d, dice el reporte. \u201cNo habr\u00e1 disponibilidad generalizada de vacunas hasta bien entrado el segundo semestre de este a\u00f1o, y los pa\u00edses de Am\u00e9rica Latina est\u00e1n mal posicionados para hacer frente a otra ola de coronavirus antes de esa fecha\u201d.<\/p>\n\n\n\n<p>Las cuestiones econ\u00f3micas ya est\u00e1n pasando a primer plano, dice el reporte, y no hay liderazgo global en modelos pol\u00edticos ni est\u00e1ndares comerciales a seguir. El resto de los riesgos identificados por Eurasia Group para este a\u00f1o son el coronavirus, el cambio clim\u00e1tico, las tensiones geopol\u00edticas entre China y EE UU, la privacidad y el acceso a los datos personales, los ciberataques, la debilidad de la econom\u00eda en Turqu\u00eda y&nbsp;<a href=\"https:\/\/elpais.com\/opinion\/2020-12-17\/la-mujer-tranquila.html\" target=\"_blank\" rel=\"noreferrer noopener\">la salida de la canciller alemana Angela Merkel<\/a>.<\/p>\n\n\n\n<p>\u201cAl igual que 2020 fue abrumadoramente sobre respuestas de atenci\u00f3n m\u00e9dica a la covid-19 (y cu\u00e1ntos Gobiernos se equivocaron), 2021 se tratar\u00e1 abrumadoramente de respuestas econ\u00f3micas a los s\u00edntomas persistentes de la covid-19 y al tejido cicatricial (la carga de la deuda y pol\u00edticas des-alineadas), incluso cuando las vacunas se despliegan y la emergencia sanitaria se desvanece\u201d, apuntan los expertos. En EE UU, por ejemplo, a pesar de tener uno de los inventarios de vacunas m\u00e1s grandes,<a href=\"https:\/\/elpais.com\/sociedad\/2020-12-31\/la-campana-de-vacunacion-en-estados-unidos-avanza-mucho-mas-lento-de-lo-esperado.html\" target=\"_blank\" rel=\"noreferrer noopener\">&nbsp;las autoridades han admitido que la campa\u00f1a de vacunaci\u00f3n ha tardado m\u00e1s de lo esperado<\/a>, retrasando la reactivaci\u00f3n econ\u00f3mica.<\/p>\n\n\n\n<p>En pa\u00edses emergentes, la baja capacidad para proporcionar est\u00edmulos y redes de seguridad significa que estos efectos se sentir\u00e1n m\u00e1s fuerte, dice el reporte. \u201cEl problema ser\u00e1 m\u00e1s agudo en Am\u00e9rica Latina, Medio Oriente y el sudeste asi\u00e1tico\u201d, se\u00f1alan, \u201clos programas de vacunaci\u00f3n en mercados emergentes se ver\u00e1n ralentizados por una infraestructura deficiente para la distribuci\u00f3n\u201d.<\/p>\n\n\n\n<p>\u201cEn Am\u00e9rica Latina, los principales puntos conflictivos pol\u00edticos se puntualizan ya en el intenso calendario electoral de este a\u00f1o: elecciones legislativas en Argentina y M\u00e9xico, as\u00ed como elecciones presidenciales en Ecuador, Per\u00fa y Chile. Estos cinco pa\u00edses han experimentado un deterioro fiscal significativo, derivado de aumento del gasto para mitigar el impacto econ\u00f3mico de la pandemia\u201d, dice Eurasia. La consultora augura un debilitamiento&nbsp;<a href=\"https:\/\/elpais.com\/internacional\/2020\/02\/23\/argentina\/1582481979_470239.html\" target=\"_blank\" rel=\"noreferrer noopener\">del Gobierno del presidente Alberto Fern\u00e1ndez en Argentina<\/a>&nbsp;en las elecciones, y un buen resultado electoral para el presidente de M\u00e9xico Andr\u00e9s Manuel L\u00f3pez Obrador. Los resultados de la elecci\u00f3n de este verano, asegura la consultora, ser\u00e1 favorable para el partido del presidente mexicano, preservar\u00e1 su mayor\u00eda en el Congreso y la popularidad de L\u00f3pez Obrador permanecer\u00e1 alta. \u201cEsto permitir\u00e1 que su agenda contin\u00fae y se deteriore el clima de negocios\u201d, apuntan.<\/p>\n\n\n\n<p>En Ecuador, Chile y Per\u00fa, el descontento social pudiera abrir la puerta a candidatos populistas, asegura Eurasia. \u201cDado el aumento de la pobreza, la creciente desigualdad y el alto desempleo, los gobernantes no estar\u00e1n dispuestos a tomar decisiones pol\u00edticamente costosas, como recortar el gasto en servicios sociales; de hecho, las elecciones ser\u00e1n un incentivo para los pol\u00edticos, especialmente a los del poder legislativo, a impulsar pol\u00edticas que ejerzan una mayor presi\u00f3n sobre las finanzas de sus pa\u00edses\u201d.<\/p>\n\n\n\n<p>Fuente: https:\/\/elpais.com\/economia\/2021-01-08\/el-decepcionante-desarrollo-economico-de-america-latina-lastra-las-previsiones-para-2021.html<\/p>\n\n\n\n<p><a href=\"mailto:?subject=El%20%E2%80%9Cdecepcionante%E2%80%9D%20desarrollo%20econ%C3%B3mico%20de%20Am%C3%A9rica%20Latina%20lastra%20las%20previsiones%20para%202021&amp;body=https%3A%2F%2Felpais.com%2Feconomia%2F2021-01-08%2Fel-decepcionante-desarrollo-economico-de-america-latina-lastra-las-previsiones-para-2021.html%3Fprm=enviar_email\"><\/a><\/p>\n","protected":false},"excerpt":{"rendered":"<p>En su reporte anual de riesgos globales, Eurasia Group destaca el \u201cintenso\u201d calendario electoral de la regi\u00f3n y sus posibles [&hellip;]<\/p>\n","protected":false},"author":1,"featured_media":3097,"comment_status":"open","ping_status":"open","sticky":false,"template":"","format":"standard","meta":{"site-sidebar-layout":"default","site-content-layout":"","ast-site-content-layout":"default","site-content-style":"default","site-sidebar-style":"default","ast-global-header-display":"","ast-banner-title-visibility":"","ast-main-header-display":"","ast-hfb-above-header-display":"","ast-hfb-below-header-display":"","ast-hfb-mobile-header-display":"","site-post-title":"","ast-breadcrumbs-content":"","ast-featured-img":"","footer-sml-layout":"","theme-transparent-header-meta":"","adv-header-id-meta":"","stick-header-meta":"","header-above-stick-meta":"","header-main-stick-meta":"","header-below-stick-meta":"","astra-migrate-meta-layouts":"default","ast-page-background-enabled":"default","ast-page-background-meta":{"desktop":{"background-color":"var(--ast-global-color-4)","background-image":"","background-repeat":"repeat","background-position":"center center","background-size":"auto","background-attachment":"scroll","background-type":"","background-media":"","overlay-type":"","overlay-color":"","overlay-opacity":"","overlay-gradient":""},"tablet":{"background-color":"","background-image":"","background-repeat":"repeat","background-position":"center center","background-size":"auto","background-attachment":"scroll","background-type":"","background-media":"","overlay-type":"","overlay-color":"","overlay-opacity":"","overlay-gradient":""},"mobile":{"background-color":"","background-image":"","background-repeat":"repeat","background-position":"center center","background-size":"auto","background-attachment":"scroll","background-type":"","background-media":"","overlay-type":"","overlay-color":"","overlay-opacity":"","overlay-gradient":""}},"ast-content-background-meta":{"desktop":{"background-color":"var(--ast-global-color-5)","background-image":"","background-repeat":"repeat","background-position":"center center","background-size":"auto","background-attachment":"scroll","background-type":"","background-media":"","overlay-type":"","overlay-color":"","overlay-opacity":"","overlay-gradient":""},"tablet":{"background-color":"var(--ast-global-color-5)","background-image":"","background-repeat":"repeat","background-position":"center center","background-size":"auto","background-attachment":"scroll","background-type":"","background-media":"","overlay-type":"","overlay-color":"","overlay-opacity":"","overlay-gradient":""},"mobile":{"background-color":"var(--ast-global-color-5)","background-image":"","background-repeat":"repeat","background-position":"center center","background-size":"auto","background-attachment":"scroll","background-type":"","background-media":"","overlay-type":"","overlay-color":"","overlay-opacity":"","overlay-gradient":""}},"footnotes":""},"categories":[8],"tags":[],"class_list":["post-3096","post","type-post","status-publish","format-standard","has-post-thumbnail","hentry","category-noticias"],"_links":{"self":[{"href":"https:\/\/losperiodistas.com.mx\/portal\/wp-json\/wp\/v2\/posts\/3096","targetHints":{"allow":["GET"]}}],"collection":[{"href":"https:\/\/losperiodistas.com.mx\/portal\/wp-json\/wp\/v2\/posts"}],"about":[{"href":"https:\/\/losperiodistas.com.mx\/portal\/wp-json\/wp\/v2\/types\/post"}],"author":[{"embeddable":true,"href":"https:\/\/losperiodistas.com.mx\/portal\/wp-json\/wp\/v2\/users\/1"}],"replies":[{"embeddable":true,"href":"https:\/\/losperiodistas.com.mx\/portal\/wp-json\/wp\/v2\/comments?post=3096"}],"version-history":[{"count":1,"href":"https:\/\/losperiodistas.com.mx\/portal\/wp-json\/wp\/v2\/posts\/3096\/revisions"}],"predecessor-version":[{"id":3098,"href":"https:\/\/losperiodistas.com.mx\/portal\/wp-json\/wp\/v2\/posts\/3096\/revisions\/3098"}],"wp:featuredmedia":[{"embeddable":true,"href":"https:\/\/losperiodistas.com.mx\/portal\/wp-json\/wp\/v2\/media\/3097"}],"wp:attachment":[{"href":"https:\/\/losperiodistas.com.mx\/portal\/wp-json\/wp\/v2\/media?parent=3096"}],"wp:term":[{"taxonomy":"category","embeddable":true,"href":"https:\/\/losperiodistas.com.mx\/portal\/wp-json\/wp\/v2\/categories?post=3096"},{"taxonomy":"post_tag","embeddable":true,"href":"https:\/\/losperiodistas.com.mx\/portal\/wp-json\/wp\/v2\/tags?post=3096"}],"curies":[{"name":"wp","href":"https:\/\/api.w.org\/{rel}","templated":true}]}}