{"id":30946,"date":"2022-06-29T07:00:41","date_gmt":"2022-06-29T12:00:41","guid":{"rendered":"http:\/\/losperiodistas.com.mx\/portal\/?p=30946"},"modified":"2022-06-29T07:00:43","modified_gmt":"2022-06-29T12:00:43","slug":"ya-basta-de-tantos-balazos-marko-cortes-exigio-justicia-tras-balacera-en-centro-de-vacunacion-en-puebla-infobae","status":"publish","type":"post","link":"https:\/\/losperiodistas.com.mx\/portal\/ya-basta-de-tantos-balazos-marko-cortes-exigio-justicia-tras-balacera-en-centro-de-vacunacion-en-puebla-infobae\/","title":{"rendered":"\u201c\u00a1Ya basta de tantos balazos!\u201d: Marko Cort\u00e9s exigi\u00f3 justicia tras balacera en centro de vacunaci\u00f3n en Puebla | Infobae"},"content":{"rendered":"\n<h2 class=\"wp-block-heading\"><em>Los integrantes de la oposici\u00f3n criticaron a L\u00f3pez Obrador y sus pol\u00edticas de seguridad tras la balacera registrada en Puebla<\/em><\/h2>\n\n\n\n<p><\/p>\n\n\n\n<figure class=\"wp-block-image size-large\"><img fetchpriority=\"high\" decoding=\"async\" width=\"1024\" height=\"570\" src=\"https:\/\/losperiodistas.com.mx\/portal\/wp-content\/uploads\/2022\/06\/Captura-de-Pantalla-2022-06-29-a-las-6.55.44-1024x570.png\" alt=\"\" class=\"wp-image-30947\" srcset=\"https:\/\/losperiodistas.com.mx\/portal\/wp-content\/uploads\/2022\/06\/Captura-de-Pantalla-2022-06-29-a-las-6.55.44-1024x570.png 1024w, https:\/\/losperiodistas.com.mx\/portal\/wp-content\/uploads\/2022\/06\/Captura-de-Pantalla-2022-06-29-a-las-6.55.44-300x167.png 300w, https:\/\/losperiodistas.com.mx\/portal\/wp-content\/uploads\/2022\/06\/Captura-de-Pantalla-2022-06-29-a-las-6.55.44-768x428.png 768w, https:\/\/losperiodistas.com.mx\/portal\/wp-content\/uploads\/2022\/06\/Captura-de-Pantalla-2022-06-29-a-las-6.55.44.png 1372w\" sizes=\"(max-width: 1024px) 100vw, 1024px\" \/><figcaption>Habitantes de Puebla padecieron minutos de terror tras el ataque contra un presunto delincuente en un centro de vacunaci\u00f3n en la capital del estado<\/figcaption><\/figure>\n\n\n\n<p><\/p>\n\n\n\n<p class=\"has-vivid-cyan-blue-color has-text-color has-medium-font-size\">INFOBAE<\/p>\n\n\n\n<p>\u00a0Habitantes de Puebla padecieron minutos de terror tras el ataque contra un presunto delincuente en un centro de vacunaci\u00f3n en la capital del estado<\/p>\n\n\n\n<p>Una&nbsp;<strong>balacera en el estado de Puebla<\/strong>&nbsp;conmocion\u00f3 a la ciudadan\u00eda la tarde del pasado martes 28 de junio. Sujetos armados atacaron a tiros a un hombre que se encontraba en uno de los&nbsp;<strong>centros de vacunaci\u00f3n contra COVID-19<\/strong>&nbsp;en la entidad, en el cual hab\u00eda menores de edad acompa\u00f1ados de sus padres.<\/p>\n\n\n\n<p>El saldo de este ataque armado fue de&nbsp;<strong>cuatro personas heridas<\/strong>,<strong>&nbsp;entre ellas dos menores de edad<\/strong>, quienes se encuentran fuera de peligro de acuerdo con las autoridades de Protecci\u00f3n Civil. La balacera ocurri\u00f3 en los alrededores del Centro de Salud de la colonia Francisco I. Madero cuando ni\u00f1as y ni\u00f1os se encontraban haciendo fila para recibir la vacuna contra el SARS-CoV-2.<\/p>\n\n\n\n<p>En redes sociales se viraliz\u00f3 un video que muestra el momento exacto en que iniciaron las detonaciones. Acto seguido, es posible ver c\u00f3mo madres, padres, infantes y personal de la salud que se encontraba en el lugar&nbsp;<strong>se agacharon para evitar el impacto de alg\u00fan proyectil<\/strong>.<img decoding=\"async\" alt=\"Foto: Twitter\/@MarkoCortes\" height=\"1080\" width=\"1920\" class=\"\" src=\"https:\/\/cloudfront-us-east-1.images.arcpublishing.com\/infobae\/Y653UDU5OFHQXK7NA7IMPY2EOU.jpg\" srcset=\"https:\/\/www.infobae.com\/new-resizer\/FcZSXcHRk27oWKS06STUxhA4iCo=\/420x236\/filters:format(webp):quality(85)\/cloudfront-us-east-1.images.arcpublishing.com\/infobae\/Y653UDU5OFHQXK7NA7IMPY2EOU.jpg 420w,https:\/\/www.infobae.com\/new-resizer\/-xUiFzE38LMNnegM-dNKjrle5ig=\/768x432\/filters:format(webp):quality(85)\/cloudfront-us-east-1.images.arcpublishing.com\/infobae\/Y653UDU5OFHQXK7NA7IMPY2EOU.jpg 768w,https:\/\/www.infobae.com\/new-resizer\/AQQLKviRbxMJaBHPXZmwc0T6lq8=\/992x558\/filters:format(webp):quality(85)\/cloudfront-us-east-1.images.arcpublishing.com\/infobae\/Y653UDU5OFHQXK7NA7IMPY2EOU.jpg 992w,https:\/\/www.infobae.com\/new-resizer\/2yJG28KLsT4vj7eWARcpARMicsA=\/1200x675\/filters:format(webp):quality(85)\/cloudfront-us-east-1.images.arcpublishing.com\/infobae\/Y653UDU5OFHQXK7NA7IMPY2EOU.jpg 1200w,https:\/\/www.infobae.com\/new-resizer\/T8yfj3hNGDIIN0_jA-OqUqO4ZzE=\/1440x810\/filters:format(webp):quality(85)\/cloudfront-us-east-1.images.arcpublishing.com\/infobae\/Y653UDU5OFHQXK7NA7IMPY2EOU.jpg 1440w\">Foto: Twitter\/@MarkoCortes<\/p>\n\n\n\n<p>Algunas versiones difundidas a nivel local se\u00f1alan que una de las personas heridas, un hombre identificado como&nbsp;<strong>Fernando Flores Garc\u00eda<\/strong>,&nbsp;<em><strong>La Zorra<\/strong><\/em>, era el objetivo del ataque perpetrado por presuntos motosicarios. De acuerdo con los reportes preliminares, ninguna de las otras tres v\u00edctimas ten\u00eda v\u00ednculo alguno con Flores Garc\u00eda.<\/p>\n\n\n\n<p><em>La Zorra<\/em>, seg\u00fan los primeros informes, hab\u00eda sido procesado previamente por&nbsp;<strong>asesinato, narcomenudeo y robo de veh\u00edculo<\/strong>, entre otros delitos. Luego de la agresi\u00f3n, fue trasladado a un hospital para ser intervenido por las heridas provocadas por los disparos.<\/p>\n\n\n\n<p>Este atentado provoc\u00f3 diversas reacciones a lo largo del territorio nacional, especialmente por parte de&nbsp;<strong>miembros de la oposici\u00f3n conformada por el PRI-PAN-PRD<\/strong>, quienes aprovecharon para cuestionar las pol\u00edticas en materia de seguridad del gobierno federal de Andr\u00e9s Manuel L\u00f3pez Obrador.<\/p>\n\n\n\n<p><strong>Marko Cort\u00e9s<\/strong>, presidente del Partido Acci\u00f3n Nacional (PAN) emiti\u00f3 un mensaje en su cuenta personal de Twitter para condenar el ataque armado y asegur\u00f3 que&nbsp;<strong>es necesaria una estrategia para darle tranquilidad a la poblaci\u00f3n mexicana<\/strong>.<img decoding=\"async\" alt=\"Captura: Twitter\/@MarkoCortes\" height=\"1080\" width=\"1920\" class=\"\" src=\"https:\/\/cloudfront-us-east-1.images.arcpublishing.com\/infobae\/CGO2H4VWUBBP7DZGULUYTA7BE4.jpg\" srcset=\"https:\/\/www.infobae.com\/new-resizer\/HKT3mbT1I7Q0kaQgaGMUzTYpxcQ=\/420x236\/filters:format(webp):quality(85)\/cloudfront-us-east-1.images.arcpublishing.com\/infobae\/CGO2H4VWUBBP7DZGULUYTA7BE4.jpg 420w,https:\/\/www.infobae.com\/new-resizer\/6zlM8wXFEZhXvQe7fF5l1pzFqpw=\/768x432\/filters:format(webp):quality(85)\/cloudfront-us-east-1.images.arcpublishing.com\/infobae\/CGO2H4VWUBBP7DZGULUYTA7BE4.jpg 768w,https:\/\/www.infobae.com\/new-resizer\/gcJzZIoaHYx6Tldhs8MxS3ZUH5E=\/992x558\/filters:format(webp):quality(85)\/cloudfront-us-east-1.images.arcpublishing.com\/infobae\/CGO2H4VWUBBP7DZGULUYTA7BE4.jpg 992w,https:\/\/www.infobae.com\/new-resizer\/PCTjDSu-BDsAvloMYEk1siFpSF0=\/1200x675\/filters:format(webp):quality(85)\/cloudfront-us-east-1.images.arcpublishing.com\/infobae\/CGO2H4VWUBBP7DZGULUYTA7BE4.jpg 1200w,https:\/\/www.infobae.com\/new-resizer\/OSuQvOfh5ujZKmCblnMZ5-oyPSo=\/1440x810\/filters:format(webp):quality(85)\/cloudfront-us-east-1.images.arcpublishing.com\/infobae\/CGO2H4VWUBBP7DZGULUYTA7BE4.jpg 1440w\">Captura: Twitter\/@MarkoCortes<\/p>\n\n\n\n<p>\u201c<strong>\u00a1Ya basta de tantos balazos!&nbsp;<\/strong>M\u00e9xico necesita urgentemente una estrategia que regrese la paz y tranquilidad a las calles en coordinaci\u00f3n con todos los niveles de gobierno. Mi m\u00e1s en\u00e9rgica condena y reclamo de justicia por los hechos ocurridos hoy en un centro de vacunaci\u00f3n\u201d, escribi\u00f3 el dirigente del partido blanquiazul.<\/p>\n\n\n\n<p>Por otro lado, la senadora por Sonora&nbsp;<strong>Lilly T\u00e9llez<\/strong>, tambi\u00e9n del PAN, arremeti\u00f3 contra el presidente L\u00f3pez Obrador por su falta de pronunciamiento inmediato ante los hechos y asegur\u00f3 que en la pr\u00f3xima administraci\u00f3n federal no se tolerar\u00e1 la violencia.<\/p>\n\n\n\n<p>\u201c\u00a1Qu\u00e9 rabia y qu\u00e9 tristeza la balacera contra ni\u00f1os en Puebla! Y AMLO calladito. En el pr\u00f3ximo sexenio&nbsp;<strong>habr\u00e1 mano dura y cero tolerancia con la violencia<\/strong>. Al primer minuto del nuevo gobierno se romper\u00e1 el pacto de Morena con las mafias.&nbsp;<a href=\"https:\/\/www.infobae.com\/america\/mexico\/2022\/06\/28\/no-habra-piedad-para-estos-monstruos-lilly-tellez-culpo-a-amlo-por-balacera-en-centro-de-vacunacion-de-puebla\/\" target=\"_blank\" rel=\"noreferrer noopener\"><strong>No habr\u00e1 piedad para estos monstruos<\/strong><\/a>\u201d, manifest\u00f3 la legisladora en Twitter.<img loading=\"lazy\" decoding=\"async\" alt=\"(Foto: Twitter\/@LillyTellez)\" height=\"356\" width=\"632\" class=\"\" src=\"https:\/\/cloudfront-us-east-1.images.arcpublishing.com\/infobae\/I47EA4VU3JGN5FYWHFGSGMGYZQ.jpg\" srcset=\"https:\/\/www.infobae.com\/new-resizer\/6emjZATFsf5v-UyIkRTYtPBaPk4=\/420x236\/filters:format(webp):quality(85)\/cloudfront-us-east-1.images.arcpublishing.com\/infobae\/I47EA4VU3JGN5FYWHFGSGMGYZQ.jpg 420w,https:\/\/www.infobae.com\/new-resizer\/TafBC-64TrQixSNmJfDjazvmJx4=\/768x432\/filters:format(webp):quality(85)\/cloudfront-us-east-1.images.arcpublishing.com\/infobae\/I47EA4VU3JGN5FYWHFGSGMGYZQ.jpg 768w,https:\/\/www.infobae.com\/new-resizer\/kZCA8W90w18cYtQgHfzDCbenWUU=\/992x558\/filters:format(webp):quality(85)\/cloudfront-us-east-1.images.arcpublishing.com\/infobae\/I47EA4VU3JGN5FYWHFGSGMGYZQ.jpg 992w,https:\/\/www.infobae.com\/new-resizer\/VxtYfrZkL1YP7C9NCsL8dI9lEtA=\/1200x675\/filters:format(webp):quality(85)\/cloudfront-us-east-1.images.arcpublishing.com\/infobae\/I47EA4VU3JGN5FYWHFGSGMGYZQ.jpg 1200w,https:\/\/www.infobae.com\/new-resizer\/8pifFgLCJBo-_ptDmkutACczcOg=\/1440x810\/filters:format(webp):quality(85)\/cloudfront-us-east-1.images.arcpublishing.com\/infobae\/I47EA4VU3JGN5FYWHFGSGMGYZQ.jpg 1440w\">(Foto: Twitter\/@LillyTellez)<\/p>\n\n\n\n<p>Desde la trinchera del Partido Revolucionario Institucional (PRI) tambi\u00e9n llovieron las cr\u00edticas en contra de AMLO tras la balacera.<strong>&nbsp;Alejandro \u2018Alito\u2019 Moreno<\/strong>, dirigente nacional del partido tricolor,<a href=\"https:\/\/www.infobae.com\/america\/mexico\/2022\/06\/28\/la-ineptitud-de-morena-es-una-desgracia-alito-moreno-condeno-balacera-en-centro-de-vacunacion-de-puebla\/\" target=\"_blank\" rel=\"noreferrer noopener\"><strong>&nbsp;aprovech\u00f3 para atacar al partido de L\u00f3pez Obrador&nbsp;<\/strong><\/a>y lo calific\u00f3 como una desgracia para el pa\u00eds.<\/p>\n\n\n\n<p>\u201c\u00a1Me niego a aceptar un M\u00e9xico en el que se normalice la violencia! Ahora una balacera en un Centro de Salud de Puebla, en donde decenas de menores de edad acompa\u00f1ados de sus padres esperaban para ser vacunados contra el COVID.<strong>&nbsp;La ineptitud de Morena es una desgracia para M\u00e9xico<\/strong>\u201d, sentenci\u00f3 el presidente del PRI.<\/p>\n\n\n\n<p>Cabe se\u00f1alar que, hasta el momento, ni&nbsp;<strong>Miguel Barbosa&nbsp;<\/strong>(gobernador del estado de Puebla) ni&nbsp;<strong>Eduardo Rivera P\u00e9rez<\/strong>&nbsp;(presidente municipal de Puebla) han emitido pronunciamientos respecto al ataque que dej\u00f3 4 heridos en el centro de vacunaci\u00f3n de la colonia Francisco I. Madero.<\/p>\n","protected":false},"excerpt":{"rendered":"<p>Los integrantes de la oposici\u00f3n criticaron a L\u00f3pez Obrador y sus pol\u00edticas de seguridad tras la balacera registrada en Puebla [&hellip;]<\/p>\n","protected":false},"author":1,"featured_media":30947,"comment_status":"open","ping_status":"open","sticky":false,"template":"","format":"standard","meta":{"site-sidebar-layout":"default","site-content-layout":"","ast-site-content-layout":"default","site-content-style":"default","site-sidebar-style":"default","ast-global-header-display":"","ast-banner-title-visibility":"","ast-main-header-display":"","ast-hfb-above-header-display":"","ast-hfb-below-header-display":"","ast-hfb-mobile-header-display":"","site-post-title":"","ast-breadcrumbs-content":"","ast-featured-img":"","footer-sml-layout":"","theme-transparent-header-meta":"","adv-header-id-meta":"","stick-header-meta":"","header-above-stick-meta":"","header-main-stick-meta":"","header-below-stick-meta":"","astra-migrate-meta-layouts":"default","ast-page-background-enabled":"default","ast-page-background-meta":{"desktop":{"background-color":"var(--ast-global-color-4)","background-image":"","background-repeat":"repeat","background-position":"center center","background-size":"auto","background-attachment":"scroll","background-type":"","background-media":"","overlay-type":"","overlay-color":"","overlay-opacity":"","overlay-gradient":""},"tablet":{"background-color":"","background-image":"","background-repeat":"repeat","background-position":"center center","background-size":"auto","background-attachment":"scroll","background-type":"","background-media":"","overlay-type":"","overlay-color":"","overlay-opacity":"","overlay-gradient":""},"mobile":{"background-color":"","background-image":"","background-repeat":"repeat","background-position":"center center","background-size":"auto","background-attachment":"scroll","background-type":"","background-media":"","overlay-type":"","overlay-color":"","overlay-opacity":"","overlay-gradient":""}},"ast-content-background-meta":{"desktop":{"background-color":"var(--ast-global-color-5)","background-image":"","background-repeat":"repeat","background-position":"center center","background-size":"auto","background-attachment":"scroll","background-type":"","background-media":"","overlay-type":"","overlay-color":"","overlay-opacity":"","overlay-gradient":""},"tablet":{"background-color":"var(--ast-global-color-5)","background-image":"","background-repeat":"repeat","background-position":"center center","background-size":"auto","background-attachment":"scroll","background-type":"","background-media":"","overlay-type":"","overlay-color":"","overlay-opacity":"","overlay-gradient":""},"mobile":{"background-color":"var(--ast-global-color-5)","background-image":"","background-repeat":"repeat","background-position":"center center","background-size":"auto","background-attachment":"scroll","background-type":"","background-media":"","overlay-type":"","overlay-color":"","overlay-opacity":"","overlay-gradient":""}},"footnotes":""},"categories":[8],"tags":[38,11036,2089,11035],"class_list":["post-30946","post","type-post","status-publish","format-standard","has-post-thumbnail","hentry","category-noticias","tag-covid-19","tag-inseguridad-puebla","tag-marko-cortes","tag-puebla-balacera"],"_links":{"self":[{"href":"https:\/\/losperiodistas.com.mx\/portal\/wp-json\/wp\/v2\/posts\/30946","targetHints":{"allow":["GET"]}}],"collection":[{"href":"https:\/\/losperiodistas.com.mx\/portal\/wp-json\/wp\/v2\/posts"}],"about":[{"href":"https:\/\/losperiodistas.com.mx\/portal\/wp-json\/wp\/v2\/types\/post"}],"author":[{"embeddable":true,"href":"https:\/\/losperiodistas.com.mx\/portal\/wp-json\/wp\/v2\/users\/1"}],"replies":[{"embeddable":true,"href":"https:\/\/losperiodistas.com.mx\/portal\/wp-json\/wp\/v2\/comments?post=30946"}],"version-history":[{"count":1,"href":"https:\/\/losperiodistas.com.mx\/portal\/wp-json\/wp\/v2\/posts\/30946\/revisions"}],"predecessor-version":[{"id":30950,"href":"https:\/\/losperiodistas.com.mx\/portal\/wp-json\/wp\/v2\/posts\/30946\/revisions\/30950"}],"wp:featuredmedia":[{"embeddable":true,"href":"https:\/\/losperiodistas.com.mx\/portal\/wp-json\/wp\/v2\/media\/30947"}],"wp:attachment":[{"href":"https:\/\/losperiodistas.com.mx\/portal\/wp-json\/wp\/v2\/media?parent=30946"}],"wp:term":[{"taxonomy":"category","embeddable":true,"href":"https:\/\/losperiodistas.com.mx\/portal\/wp-json\/wp\/v2\/categories?post=30946"},{"taxonomy":"post_tag","embeddable":true,"href":"https:\/\/losperiodistas.com.mx\/portal\/wp-json\/wp\/v2\/tags?post=30946"}],"curies":[{"name":"wp","href":"https:\/\/api.w.org\/{rel}","templated":true}]}}