{"id":30932,"date":"2022-06-28T20:18:36","date_gmt":"2022-06-29T01:18:36","guid":{"rendered":"http:\/\/losperiodistas.com.mx\/portal\/?p=30932"},"modified":"2022-06-28T20:18:38","modified_gmt":"2022-06-29T01:18:38","slug":"los-abrazos-superaron-a-los-balazos","status":"publish","type":"post","link":"https:\/\/losperiodistas.com.mx\/portal\/los-abrazos-superaron-a-los-balazos\/","title":{"rendered":"Los abrazos superaron a los balazos"},"content":{"rendered":"\n<p><\/p>\n\n\n\n<p><\/p>\n\n\n\n<p class=\"has-vivid-cyan-blue-color has-text-color\" style=\"font-size:26px\"><strong><em>Por Humberto Aguilar Coronado<\/em><\/strong><\/p>\n\n\n\n<p>El terrible asesinato de dos sacerdotes jesuitas y un gu\u00eda de turistas en un municipio del Estado de Chihuahua, hizo que se alzaran las voces contra el terrible acto perpetrado en una iglesia cat\u00f3lica, as\u00ed como para cuestionar la estrategia seguida por el actual gobierno, para combatir la inseguridad en el pa\u00eds y su trato con las bandas criminales.<\/p>\n\n\n\n<p>Tal es la exigencia que el P. Javier \u00c1vila SJ, en su homil\u00eda, le pide al presidente L\u00f3pez Obrador que revise su proyecto de seguridad p\u00fablica porque no vamos bien y que esto es un clamor popular. Al final el sacerdote termin\u00f3 con una frase contundente al afirmar que \u201clos abrazos, ya no nos alcanzan para cubrir los balazos\u201d<\/p>\n\n\n\n<p>Desafortunadamente, ante este reclamo que hacen los sacerdotes de la compa\u00f1\u00eda de Jes\u00fas, L\u00f3pez Obrador respondi\u00f3, a manera de enfrentamiento con un: \u201cIncluso hasta los religiosos, no siguen el ejemplo del Papa Francisco, porque est\u00e1n muy apergollados por la oligarqu\u00eda mexicana\u201d.<\/p>\n\n\n\n<p>Tal vez sus asesores no le tradujeron bien lo que expres\u00f3 el Papa Francisco, por cierto, tambi\u00e9n miembro de la orden religiosa, porque claramente expres\u00f3 su condena a los asesinatos, afirmando que la violencia no resuelve los problemas, sino que aumenta el sufrimiento al preguntarse \u00bfCu\u00e1ntos asesinatos en M\u00e9xico?<\/p>\n\n\n\n<p>Que pena, porque este reclamo se suma a muchas voces que han sostenido que la estrategia del gobierno debe cambiar y el presidente solo atina a responder en su ma\u00f1anera que: \u201cLos muy cretinos ahora, los desinformados, nos dicen \u00bfy que est\u00e1n haciendo, porqu\u00e9 no se resuelve el problema? Esta doble moral, esa hipocres\u00eda, es lo que m\u00e1s molesta, nosotros estamos enfrentando el problema atendiendo las causas\u201d.<\/p>\n\n\n\n<p>El presidente est\u00e1 irascible y poco tolerante a la critica a las acciones de gobierno.<\/p>\n\n\n\n<p>No hace mucho acept\u00f3 el desaf\u00edo de garantizar la paz y la seguridad en el pa\u00eds, reconociendo, que si no se resuelve el problema de la inseguridad, no ser\u00e1 ni reconocido ni recordado como un buen gobernante.<\/p>\n\n\n\n<p>Tiene raz\u00f3n el presidente en eso, pero estoy seguro de que ser\u00e1 recordado como el presidente que no pudo controlar a la delincuencia organizada, porque se equivoc\u00f3 en su estrategia inicial de \u201cabrazos y no balazos\u201d, que, por cierto, ya afirm\u00f3 que no la va a cambiar.<\/p>\n\n\n\n<p>No se ve, no se percibe, como se est\u00e1n atacando las causas de la inseguridad.<\/p>\n\n\n\n<p>Esperemos que al final no sea \u00e9l, la causa de lo causado, porque est\u00e1 claro que los balazos superaron a los abrazos.<\/p>\n\n\n\n<p>*Es Diputado Federal del PAN por el Distrito 10 con cabecera en San Pedro Cholula<\/p>\n","protected":false},"excerpt":{"rendered":"<p>Por Humberto Aguilar Coronado El terrible asesinato de dos sacerdotes jesuitas y un gu\u00eda de turistas en un municipio del [&hellip;]<\/p>\n","protected":false},"author":1,"featured_media":30933,"comment_status":"open","ping_status":"open","sticky":false,"template":"","format":"standard","meta":{"site-sidebar-layout":"default","site-content-layout":"","ast-site-content-layout":"default","site-content-style":"default","site-sidebar-style":"default","ast-global-header-display":"","ast-banner-title-visibility":"","ast-main-header-display":"","ast-hfb-above-header-display":"","ast-hfb-below-header-display":"","ast-hfb-mobile-header-display":"","site-post-title":"","ast-breadcrumbs-content":"","ast-featured-img":"","footer-sml-layout":"","theme-transparent-header-meta":"","adv-header-id-meta":"","stick-header-meta":"","header-above-stick-meta":"","header-main-stick-meta":"","header-below-stick-meta":"","astra-migrate-meta-layouts":"default","ast-page-background-enabled":"default","ast-page-background-meta":{"desktop":{"background-color":"var(--ast-global-color-4)","background-image":"","background-repeat":"repeat","background-position":"center center","background-size":"auto","background-attachment":"scroll","background-type":"","background-media":"","overlay-type":"","overlay-color":"","overlay-opacity":"","overlay-gradient":""},"tablet":{"background-color":"","background-image":"","background-repeat":"repeat","background-position":"center center","background-size":"auto","background-attachment":"scroll","background-type":"","background-media":"","overlay-type":"","overlay-color":"","overlay-opacity":"","overlay-gradient":""},"mobile":{"background-color":"","background-image":"","background-repeat":"repeat","background-position":"center center","background-size":"auto","background-attachment":"scroll","background-type":"","background-media":"","overlay-type":"","overlay-color":"","overlay-opacity":"","overlay-gradient":""}},"ast-content-background-meta":{"desktop":{"background-color":"var(--ast-global-color-5)","background-image":"","background-repeat":"repeat","background-position":"center center","background-size":"auto","background-attachment":"scroll","background-type":"","background-media":"","overlay-type":"","overlay-color":"","overlay-opacity":"","overlay-gradient":""},"tablet":{"background-color":"var(--ast-global-color-5)","background-image":"","background-repeat":"repeat","background-position":"center center","background-size":"auto","background-attachment":"scroll","background-type":"","background-media":"","overlay-type":"","overlay-color":"","overlay-opacity":"","overlay-gradient":""},"mobile":{"background-color":"var(--ast-global-color-5)","background-image":"","background-repeat":"repeat","background-position":"center center","background-size":"auto","background-attachment":"scroll","background-type":"","background-media":"","overlay-type":"","overlay-color":"","overlay-opacity":"","overlay-gradient":""}},"footnotes":""},"categories":[8,18],"tags":[11034,10905],"class_list":["post-30932","post","type-post","status-publish","format-standard","has-post-thumbnail","hentry","category-noticias","category-palabra-de-tigre","tag-abrazos-no-balazos","tag-jesuitas-asesinados"],"_links":{"self":[{"href":"https:\/\/losperiodistas.com.mx\/portal\/wp-json\/wp\/v2\/posts\/30932","targetHints":{"allow":["GET"]}}],"collection":[{"href":"https:\/\/losperiodistas.com.mx\/portal\/wp-json\/wp\/v2\/posts"}],"about":[{"href":"https:\/\/losperiodistas.com.mx\/portal\/wp-json\/wp\/v2\/types\/post"}],"author":[{"embeddable":true,"href":"https:\/\/losperiodistas.com.mx\/portal\/wp-json\/wp\/v2\/users\/1"}],"replies":[{"embeddable":true,"href":"https:\/\/losperiodistas.com.mx\/portal\/wp-json\/wp\/v2\/comments?post=30932"}],"version-history":[{"count":1,"href":"https:\/\/losperiodistas.com.mx\/portal\/wp-json\/wp\/v2\/posts\/30932\/revisions"}],"predecessor-version":[{"id":30934,"href":"https:\/\/losperiodistas.com.mx\/portal\/wp-json\/wp\/v2\/posts\/30932\/revisions\/30934"}],"wp:featuredmedia":[{"embeddable":true,"href":"https:\/\/losperiodistas.com.mx\/portal\/wp-json\/wp\/v2\/media\/30933"}],"wp:attachment":[{"href":"https:\/\/losperiodistas.com.mx\/portal\/wp-json\/wp\/v2\/media?parent=30932"}],"wp:term":[{"taxonomy":"category","embeddable":true,"href":"https:\/\/losperiodistas.com.mx\/portal\/wp-json\/wp\/v2\/categories?post=30932"},{"taxonomy":"post_tag","embeddable":true,"href":"https:\/\/losperiodistas.com.mx\/portal\/wp-json\/wp\/v2\/tags?post=30932"}],"curies":[{"name":"wp","href":"https:\/\/api.w.org\/{rel}","templated":true}]}}