{"id":30913,"date":"2022-06-28T10:43:27","date_gmt":"2022-06-28T15:43:27","guid":{"rendered":"http:\/\/losperiodistas.com.mx\/portal\/?p=30913"},"modified":"2022-06-28T10:43:29","modified_gmt":"2022-06-28T15:43:29","slug":"papa-de-emilio-lozoya-pudo-entregar-a-exdirector-de-pemex-a-alejandro-gertz-manero-asegura-javier-coello-sdp","status":"publish","type":"post","link":"https:\/\/losperiodistas.com.mx\/portal\/papa-de-emilio-lozoya-pudo-entregar-a-exdirector-de-pemex-a-alejandro-gertz-manero-asegura-javier-coello-sdp\/","title":{"rendered":"Pap\u00e1 de Emilio Lozoya pudo entregar a exdirector de Pemex a Alejandro Gertz Manero; asegura Javier Coello | SDP"},"content":{"rendered":"\n<p><em>El exabogado de Emilio Lozoya cree que su pap\u00e1, Emilio Lozoya Thalmann entreg\u00f3 a su hijo para que su esposa, Gilda Austin fuera extraditada a M\u00e9xico<\/em><\/p>\n\n\n\n<p><\/p>\n\n\n\n<figure class=\"wp-block-image size-large\"><img fetchpriority=\"high\" decoding=\"async\" width=\"1024\" height=\"576\" src=\"https:\/\/losperiodistas.com.mx\/portal\/wp-content\/uploads\/2022\/06\/3TKRHCMDMFIF3ONFNLBEL72O3U-1024x576.jpeg\" alt=\"\" class=\"wp-image-30916\" srcset=\"https:\/\/losperiodistas.com.mx\/portal\/wp-content\/uploads\/2022\/06\/3TKRHCMDMFIF3ONFNLBEL72O3U-1024x576.jpeg 1024w, https:\/\/losperiodistas.com.mx\/portal\/wp-content\/uploads\/2022\/06\/3TKRHCMDMFIF3ONFNLBEL72O3U-300x169.jpeg 300w, https:\/\/losperiodistas.com.mx\/portal\/wp-content\/uploads\/2022\/06\/3TKRHCMDMFIF3ONFNLBEL72O3U-768x432.jpeg 768w, https:\/\/losperiodistas.com.mx\/portal\/wp-content\/uploads\/2022\/06\/3TKRHCMDMFIF3ONFNLBEL72O3U.jpeg 1280w\" sizes=\"(max-width: 1024px) 100vw, 1024px\" \/><figcaption><strong>EMILIO LOZOYA\u00a0<\/strong>(DIEGO SIM\u00d3N S\u00c1NCHEZ \/ CUARTOSCURO)<\/figcaption><\/figure>\n\n\n\n<p><\/p>\n\n\n\n<p class=\"has-vivid-cyan-blue-color has-text-color has-medium-font-size\">PAMELA GRANDE \/ SDP NOTICIAS<\/p>\n\n\n\n<p>El abogado<strong>&nbsp;Javier Coello<\/strong>&nbsp;dijo que el pap\u00e1 de<a href=\"https:\/\/www.sdpnoticias.com\/mexico\/quien-fue-emilio-lozoya\/\" target=\"_blank\" rel=\"noreferrer noopener\"><strong>Emilio Lozoya<\/strong><\/a>&nbsp;pudo entregar a exdirector de Pemex a<strong>&nbsp;Alejandro Gertz Manero&nbsp;<\/strong>para extraditar a su esposa.<\/p>\n\n\n\n<p>De acuerdo con el exrepresentante de Lozoya Austin y su familia, record\u00f3 qu<a href=\"https:\/\/www.sdpnoticias.com\/mexico\/quien-es-emilio-lozoya-thalmann-persona-que-habla-con-alejandro-gertz-manero-en-audios-filtrados\/\" target=\"_blank\" rel=\"noreferrer noopener\">e Emilio Lozoya Thalmann<\/a>&nbsp;le dijo que hab\u00eda recibido una llamada de Gertz Manero donde lo rega\u00f1\u00f3 y le pidi\u00f3 desistir del amparo que promovi\u00f3 ante la detenci\u00f3n de su esposa.<\/p>\n\n\n\n<p>Esto concordar\u00eda concordar\u00eda la\u00a0<a href=\"https:\/\/www.sdpnoticias.com\/mexico\/quien-es-alejandro-gertz-manero-el-fiscal-envuelto-en-la-polemica\/\" target=\"_blank\" rel=\"noreferrer noopener\"><strong>pol\u00e9mica de Alejandro Gertz Manero<\/strong><\/a>por el audio filtrado donde se escucha una\u00a0<strong>conversaci\u00f3n ente \u00e9l y el pap\u00e1 de Emilio Lozoya<\/strong>\u00a0 de la semana pasada.<\/p>\n\n\n\n<blockquote class=\"wp-block-quote is-layout-flow wp-block-quote-is-layout-flow\"><p>\u201cMi teor\u00eda es que quien entreg\u00f3 a Emilio fue su pap\u00e1\u201dJavier Coello<\/p><\/blockquote>\n\n\n\n<h2 class=\"wp-block-heading\">Pap\u00e1 de Emilio Lozoya habr\u00eda entregado a exdirector de Pemex para liberar a su esposa<\/h2>\n\n\n\n<figure class=\"wp-block-image size-large\"><img decoding=\"async\" width=\"1024\" height=\"584\" src=\"https:\/\/losperiodistas.com.mx\/portal\/wp-content\/uploads\/2022\/06\/6RLS4XI7CFDOBGXDLJYMXJ2H7M-1024x584.jpg\" alt=\"\" class=\"wp-image-30917\" srcset=\"https:\/\/losperiodistas.com.mx\/portal\/wp-content\/uploads\/2022\/06\/6RLS4XI7CFDOBGXDLJYMXJ2H7M-1024x584.jpg 1024w, https:\/\/losperiodistas.com.mx\/portal\/wp-content\/uploads\/2022\/06\/6RLS4XI7CFDOBGXDLJYMXJ2H7M-300x171.jpg 300w, https:\/\/losperiodistas.com.mx\/portal\/wp-content\/uploads\/2022\/06\/6RLS4XI7CFDOBGXDLJYMXJ2H7M-768x438.jpg 768w, https:\/\/losperiodistas.com.mx\/portal\/wp-content\/uploads\/2022\/06\/6RLS4XI7CFDOBGXDLJYMXJ2H7M.jpg 1280w\" sizes=\"(max-width: 1024px) 100vw, 1024px\" \/><figcaption><strong>GILDA AUSTIN, EMILIO LOZOYA Y MARIELLE HELENE ECKES\u00a0<\/strong>(ESPECIAL)<\/figcaption><\/figure>\n\n\n\n<p><strong>Javier Coello<\/strong>, de 74 a\u00f1os, comparti\u00f3 con Ciro G\u00f3mez Leyva que&nbsp;se buscaba extraditar a la esposa del pap\u00e1 de Emilio Lozoya, Gilda Austin, quien fue detenida en Alemania en julio de 2019.<\/p>\n\n\n\n<p>Austin vacacionaba con sus nietos en una isla alemana, lugar de origen de su nuera, Marielle Helene Eckes.<\/p>\n\n\n\n<p>Ante la detenci\u00f3n,&nbsp;<strong>Emilio Lozoya Thalmann&nbsp;<\/strong>decidi\u00f3 buscar la manera de que pudiera ser extraditada a M\u00e9xico y a su llegada, solicitar la prisi\u00f3n domiciliaria.<\/p>\n\n\n\n<p><a href=\"https:\/\/www.sdpnoticias.com\/mexico\/fgr-investiga-filtracion-de-audio-de-alejandro-gertz-manero-y-papa-de-emilio-lozoya\/\" target=\"_blank\" rel=\"noreferrer noopener\"><strong>Lozoya Thalmann estuvo en comunicaci\u00f3n con Alejandro Gertz Manero<\/strong><\/a>, con quien negoci\u00f3 la extradici\u00f3n de la que se enter\u00f3 Coello hasta que Gilda Austin ya se encontraba en el Reclusorio Norte de la Ciudad de M\u00e9xico.<\/p>\n\n\n\n<p>El abogado asegur\u00f3 que se estableci\u00f3 que, debido a la edad de Austin, de 71 a\u00f1os, as\u00ed como sus problemas de salud,\u00a0se le otorgar\u00eda la prisi\u00f3n domiciliaria, en noviembre del mismo a\u00f1o.<\/p>\n\n\n\n<p>LO M\u00c1S LE\u00cdDO DE M\u00c9XICO <a href=\"https:\/\/www.sdpnoticias.com\/mexico\/mananera-de-amlo-hoy-28-de-junio-en-vivo\/\"><\/a><a href=\"https:\/\/www.sdpnoticias.com\/mexico\/mananera-de-amlo-hoy-28-de-junio-en-vivo\/\">M\u00c9XICOMa\u00f1anera de AMLO hoy 28 de junio en vivo: migrantes, Joe Biden, Estados Unidos, m\u00e9dicos especialistas, Genaro Garc\u00eda Luna, papa Francisco, Tren Maya, Calica, Ken Salazar y m\u00e1s<\/a><\/p>\n\n\n\n<p><a href=\"https:\/\/www.sdpnoticias.com\/mexico\/video-amlo-ama-a-su-hijo-tal-como-es-el-problema-es-conmigo-no-con-el-recuerda-a-cobardes\/\"><\/a><a href=\"https:\/\/www.sdpnoticias.com\/mexico\/video-amlo-ama-a-su-hijo-tal-como-es-el-problema-es-conmigo-no-con-el-recuerda-a-cobardes\/\">M\u00c9XICOVIDEO: AMLO ama a su hijo tal como es; \u201cel problema es conmigo no con \u00e9l\u201d recuerda a cobardes<\/a><a href=\"https:\/\/www.sdpnoticias.com\/estados\/nuevo-leon\/samuel-garcia-esta-reprobado-en-nuevo-leon-neoleoneses-estan-dispuestos-a-revocar-su-mandato\/\"><\/a><a href=\"https:\/\/www.sdpnoticias.com\/estados\/nuevo-leon\/samuel-garcia-esta-reprobado-en-nuevo-leon-neoleoneses-estan-dispuestos-a-revocar-su-mandato\/\">NUEVO LE\u00d3NSamuel Garc\u00eda est\u00e1 reprobado en Nuevo Le\u00f3n; neoleoneses est\u00e1n dispuestos a revocarle el mandato<\/a><\/p>\n\n\n\n<figure class=\"wp-block-pullquote\"><blockquote><p><em>\u201cPasa todo lo que es noviembre y diciembre y de repente, es una teor\u00eda, en febrero (de 2020) detienen en M\u00e1laga a Emilio\u201d<\/em><\/p><p><em>Javier Coello<\/em><\/p><\/blockquote><\/figure>\n\n\n\n<h2 class=\"wp-block-heading\">Alejandro Gertz Manero negoci\u00f3 la entrega de Emilio Lozoya porque legalmente no lo pod\u00eda detener<\/h2>\n\n\n\n<p>De acuerdo con&nbsp;<strong>Javier Coello,<\/strong>&nbsp;su trabajo como abogado es el de defender a su cliente, sin importar si es o no inocente.<\/p>\n\n\n\n<p>Por ello, se enfoc\u00f3 en que<a href=\"https:\/\/www.sdpnoticias.com\/nacional\/quien-es-emilio-l-lozoya-austin-biografia-que-hizo-se-le-acusa.html\" target=\"_blank\" rel=\"noreferrer noopener\"><strong>Emilio Lozoya&nbsp;<\/strong><\/a>no saliera de M\u00e1laga, para evitar que fuera detenido.<\/p>\n\n\n\n<figure class=\"wp-block-pullquote\"><blockquote><p><em>\u201cMi problema con Gertz es que sab\u00eda que no me lo iba a poder detener. Nunca se movi\u00f3 Emilio Lozoya de M\u00e1laga, nunca se movi\u00f3\u2026entonces esa es mi teor\u00eda y no solamente m\u00eda\u201d<\/em><\/p><p><em>Javier Coello<\/em><\/p><\/blockquote><\/figure>\n\n\n\n<p>Su teor\u00eda se sustenta, de acuerdo con el abogado, porque al llegar a Espa\u00f1a para ver a&nbsp;<strong>Emilio Lozoya<\/strong>, \u00e9ste le dijo que no quer\u00eda ver a su pap\u00e1.<\/p>\n\n\n\n<blockquote class=\"wp-block-quote is-layout-flow wp-block-quote-is-layout-flow\"><p>\u201cYo convenzo a Emilio hijo a que vea a su pap\u00e1\u2026a partir de ese momento yo pierdo todo contacto con Emilio Lozoya Thalmann. Nunca m\u00e1s lo vuelvo a ver, nunca m\u00e1s me vuelve a hablar. Con el \u00fanico que yo tengo los contactos desde la prisi\u00f3n de M\u00e1laga, con Emilio\u201dJavier Coello<\/p><\/blockquote>\n\n\n\n<p>Adem\u00e1s, asever\u00f3 que<strong>&nbsp;Alejandro Gertz Manero&nbsp;<\/strong>le pidi\u00f3 a Lozoya que lo quitara como abogado porque \u201csab\u00eda perfectamente\u201d que no iba a permitir que se cometieran ilegalidades.<\/p>\n\n\n\n<figure class=\"wp-block-pullquote\"><blockquote><p><em>\u201cSab\u00edan que yo no iba a tolerar que se hiciera lo que se hizo: inventar\u2026La amistad, yo entiendo que se acab\u00f3 porque \u00e9l (Alejandro Gertz Manero) pens\u00f3 que como \u00e9ramos amigos yo le iba a entregar a Lozoya\u201d<\/em><\/p><p><em>Javier Coello<\/em><\/p><\/blockquote><\/figure>\n\n\n\n<h2 class=\"wp-block-heading\">Emilio Lozoya cont\u00f3 a Javier Coello la petici\u00f3n de declaraciones para librar la prisi\u00f3n por caso Odebrecht<\/h2>\n\n\n\n<p>Por otra parte, record\u00f3 que<strong>&nbsp;Emilio Lozoya<\/strong>&nbsp;le comparti\u00f3 que desde M\u00e9xico se le estaba pidiendo hacer varias declaraciones para librar la prisi\u00f3n por el caso Odebrecht y Agronitrogenados.<\/p>\n\n\n\n<p>Sin embargo, el abogado le dijo \u201ccon una gran claridad\u201d que, si no ten\u00eda pruebas, no declarara nada que no pudiera sustentar.<\/p>\n\n\n\n<blockquote class=\"wp-block-quote is-layout-flow wp-block-quote-is-layout-flow\"><p>\u201cDesde Espa\u00f1a me dice que le est\u00e1n pidiendo que haga declaraciones y yo le digo con una gran claridad:Si no tiene s una prueba no denuncies una cosa que no vas a poder probar\u201dJavier Coello<\/p><\/blockquote>\n\n\n\n<p>De acuerdo con Coello, en junio de 2020, cuando Emilio Lozoya le confes\u00f3 ya no aguantar estar en la c\u00e1rcel y estar listo para aceptar los t\u00e9rminos de<strong>&nbsp;Alejandro Gertz Manero<\/strong>, prefiri\u00f3 renunciar.<\/p>\n\n\n\n<p>Asimismo, dijo que todo lo que le ha pasado a Lozoya fue por necio y cobarde al imputar cosas de las que no tiene pruebas.<\/p>\n\n\n\n<figure class=\"wp-block-pullquote\"><blockquote><p><em>\u201cSe acobard\u00f3 y, por no obedecer las instrucciones de sus abogados (regres\u00f3 a la c\u00e1rcel)\u201d<\/em><\/p><p><em>Javier Coello<\/em><\/p><\/blockquote><\/figure>\n\n\n\n<p>Fuente: https:\/\/www.sdpnoticias.com\/mexico\/papa-de-emilio-lozoya-pudo-entregar-a-exdirector-de-pemex-a-alejandro-gertz-manero-asegura-javier-coello\/<\/p>\n","protected":false},"excerpt":{"rendered":"<p>El exabogado de Emilio Lozoya cree que su pap\u00e1, Emilio Lozoya Thalmann entreg\u00f3 a su hijo para que su esposa, [&hellip;]<\/p>\n","protected":false},"author":1,"featured_media":30916,"comment_status":"open","ping_status":"open","sticky":false,"template":"","format":"standard","meta":{"site-sidebar-layout":"default","site-content-layout":"","ast-site-content-layout":"default","site-content-style":"default","site-sidebar-style":"default","ast-global-header-display":"","ast-banner-title-visibility":"","ast-main-header-display":"","ast-hfb-above-header-display":"","ast-hfb-below-header-display":"","ast-hfb-mobile-header-display":"","site-post-title":"","ast-breadcrumbs-content":"","ast-featured-img":"","footer-sml-layout":"","theme-transparent-header-meta":"","adv-header-id-meta":"","stick-header-meta":"","header-above-stick-meta":"","header-main-stick-meta":"","header-below-stick-meta":"","astra-migrate-meta-layouts":"default","ast-page-background-enabled":"default","ast-page-background-meta":{"desktop":{"background-color":"var(--ast-global-color-4)","background-image":"","background-repeat":"repeat","background-position":"center center","background-size":"auto","background-attachment":"scroll","background-type":"","background-media":"","overlay-type":"","overlay-color":"","overlay-opacity":"","overlay-gradient":""},"tablet":{"background-color":"","background-image":"","background-repeat":"repeat","background-position":"center center","background-size":"auto","background-attachment":"scroll","background-type":"","background-media":"","overlay-type":"","overlay-color":"","overlay-opacity":"","overlay-gradient":""},"mobile":{"background-color":"","background-image":"","background-repeat":"repeat","background-position":"center center","background-size":"auto","background-attachment":"scroll","background-type":"","background-media":"","overlay-type":"","overlay-color":"","overlay-opacity":"","overlay-gradient":""}},"ast-content-background-meta":{"desktop":{"background-color":"var(--ast-global-color-5)","background-image":"","background-repeat":"repeat","background-position":"center center","background-size":"auto","background-attachment":"scroll","background-type":"","background-media":"","overlay-type":"","overlay-color":"","overlay-opacity":"","overlay-gradient":""},"tablet":{"background-color":"var(--ast-global-color-5)","background-image":"","background-repeat":"repeat","background-position":"center center","background-size":"auto","background-attachment":"scroll","background-type":"","background-media":"","overlay-type":"","overlay-color":"","overlay-opacity":"","overlay-gradient":""},"mobile":{"background-color":"var(--ast-global-color-5)","background-image":"","background-repeat":"repeat","background-position":"center center","background-size":"auto","background-attachment":"scroll","background-type":"","background-media":"","overlay-type":"","overlay-color":"","overlay-opacity":"","overlay-gradient":""}},"footnotes":""},"categories":[8],"tags":[762,5270,11033,7291],"class_list":["post-30913","post","type-post","status-publish","format-standard","has-post-thumbnail","hentry","category-noticias","tag-alejandro-gertz-manero","tag-emilio-lozoya-austin","tag-emilio-lozoya-thalmann","tag-javier-coello"],"_links":{"self":[{"href":"https:\/\/losperiodistas.com.mx\/portal\/wp-json\/wp\/v2\/posts\/30913","targetHints":{"allow":["GET"]}}],"collection":[{"href":"https:\/\/losperiodistas.com.mx\/portal\/wp-json\/wp\/v2\/posts"}],"about":[{"href":"https:\/\/losperiodistas.com.mx\/portal\/wp-json\/wp\/v2\/types\/post"}],"author":[{"embeddable":true,"href":"https:\/\/losperiodistas.com.mx\/portal\/wp-json\/wp\/v2\/users\/1"}],"replies":[{"embeddable":true,"href":"https:\/\/losperiodistas.com.mx\/portal\/wp-json\/wp\/v2\/comments?post=30913"}],"version-history":[{"count":1,"href":"https:\/\/losperiodistas.com.mx\/portal\/wp-json\/wp\/v2\/posts\/30913\/revisions"}],"predecessor-version":[{"id":30918,"href":"https:\/\/losperiodistas.com.mx\/portal\/wp-json\/wp\/v2\/posts\/30913\/revisions\/30918"}],"wp:featuredmedia":[{"embeddable":true,"href":"https:\/\/losperiodistas.com.mx\/portal\/wp-json\/wp\/v2\/media\/30916"}],"wp:attachment":[{"href":"https:\/\/losperiodistas.com.mx\/portal\/wp-json\/wp\/v2\/media?parent=30913"}],"wp:term":[{"taxonomy":"category","embeddable":true,"href":"https:\/\/losperiodistas.com.mx\/portal\/wp-json\/wp\/v2\/categories?post=30913"},{"taxonomy":"post_tag","embeddable":true,"href":"https:\/\/losperiodistas.com.mx\/portal\/wp-json\/wp\/v2\/tags?post=30913"}],"curies":[{"name":"wp","href":"https:\/\/api.w.org\/{rel}","templated":true}]}}