{"id":30909,"date":"2022-06-28T10:30:01","date_gmt":"2022-06-28T15:30:01","guid":{"rendered":"http:\/\/losperiodistas.com.mx\/portal\/?p=30909"},"modified":"2022-06-28T10:30:03","modified_gmt":"2022-06-28T15:30:03","slug":"redes-critican-estrategia-de-abrazos-y-no-balazos","status":"publish","type":"post","link":"https:\/\/losperiodistas.com.mx\/portal\/redes-critican-estrategia-de-abrazos-y-no-balazos\/","title":{"rendered":"Redes critican estrategia de abrazos y no balazos"},"content":{"rendered":"\n<p class=\"has-medium-font-size\">*Percepci\u00f3n negativa del 55 por ciento de la pol\u00edtica del Presidente<\/p>\n\n\n\n<p><\/p>\n\n\n\n<figure class=\"wp-block-image size-large\"><img fetchpriority=\"high\" decoding=\"async\" width=\"1024\" height=\"576\" src=\"https:\/\/losperiodistas.com.mx\/portal\/wp-content\/uploads\/2022\/06\/Agenda-Pu\u0301blica-Digital-del-18-al-24-de-junio-1024x576.png\" alt=\"\" class=\"wp-image-30910\" srcset=\"https:\/\/losperiodistas.com.mx\/portal\/wp-content\/uploads\/2022\/06\/Agenda-Pu\u0301blica-Digital-del-18-al-24-de-junio-1024x576.png 1024w, https:\/\/losperiodistas.com.mx\/portal\/wp-content\/uploads\/2022\/06\/Agenda-Pu\u0301blica-Digital-del-18-al-24-de-junio-300x169.png 300w, https:\/\/losperiodistas.com.mx\/portal\/wp-content\/uploads\/2022\/06\/Agenda-Pu\u0301blica-Digital-del-18-al-24-de-junio-768x432.png 768w, https:\/\/losperiodistas.com.mx\/portal\/wp-content\/uploads\/2022\/06\/Agenda-Pu\u0301blica-Digital-del-18-al-24-de-junio.png 1364w\" sizes=\"(max-width: 1024px) 100vw, 1024px\" \/><\/figure>\n\n\n\n<p class=\"has-vivid-cyan-blue-color has-text-color\" style=\"font-size:26px\"><strong><em>Por Ra\u00fal Torres Salmer\u00f3n<\/em><\/strong><\/p>\n\n\n\n<p>Las redes sociales hicieron eco del asesinato de los sacerdotes jesuitas Javier Campos y Joaqu\u00edn Mora, as\u00ed como del gu\u00eda de turistas Pedro Palma, ocurridos en Cerocahui, Chihuahua, pues hubo muchas cr\u00edticas al Presidente Andr\u00e9s Manuel L\u00f3pez Obrador y su infructuosa estrategia de combate a la delincuencia de abrazos, no balazos.<\/p>\n\n\n\n<p>Lo anterior se debi\u00f3 a que despu\u00e9s del asesinato de ambos sacerdotes a manos presuntamente de Jos\u00e9 Noriel Portillo, alias El Chueco, el Gobierno Federal proporcion\u00f3 informaci\u00f3n que s\u00f3lo abon\u00f3 al malestar de la opini\u00f3n p\u00fablica en redes sociales.<\/p>\n\n\n\n<p>De acuerdo con el an\u00e1lisis realizado por Xpectus de Metrics, los hechos provocaron que el Gobierno de la llamada Cuarta Transformaci\u00f3n tuviera una percepci\u00f3n negativa de un 55 por ciento en la semana del 18 y el 24 de junio.<\/p>\n\n\n\n<p>Parte del malestar acrecent\u00f3 luego de que, de acuerdo con el Presidente L\u00f3pez Obrador, El Chueco cuenta con una orden de aprehensi\u00f3n desde el a\u00f1o 2018, adem\u00e1s de que el mandatario Federal defendi\u00f3 su estrategia de seguridad tras asegurar que su gobierno atiende las causas de la violencia.<\/p>\n\n\n\n<p>Estos hechos coincidieron con las cifras de homicidios registrados durante lo que va el sexenio que ya rebasaron el total de asesinatos ocurridos durante todo el Gobierno de Felipe Calder\u00f3n Hinojosa.<\/p>\n\n\n\n<p>Aunque L\u00f3pez Obrador reconoci\u00f3 el alto n\u00famero de asesinatos registrado durante sus cuatro a\u00f1os y medio de gobierno, el malestar aument\u00f3 al asegurar que la violencia es resultado del \u201cfruto podrido de una pol\u00edtica de corrupci\u00f3n\u201d y que no es posible erradicarla \u201cde ra\u00edz de la noche a la ma\u00f1ana\u201d.<\/p>\n\n\n\n<p>Los usuarios de las redes lo acusaron de deslindarse de los problemas del Pa\u00eds y se\u00f1alaron las constantes balaceras y hechos de violencia que ocurren a diario en M\u00e9xico.<\/p>\n\n\n\n<p>Otro punto que provoc\u00f3 cr\u00edticas hacia el Gobierno de la 4T, fue la revelaci\u00f3n de audios en los que se escucha al Fiscal General Alejandro Gertz Manero en una conversaci\u00f3n con Emilio Lozoya Thalman, padre del ex Director de Pemex, Emilio Lozoya Austin.<\/p>\n\n\n\n<p>En este caso, Gertz Manero le exige al padre de Lozoya Austin \u201cmeter orden\u201d luego de que se enterara que el abogado que lleva el caso del extitular de Pemex promovi\u00f3 un amparo \u201csin autorizaci\u00f3n\u201d de la Fiscal\u00eda.<\/p>\n\n\n\n<figure class=\"wp-block-image size-large\"><img decoding=\"async\" width=\"849\" height=\"1024\" src=\"https:\/\/losperiodistas.com.mx\/portal\/wp-content\/uploads\/2022\/06\/JESUITAS-ASESINADOS-EN-ME\u0301XICO-849x1024.jpeg\" alt=\"\" class=\"wp-image-30911\" srcset=\"https:\/\/losperiodistas.com.mx\/portal\/wp-content\/uploads\/2022\/06\/JESUITAS-ASESINADOS-EN-ME\u0301XICO-849x1024.jpeg 849w, https:\/\/losperiodistas.com.mx\/portal\/wp-content\/uploads\/2022\/06\/JESUITAS-ASESINADOS-EN-ME\u0301XICO-249x300.jpeg 249w, https:\/\/losperiodistas.com.mx\/portal\/wp-content\/uploads\/2022\/06\/JESUITAS-ASESINADOS-EN-ME\u0301XICO-768x927.jpeg 768w, https:\/\/losperiodistas.com.mx\/portal\/wp-content\/uploads\/2022\/06\/JESUITAS-ASESINADOS-EN-ME\u0301XICO.jpeg 1079w\" sizes=\"(max-width: 849px) 100vw, 849px\" \/><\/figure>\n\n\n\n<p>La difusi\u00f3n de estas conversaciones del Fiscal, la segunda en tres meses, llev\u00f3 a los usuarios a cuestionar al Presidente L\u00f3pez Obrador sobre los motivos por los cuales protege y defiende el trabajo de Gertz Manero, a quien exigieron su renuncia.<\/p>\n\n\n\n<p>Para su an\u00e1lisis Xpectus de Metrics estudi\u00f3 un mill\u00f3n 346 mil 695 publicaciones realizadas en Twitter y 58 mil 213 publicaciones p\u00fablicas en Facebook. En total hubo interacciones registradas de 132 millones 867 mil 982 de personas en medios digitales.<\/p>\n\n\n\n<p>De ello se detect\u00f3 la participaci\u00f3n de un 0.71 por ciento de bots o sea robots programados para contestar por inteligencia artificial; un 0.80 por ciento de trolls o comentarios para crear controversia y fomentar enfrentamientos entre usuarios; un 7.73 por ciento de figuras p\u00fablicas, as\u00ed como un 60.89 por ciento de opini\u00f3n p\u00fablica; un 10.17 por ciento de opini\u00f3n p\u00fablica especializada, un 10.24 por ciento de l\u00edderes de opini\u00f3n y 9.46 por ciento de medios.<\/p>\n\n\n\n<p>La anterior fue la reacci\u00f3n de las redes sociales sobre el asesinato de los jesuitas.<\/p>\n\n\n\n<p>En fin, como dice la copla flamenca:<\/p>\n\n\n\n<p>Como me da por gobernar,<\/p>\n\n\n\n<p>se parecen a mis males,<\/p>\n\n\n\n<p>grandes como mis fatigas,<\/p>\n\n\n\n<p>negros como mis pesares.<\/p>\n\n\n\n<p>raultorress@hotmail.com<\/p>\n","protected":false},"excerpt":{"rendered":"<p>*Percepci\u00f3n negativa del 55 por ciento de la pol\u00edtica del Presidente Por Ra\u00fal Torres Salmer\u00f3n Las redes sociales hicieron eco [&hellip;]<\/p>\n","protected":false},"author":1,"featured_media":30910,"comment_status":"open","ping_status":"open","sticky":false,"template":"","format":"standard","meta":{"site-sidebar-layout":"default","site-content-layout":"","ast-site-content-layout":"default","site-content-style":"default","site-sidebar-style":"default","ast-global-header-display":"","ast-banner-title-visibility":"","ast-main-header-display":"","ast-hfb-above-header-display":"","ast-hfb-below-header-display":"","ast-hfb-mobile-header-display":"","site-post-title":"","ast-breadcrumbs-content":"","ast-featured-img":"","footer-sml-layout":"","theme-transparent-header-meta":"","adv-header-id-meta":"","stick-header-meta":"","header-above-stick-meta":"","header-main-stick-meta":"","header-below-stick-meta":"","astra-migrate-meta-layouts":"default","ast-page-background-enabled":"default","ast-page-background-meta":{"desktop":{"background-color":"var(--ast-global-color-4)","background-image":"","background-repeat":"repeat","background-position":"center center","background-size":"auto","background-attachment":"scroll","background-type":"","background-media":"","overlay-type":"","overlay-color":"","overlay-opacity":"","overlay-gradient":""},"tablet":{"background-color":"","background-image":"","background-repeat":"repeat","background-position":"center center","background-size":"auto","background-attachment":"scroll","background-type":"","background-media":"","overlay-type":"","overlay-color":"","overlay-opacity":"","overlay-gradient":""},"mobile":{"background-color":"","background-image":"","background-repeat":"repeat","background-position":"center center","background-size":"auto","background-attachment":"scroll","background-type":"","background-media":"","overlay-type":"","overlay-color":"","overlay-opacity":"","overlay-gradient":""}},"ast-content-background-meta":{"desktop":{"background-color":"var(--ast-global-color-5)","background-image":"","background-repeat":"repeat","background-position":"center center","background-size":"auto","background-attachment":"scroll","background-type":"","background-media":"","overlay-type":"","overlay-color":"","overlay-opacity":"","overlay-gradient":""},"tablet":{"background-color":"var(--ast-global-color-5)","background-image":"","background-repeat":"repeat","background-position":"center center","background-size":"auto","background-attachment":"scroll","background-type":"","background-media":"","overlay-type":"","overlay-color":"","overlay-opacity":"","overlay-gradient":""},"mobile":{"background-color":"var(--ast-global-color-5)","background-image":"","background-repeat":"repeat","background-position":"center center","background-size":"auto","background-attachment":"scroll","background-type":"","background-media":"","overlay-type":"","overlay-color":"","overlay-opacity":"","overlay-gradient":""}},"footnotes":""},"categories":[8,19],"tags":[10905,1915],"class_list":["post-30909","post","type-post","status-publish","format-standard","has-post-thumbnail","hentry","category-noticias","category-sin-limites-2","tag-jesuitas-asesinados","tag-redes-sociales"],"_links":{"self":[{"href":"https:\/\/losperiodistas.com.mx\/portal\/wp-json\/wp\/v2\/posts\/30909","targetHints":{"allow":["GET"]}}],"collection":[{"href":"https:\/\/losperiodistas.com.mx\/portal\/wp-json\/wp\/v2\/posts"}],"about":[{"href":"https:\/\/losperiodistas.com.mx\/portal\/wp-json\/wp\/v2\/types\/post"}],"author":[{"embeddable":true,"href":"https:\/\/losperiodistas.com.mx\/portal\/wp-json\/wp\/v2\/users\/1"}],"replies":[{"embeddable":true,"href":"https:\/\/losperiodistas.com.mx\/portal\/wp-json\/wp\/v2\/comments?post=30909"}],"version-history":[{"count":1,"href":"https:\/\/losperiodistas.com.mx\/portal\/wp-json\/wp\/v2\/posts\/30909\/revisions"}],"predecessor-version":[{"id":30912,"href":"https:\/\/losperiodistas.com.mx\/portal\/wp-json\/wp\/v2\/posts\/30909\/revisions\/30912"}],"wp:featuredmedia":[{"embeddable":true,"href":"https:\/\/losperiodistas.com.mx\/portal\/wp-json\/wp\/v2\/media\/30910"}],"wp:attachment":[{"href":"https:\/\/losperiodistas.com.mx\/portal\/wp-json\/wp\/v2\/media?parent=30909"}],"wp:term":[{"taxonomy":"category","embeddable":true,"href":"https:\/\/losperiodistas.com.mx\/portal\/wp-json\/wp\/v2\/categories?post=30909"},{"taxonomy":"post_tag","embeddable":true,"href":"https:\/\/losperiodistas.com.mx\/portal\/wp-json\/wp\/v2\/tags?post=30909"}],"curies":[{"name":"wp","href":"https:\/\/api.w.org\/{rel}","templated":true}]}}