{"id":30904,"date":"2022-06-28T10:23:57","date_gmt":"2022-06-28T15:23:57","guid":{"rendered":"http:\/\/losperiodistas.com.mx\/portal\/?p=30904"},"modified":"2022-06-28T10:24:18","modified_gmt":"2022-06-28T15:24:18","slug":"celebra-el-orgullo-con-tu-barbie-trans-mattel-lanza-una-muneca-inspirada-en-la-actriz-laverne-cox","status":"publish","type":"post","link":"https:\/\/losperiodistas.com.mx\/portal\/celebra-el-orgullo-con-tu-barbie-trans-mattel-lanza-una-muneca-inspirada-en-la-actriz-laverne-cox\/","title":{"rendered":"\u00a1Celebra el Orgullo con tu Barbie trans! Mattel lanza una mu\u00f1eca inspirada en la actriz Laverne Cox | El Espa\u00f1ol"},"content":{"rendered":"\n<p><em>La compa\u00f1\u00eda no solo ha querido apoyar a la comunidad LGTB, sino tambi\u00e9n reconocer el trabajo de aceptaci\u00f3n que a\u00fan viven miembros del colectivo.\u00a0<\/em><\/p>\n\n\n\n<p><\/p>\n\n\n\n<figure class=\"wp-block-image size-large\"><img fetchpriority=\"high\" decoding=\"async\" width=\"1024\" height=\"576\" src=\"https:\/\/losperiodistas.com.mx\/portal\/wp-content\/uploads\/2022\/06\/683441718_225377624_1706x960-1024x576.jpg\" alt=\"\" class=\"wp-image-30905\" srcset=\"https:\/\/losperiodistas.com.mx\/portal\/wp-content\/uploads\/2022\/06\/683441718_225377624_1706x960-1024x576.jpg 1024w, https:\/\/losperiodistas.com.mx\/portal\/wp-content\/uploads\/2022\/06\/683441718_225377624_1706x960-300x169.jpg 300w, https:\/\/losperiodistas.com.mx\/portal\/wp-content\/uploads\/2022\/06\/683441718_225377624_1706x960-768x432.jpg 768w, https:\/\/losperiodistas.com.mx\/portal\/wp-content\/uploads\/2022\/06\/683441718_225377624_1706x960-1536x864.jpg 1536w, https:\/\/losperiodistas.com.mx\/portal\/wp-content\/uploads\/2022\/06\/683441718_225377624_1706x960.jpg 1706w\" sizes=\"(max-width: 1024px) 100vw, 1024px\" \/><figcaption>Mattel honra a la actriz Laverne Cox con su primera Barbie transexual.<\/figcaption><\/figure>\n\n\n\n<p><\/p>\n\n\n\n<p class=\"has-vivid-cyan-blue-color has-text-color has-medium-font-size\">PALOMA GARRIDO \/ EL ESPA\u00d1OL<\/p>\n\n\n\n<p id=\"paragraph_1\"><strong>Mattel<\/strong>&nbsp;ha homenajeado a la actriz&nbsp;<strong>Laverne Cox<\/strong>&nbsp;en su cincuenta cumplea\u00f1os creando una&nbsp;<a href=\"https:\/\/www.elespanol.com\/series\/cine\/20220616\/ken-ryan-gosling-pelicula-barbie-margot-robbie\/680682063_0.html\">Barbie<\/a>&nbsp;que imita su imagen y se convierte en&nbsp;<strong>la primera inspirada en una&nbsp;<a href=\"https:\/\/cronicaglobal.elespanol.com\/cronica-directo\/famosos\/mujeres-transgenero-influyentes-espana_490077_102.html\" target=\"_blank\" rel=\"noreferrer noopener\">mujer transexual<\/a>.<\/strong><\/p>\n\n\n\n<p id=\"paragraph_2\">La mu\u00f1eca no solo es la forma que tiene la compa\u00f1\u00eda de apoyar a la&nbsp;<strong>comunidad LGTB<\/strong>, tambi\u00e9n representa el duro trabajo de aceptaci\u00f3n que Cox ha vivido.&nbsp;<\/p>\n\n\n\n<p id=\"paragraph_3\">\u00abHa sido un sue\u00f1o\u00a0 hecho realidad trabajar de la mano de Barbie durante varios a\u00f1os para\u00a0<strong>crear mi propia mu\u00f1eca<\/strong>. No puedo esperar a que las fans encuentren mi mu\u00f1eca en las estanter\u00edas y tengan la oportunidad de a\u00f1adir a su colecci\u00f3n una Barbie moldeada seg\u00fan una persona transg\u00e9nero\u00bb, manifest\u00f3 Laverne Cox en una entrevista difundida por Mattel.\u00a0<\/p>\n\n\n\n<p id=\"paragraph_5\">La actriz tambi\u00e9n cont\u00f3 que en su infancia<strong>&nbsp;no le dejaron tener esta mu\u00f1eca<\/strong>, por lo que para ella es incre\u00edblemente significativo.&nbsp;<\/p>\n\n\n\n<p id=\"paragraph_6\">\u00abEspero que los ni\u00f1os de todas las&nbsp;<strong>identidades de g\u00e9nero<\/strong>&nbsp;puedan mirar a esta Barbie y so\u00f1ar\u00bb, subray\u00f3 la actriz. \u00abHay un ni\u00f1o que todav\u00eda vive dentro de m\u00ed, que est\u00e1 muy vivo y bien, que todav\u00eda sue\u00f1a y que sue\u00f1a en grande, que imagina un mundo diferente y mejor\u00bb.&nbsp;<\/p>\n\n\n\n<h3 class=\"wp-block-heading\">As\u00ed es su Barbie<\/h3>\n\n\n\n<p id=\"paragraph_7\">Para representar a Laverne, Barbie ha abandonado la melena rubia, la piel blanca y los ojos azules. La mu\u00f1eca es&nbsp;<strong>negra, con ojos marrones, de complexi\u00f3n musculosa<\/strong>&nbsp;y est\u00e1 disponible con dos vestidos: uno rojo y otro plateado.<\/p>\n\n\n\n<p id=\"paragraph_8\"><em><a href=\"https:\/\/www.elespanol.com\/mujer\/actualidad\/20220613\/barbie-real-caderas-brazos-piernas-normales-mortales\/679182175_0.html\">[Barbie por fin es real: ya tiene caderas, brazos y piernas &#8216;normales&#8217; como las mortales]<\/a>&nbsp;<\/em><\/p>\n\n\n\n<p id=\"paragraph_9\">De hecho, seg\u00fan adelant\u00f3&nbsp;<em>Elle<\/em>, para que se viera lo m\u00e1s parecida a ella, la actriz pidi\u00f3 que estuviera vestida lista para ir a una&nbsp;<strong>alfombra roja.<\/strong>&nbsp;En cuanto a su&nbsp;<em>look<\/em>&nbsp;de belleza, luce unas amplias ondas y un maquillaje espectacular del que destacan los&nbsp;<a href=\"https:\/\/www.elespanol.com\/mujer\/moda-belleza\/20220209\/plantillas-hacerte-eyeliner-perfecto-centimos-cat-smokey\/648685395_0.html\"><em>smokey eyes<\/em><\/a>.&nbsp;<\/p>\n\n\n\n<p id=\"paragraph_10\">Esta Barbie va empaquetada en una caja especial con la leyenda \u00ab<strong>Tribute<\/strong>\u00bb que incluye un soporte y un certificado de autenticidad. Adem\u00e1s, se puede adquirir en tiendas f\u00edsicas y v\u00eda&nbsp;<em>online<\/em>.&nbsp;<\/p>\n\n\n\n<p id=\"paragraph_11\">Se trata de la \u00faltima apuesta de Mattel por la\u00a0<strong>inclusi\u00f3n<\/strong>. La compa\u00f1\u00eda, adem\u00e1s de llevar a\u00f1os dise\u00f1ando mu\u00f1ecas de distintos tama\u00f1os, colores y estilos, tambi\u00e9n ha querido mostrar\u00a0<strong>otros tipos de diversidad<\/strong>. Por ello, tambi\u00e9n ofrecen mujeres con silla de ruedas o con aud\u00edfonos, por ejemplo.\u00a0<\/p>\n\n\n\n<p id=\"paragraph_11\"><\/p>\n\n\n\n<figure class=\"wp-block-image size-large\"><img decoding=\"async\" width=\"688\" height=\"1024\" src=\"https:\/\/losperiodistas.com.mx\/portal\/wp-content\/uploads\/2022\/06\/Captura-de-Pantalla-2022-06-28-a-las-10.19.01-688x1024.jpg\" alt=\"\" class=\"wp-image-30906\" srcset=\"https:\/\/losperiodistas.com.mx\/portal\/wp-content\/uploads\/2022\/06\/Captura-de-Pantalla-2022-06-28-a-las-10.19.01-688x1024.jpg 688w, https:\/\/losperiodistas.com.mx\/portal\/wp-content\/uploads\/2022\/06\/Captura-de-Pantalla-2022-06-28-a-las-10.19.01-202x300.jpg 202w, https:\/\/losperiodistas.com.mx\/portal\/wp-content\/uploads\/2022\/06\/Captura-de-Pantalla-2022-06-28-a-las-10.19.01-768x1143.jpg 768w, https:\/\/losperiodistas.com.mx\/portal\/wp-content\/uploads\/2022\/06\/Captura-de-Pantalla-2022-06-28-a-las-10.19.01-1032x1536.jpg 1032w, https:\/\/losperiodistas.com.mx\/portal\/wp-content\/uploads\/2022\/06\/Captura-de-Pantalla-2022-06-28-a-las-10.19.01.jpg 1098w\" sizes=\"(max-width: 688px) 100vw, 688px\" \/><\/figure>\n\n\n\n<p><a href=\"https:\/\/www.instagram.com\/p\/CeEGYhKrpGp\/?utm_source=ig_web_copy_link\">https:\/\/www.instagram.com\/p\/CeEGYhKrpGp\/?utm_source=ig_web_copy_link<\/a><\/p>\n\n\n\n<h3 class=\"wp-block-heading\">Laverne, una referente<\/h3>\n\n\n\n<p id=\"paragraph_12\">En su web, Mattel ha destacado a Cox por ser una mujer transg\u00e9nero, de color, que \u00abutiliza su voz para amplificar el mensaje de&nbsp;<strong>ir m\u00e1s all\u00e1 de las expectativas sociales<\/strong>&nbsp;para vivir de forma m\u00e1s aut\u00e9ntica\u00bb.&nbsp;<\/p>\n\n\n\n<p id=\"paragraph_13\">La actriz salt\u00f3 a la fama con su participaci\u00f3n en la serie<em>&nbsp;Orange is the new black.<\/em>&nbsp;Su estelar aparici\u00f3n la llev\u00f3 a ser nominada a un Emmy y a la portada de la revista&nbsp;<em>Time<\/em>.&nbsp;<\/p>\n\n\n\n<p id=\"paragraph_14\">Poco tard\u00f3 desde entonces en convertirse en referente dentro del&nbsp;<strong>colectivo LGBT.<\/strong>&nbsp;Relat\u00f3 en una entrevista con la prestigiosa revista las dificultades que tuvo de peque\u00f1a por su incapacidad para aceptarse y por el terrible acoso escolar que sufri\u00f3. De hecho, trat\u00f3 de quitarse la vida.<\/p>\n\n\n\n<p id=\"paragraph_15\">Aprovech\u00f3 el momento para recordar que es una realidad que a d\u00eda de hoy siguen viviendo muchas personas transexuales en Estados Unidos. Adem\u00e1s, se\u00f1al\u00f3 que&nbsp;<strong>las tasas de desempleo entre el colectivo son el doble que la media nacional<\/strong>.&nbsp;<\/p>\n\n\n\n<p id=\"paragraph_16\">Por otra parte, asegur\u00f3 la actriz que no representa a toda la comunidad, pero son muchos quienes creen que la fama que ha alcanzado gracias a su profesi\u00f3n&nbsp;<strong>cambie la percepci\u00f3n<\/strong>&nbsp;que tienen los estadounidenses sobre las personas transexuales.&nbsp;<\/p>\n\n\n\n<h3 class=\"wp-block-heading\">El poder audiovisual<\/h3>\n\n\n\n<p id=\"paragraph_17\">De hecho, la cultura tiene un importante&nbsp;<strong>poder transformador.<\/strong>&nbsp;Sin embargo, la representaci\u00f3n trans siempre ha estado vinculada a estereotipos, seg\u00fan el \u00faltimo informe del&nbsp;<a href=\"http:\/\/oda.org.es\/wp-content\/uploads\/2021\/02\/ODA-Report-2019-2020.pdf\" rel=\"noreferrer noopener\" target=\"_blank\">Observatorio de la Diversidad Audiovisual<\/a>.&nbsp;<\/p>\n\n\n\n<p id=\"paragraph_18\">En Espa\u00f1a, los personajes trans est\u00e1n infrarrepresentados. El documento recoge que de 1.301 personajes analizados en producciones en 2019,&nbsp;<strong>tan solo 4 eran transg\u00e9nero<\/strong>.<\/p>\n\n\n\n<p id=\"paragraph_19\">Una cifra que no alcanza el 1%. Estos eran un hombre, \u00d3scar en&nbsp;<em>Las chicas del cable,<\/em>&nbsp;y tres mujeres: Luna de&nbsp;<em>Vis a Vis,<\/em>&nbsp;Alba de&nbsp;<em>La que se avecina<\/em>&nbsp;e In\u00e9s en&nbsp;<em>A pesar de todo.&nbsp;<\/em>De todos los personajes, solo uno es interpretado por una persona trans.&nbsp;<\/p>\n\n\n\n<p>Sin embargo, gracias a series como&nbsp;<strong><em>Veneno<\/em><\/strong>, en 2020, los datos mejoraron para la comunidad, con 16 personajes trans, 10 de ellos pertenecientes a la producci\u00f3n de los Javis.&nbsp;<\/p>\n\n\n\n<p><strong>Dejar de ser invisibles<\/strong>\u00a0es una de las muchas luchas que a\u00fan tiene la comunidad. En cualquier caso, la representaci\u00f3n importa.\u00a0<\/p>\n\n\n\n<p>Fuente: https:\/\/www.elespanol.com\/mujer\/actualidad\/20220628\/celebra-orgullo-barbie-mattel-inspirada-laverne-cox\/682432157_0.html<\/p>\n","protected":false},"excerpt":{"rendered":"<p>La compa\u00f1\u00eda no solo ha querido apoyar a la comunidad LGTB, sino tambi\u00e9n reconocer el trabajo de aceptaci\u00f3n que a\u00fan [&hellip;]<\/p>\n","protected":false},"author":1,"featured_media":30905,"comment_status":"open","ping_status":"open","sticky":false,"template":"","format":"standard","meta":{"site-sidebar-layout":"default","site-content-layout":"","ast-site-content-layout":"default","site-content-style":"default","site-sidebar-style":"default","ast-global-header-display":"","ast-banner-title-visibility":"","ast-main-header-display":"","ast-hfb-above-header-display":"","ast-hfb-below-header-display":"","ast-hfb-mobile-header-display":"","site-post-title":"","ast-breadcrumbs-content":"","ast-featured-img":"","footer-sml-layout":"","theme-transparent-header-meta":"","adv-header-id-meta":"","stick-header-meta":"","header-above-stick-meta":"","header-main-stick-meta":"","header-below-stick-meta":"","astra-migrate-meta-layouts":"default","ast-page-background-enabled":"default","ast-page-background-meta":{"desktop":{"background-color":"var(--ast-global-color-4)","background-image":"","background-repeat":"repeat","background-position":"center center","background-size":"auto","background-attachment":"scroll","background-type":"","background-media":"","overlay-type":"","overlay-color":"","overlay-opacity":"","overlay-gradient":""},"tablet":{"background-color":"","background-image":"","background-repeat":"repeat","background-position":"center center","background-size":"auto","background-attachment":"scroll","background-type":"","background-media":"","overlay-type":"","overlay-color":"","overlay-opacity":"","overlay-gradient":""},"mobile":{"background-color":"","background-image":"","background-repeat":"repeat","background-position":"center center","background-size":"auto","background-attachment":"scroll","background-type":"","background-media":"","overlay-type":"","overlay-color":"","overlay-opacity":"","overlay-gradient":""}},"ast-content-background-meta":{"desktop":{"background-color":"var(--ast-global-color-5)","background-image":"","background-repeat":"repeat","background-position":"center center","background-size":"auto","background-attachment":"scroll","background-type":"","background-media":"","overlay-type":"","overlay-color":"","overlay-opacity":"","overlay-gradient":""},"tablet":{"background-color":"var(--ast-global-color-5)","background-image":"","background-repeat":"repeat","background-position":"center center","background-size":"auto","background-attachment":"scroll","background-type":"","background-media":"","overlay-type":"","overlay-color":"","overlay-opacity":"","overlay-gradient":""},"mobile":{"background-color":"var(--ast-global-color-5)","background-image":"","background-repeat":"repeat","background-position":"center center","background-size":"auto","background-attachment":"scroll","background-type":"","background-media":"","overlay-type":"","overlay-color":"","overlay-opacity":"","overlay-gradient":""}},"footnotes":""},"categories":[8],"tags":[11027,11029,11028,11030,11031],"class_list":["post-30904","post","type-post","status-publish","format-standard","has-post-thumbnail","hentry","category-noticias","tag-barbie","tag-laverne-cox","tag-lgtb","tag-mattel","tag-mujer-transexual"],"_links":{"self":[{"href":"https:\/\/losperiodistas.com.mx\/portal\/wp-json\/wp\/v2\/posts\/30904","targetHints":{"allow":["GET"]}}],"collection":[{"href":"https:\/\/losperiodistas.com.mx\/portal\/wp-json\/wp\/v2\/posts"}],"about":[{"href":"https:\/\/losperiodistas.com.mx\/portal\/wp-json\/wp\/v2\/types\/post"}],"author":[{"embeddable":true,"href":"https:\/\/losperiodistas.com.mx\/portal\/wp-json\/wp\/v2\/users\/1"}],"replies":[{"embeddable":true,"href":"https:\/\/losperiodistas.com.mx\/portal\/wp-json\/wp\/v2\/comments?post=30904"}],"version-history":[{"count":2,"href":"https:\/\/losperiodistas.com.mx\/portal\/wp-json\/wp\/v2\/posts\/30904\/revisions"}],"predecessor-version":[{"id":30908,"href":"https:\/\/losperiodistas.com.mx\/portal\/wp-json\/wp\/v2\/posts\/30904\/revisions\/30908"}],"wp:featuredmedia":[{"embeddable":true,"href":"https:\/\/losperiodistas.com.mx\/portal\/wp-json\/wp\/v2\/media\/30905"}],"wp:attachment":[{"href":"https:\/\/losperiodistas.com.mx\/portal\/wp-json\/wp\/v2\/media?parent=30904"}],"wp:term":[{"taxonomy":"category","embeddable":true,"href":"https:\/\/losperiodistas.com.mx\/portal\/wp-json\/wp\/v2\/categories?post=30904"},{"taxonomy":"post_tag","embeddable":true,"href":"https:\/\/losperiodistas.com.mx\/portal\/wp-json\/wp\/v2\/tags?post=30904"}],"curies":[{"name":"wp","href":"https:\/\/api.w.org\/{rel}","templated":true}]}}