{"id":30896,"date":"2022-06-28T07:53:14","date_gmt":"2022-06-28T12:53:14","guid":{"rendered":"http:\/\/losperiodistas.com.mx\/portal\/?p=30896"},"modified":"2022-06-28T07:53:16","modified_gmt":"2022-06-28T12:53:16","slug":"munoz-ledo-critica-otra-vez-gobierno-de-amlo-continua-el-amasiato-con-crimen-nacion-321","status":"publish","type":"post","link":"https:\/\/losperiodistas.com.mx\/portal\/munoz-ledo-critica-otra-vez-gobierno-de-amlo-continua-el-amasiato-con-crimen-nacion-321\/","title":{"rendered":"Mu\u00f1oz Ledo critica otra vez gobierno de AMLO: &#8216;contin\u00faa el amasiato con crimen&#8217; | Naci\u00f3n 321"},"content":{"rendered":"\n<p><\/p>\n\n\n\n<figure class=\"wp-block-image size-full\"><img fetchpriority=\"high\" decoding=\"async\" width=\"1024\" height=\"600\" src=\"https:\/\/losperiodistas.com.mx\/portal\/wp-content\/uploads\/2022\/06\/8726bb30dc7ce_position1_regular.jpg\" alt=\"\" class=\"wp-image-30897\" srcset=\"https:\/\/losperiodistas.com.mx\/portal\/wp-content\/uploads\/2022\/06\/8726bb30dc7ce_position1_regular.jpg 1024w, https:\/\/losperiodistas.com.mx\/portal\/wp-content\/uploads\/2022\/06\/8726bb30dc7ce_position1_regular-300x176.jpg 300w, https:\/\/losperiodistas.com.mx\/portal\/wp-content\/uploads\/2022\/06\/8726bb30dc7ce_position1_regular-768x450.jpg 768w\" sizes=\"(max-width: 1024px) 100vw, 1024px\" \/><figcaption><strong>Porfirio Mu\u00f1oz Ledo.<\/strong>No es la primera vez que el pol\u00edtico critica a la administraci\u00f3n federal y la relaciona con el narco | Cuartoscuro<\/figcaption><\/figure>\n\n\n\n<p class=\"has-vivid-cyan-blue-color has-text-color has-medium-font-size\">NACI\u00d3N 321<\/p>\n\n\n\n<p><strong>Porfirio Mu\u00f1oz Ledo<\/strong>, exdiputado federal, se lanz\u00f3 de nueva cuenta en contra del gobierno del<strong>&nbsp;presidente<\/strong><strong>&nbsp;Andr\u00e9s Manuel L\u00f3pez Obrador<\/strong>, ya que asegur\u00f3 que en M\u00e9xico \u00abcontin\u00faa el&nbsp;<strong>amasiato<\/strong>&nbsp;entre autoridades y crimen organizado\u00bb.<\/p>\n\n\n\n<p>A trav\u00e9s de su cuenta de Twitter, Mu\u00f1oz Ledo indic\u00f3 que dicha colusi\u00f3n \u00abotorga estabilidad condicionada a los gobernantes, pero genera r\u00edos de sangre en la poblaci\u00f3n\u00bb.<\/p>\n\n\n\n<p>El pol\u00edtico cit\u00f3 una frase del&nbsp;<strong>Papa Francisco&nbsp;<\/strong>sobre \u00abel&nbsp;<strong>sufirmiento<\/strong>&nbsp;innecesario para los mexicanos\u00bb, al tiempo que consider\u00f3 que \u00ablos ciudadanos libres debemos organizarnos\u00bb. &nbsp;<\/p>\n\n\n\n<h3 class=\"wp-block-heading\"><strong><a href=\"https:\/\/www.nacion321.com\/politica-1\/munoz-ledo-critica-otra-vez-gobierno-de-amlo-continua-el-amasiato-con-crimen\" class=\"\">Relacionada<\/a>&nbsp;<\/strong><a href=\"https:\/\/www.nacion321.com\/politica-1\/munoz-ledo-pide-a-ine-y-uif-acabar-con-narcoelecciones-e-investigar-a-morena\" target=\"_blank\" class=\"\" rel=\"noreferrer noopener\"><strong>Mu\u00f1oz Ledo pide a INE y UIF acabar con &#8216;narcoelecciones&#8217; e investigar a Morena<\/strong><\/a><\/h3>\n\n\n\n<p>Esta no es la primera vez que el pol\u00edtico critica a la administraci\u00f3n federal, ya que el pasado 13 de junio, el expresidente de la Mesa Directiva de la<strong>&nbsp;C\u00e1mara de Diputados<\/strong>&nbsp;llam\u00f3 a organizarse para acabar con las \u201c<strong>narcoelecciones<\/strong>\u201d.<\/p>\n\n\n\n<p>\u201cAcabar con las Narcoelecciones. La circulaci\u00f3n de dinero il\u00edcito en las elecciones fue probado desde 2021, cuando fue usado en contra de mi candidatura en los comicios internos de Morena. Es un asunto de Estado y no una querella personal corresponde al INE y a la UIF\u201d, escribi\u00f3\u00a0<strong>Mu\u00f1oz Ledo<\/strong>.<\/p>\n\n\n\n<figure class=\"wp-block-embed is-type-rich is-provider-twitter wp-block-embed-twitter\"><div class=\"wp-block-embed__wrapper\">\nhttps:\/\/twitter.com\/PMunozLedo\/status\/1541569662844010497?ref_src=twsrc%5Etfw%7Ctwcamp%5Etweetembed%7Ctwterm%5E1541569662844010497%7Ctwgr%5E%7Ctwcon%5Es1_c10&#038;ref_url=https%3A%2F%2Fadmin.nacion321.com%2Fkiller%2Fnew%2F\n<\/div><\/figure>\n\n\n\n<p><\/p>\n\n\n\n<p>Fuente: https:\/\/www.nacion321.com\/politica-1\/munoz-ledo-critica-otra-vez-gobierno-de-amlo-continua-el-amasiato-con-crimen<\/p>\n","protected":false},"excerpt":{"rendered":"<p>NACI\u00d3N 321 Porfirio Mu\u00f1oz Ledo, exdiputado federal, se lanz\u00f3 de nueva cuenta en contra del gobierno del&nbsp;presidente&nbsp;Andr\u00e9s Manuel L\u00f3pez Obrador, [&hellip;]<\/p>\n","protected":false},"author":1,"featured_media":30897,"comment_status":"open","ping_status":"open","sticky":false,"template":"","format":"standard","meta":{"site-sidebar-layout":"default","site-content-layout":"","ast-site-content-layout":"default","site-content-style":"default","site-sidebar-style":"default","ast-global-header-display":"","ast-banner-title-visibility":"","ast-main-header-display":"","ast-hfb-above-header-display":"","ast-hfb-below-header-display":"","ast-hfb-mobile-header-display":"","site-post-title":"","ast-breadcrumbs-content":"","ast-featured-img":"","footer-sml-layout":"","theme-transparent-header-meta":"","adv-header-id-meta":"","stick-header-meta":"","header-above-stick-meta":"","header-main-stick-meta":"","header-below-stick-meta":"","astra-migrate-meta-layouts":"default","ast-page-background-enabled":"default","ast-page-background-meta":{"desktop":{"background-color":"var(--ast-global-color-4)","background-image":"","background-repeat":"repeat","background-position":"center center","background-size":"auto","background-attachment":"scroll","background-type":"","background-media":"","overlay-type":"","overlay-color":"","overlay-opacity":"","overlay-gradient":""},"tablet":{"background-color":"","background-image":"","background-repeat":"repeat","background-position":"center center","background-size":"auto","background-attachment":"scroll","background-type":"","background-media":"","overlay-type":"","overlay-color":"","overlay-opacity":"","overlay-gradient":""},"mobile":{"background-color":"","background-image":"","background-repeat":"repeat","background-position":"center center","background-size":"auto","background-attachment":"scroll","background-type":"","background-media":"","overlay-type":"","overlay-color":"","overlay-opacity":"","overlay-gradient":""}},"ast-content-background-meta":{"desktop":{"background-color":"var(--ast-global-color-5)","background-image":"","background-repeat":"repeat","background-position":"center center","background-size":"auto","background-attachment":"scroll","background-type":"","background-media":"","overlay-type":"","overlay-color":"","overlay-opacity":"","overlay-gradient":""},"tablet":{"background-color":"var(--ast-global-color-5)","background-image":"","background-repeat":"repeat","background-position":"center center","background-size":"auto","background-attachment":"scroll","background-type":"","background-media":"","overlay-type":"","overlay-color":"","overlay-opacity":"","overlay-gradient":""},"mobile":{"background-color":"var(--ast-global-color-5)","background-image":"","background-repeat":"repeat","background-position":"center center","background-size":"auto","background-attachment":"scroll","background-type":"","background-media":"","overlay-type":"","overlay-color":"","overlay-opacity":"","overlay-gradient":""}},"footnotes":""},"categories":[8],"tags":[938,10470,1100],"class_list":["post-30896","post","type-post","status-publish","format-standard","has-post-thumbnail","hentry","category-noticias","tag-crimen-organizado-mexico","tag-narcopolitica","tag-porfirio-munoz-ledo"],"_links":{"self":[{"href":"https:\/\/losperiodistas.com.mx\/portal\/wp-json\/wp\/v2\/posts\/30896","targetHints":{"allow":["GET"]}}],"collection":[{"href":"https:\/\/losperiodistas.com.mx\/portal\/wp-json\/wp\/v2\/posts"}],"about":[{"href":"https:\/\/losperiodistas.com.mx\/portal\/wp-json\/wp\/v2\/types\/post"}],"author":[{"embeddable":true,"href":"https:\/\/losperiodistas.com.mx\/portal\/wp-json\/wp\/v2\/users\/1"}],"replies":[{"embeddable":true,"href":"https:\/\/losperiodistas.com.mx\/portal\/wp-json\/wp\/v2\/comments?post=30896"}],"version-history":[{"count":1,"href":"https:\/\/losperiodistas.com.mx\/portal\/wp-json\/wp\/v2\/posts\/30896\/revisions"}],"predecessor-version":[{"id":30898,"href":"https:\/\/losperiodistas.com.mx\/portal\/wp-json\/wp\/v2\/posts\/30896\/revisions\/30898"}],"wp:featuredmedia":[{"embeddable":true,"href":"https:\/\/losperiodistas.com.mx\/portal\/wp-json\/wp\/v2\/media\/30897"}],"wp:attachment":[{"href":"https:\/\/losperiodistas.com.mx\/portal\/wp-json\/wp\/v2\/media?parent=30896"}],"wp:term":[{"taxonomy":"category","embeddable":true,"href":"https:\/\/losperiodistas.com.mx\/portal\/wp-json\/wp\/v2\/categories?post=30896"},{"taxonomy":"post_tag","embeddable":true,"href":"https:\/\/losperiodistas.com.mx\/portal\/wp-json\/wp\/v2\/tags?post=30896"}],"curies":[{"name":"wp","href":"https:\/\/api.w.org\/{rel}","templated":true}]}}