{"id":30888,"date":"2022-06-28T07:11:54","date_gmt":"2022-06-28T12:11:54","guid":{"rendered":"http:\/\/losperiodistas.com.mx\/portal\/?p=30888"},"modified":"2022-06-28T07:11:56","modified_gmt":"2022-06-28T12:11:56","slug":"marko-cortes-exige-al-ine-dictar-medidas-cautelares-a-corcholatas-presidenciales-de-morena-proceso","status":"publish","type":"post","link":"https:\/\/losperiodistas.com.mx\/portal\/marko-cortes-exige-al-ine-dictar-medidas-cautelares-a-corcholatas-presidenciales-de-morena-proceso\/","title":{"rendered":"Marko Cort\u00e9s exige al INE dictar medidas cautelares a \u00abcorcholatas\u00bb presidenciales de Morena | Proceso"},"content":{"rendered":"\n<p><em>El \u00f3rgano electoral descart\u00f3 la semana pasada intervenir, aunque si advirtieron que estar\u00edan atentos a las reincidencias, algo que a juicio del l\u00edder <\/em><strong>panista, ocurri\u00f3 en el acto de Coahuila del domingo.<\/strong><\/p>\n\n\n\n<p><\/p>\n\n\n\n<figure class=\"wp-block-image size-full\"><img fetchpriority=\"high\" decoding=\"async\" width=\"800\" height=\"450\" src=\"https:\/\/losperiodistas.com.mx\/portal\/wp-content\/uploads\/2022\/06\/f800x450-153584_205030_5050.jpeg\" alt=\"\" class=\"wp-image-30889\" srcset=\"https:\/\/losperiodistas.com.mx\/portal\/wp-content\/uploads\/2022\/06\/f800x450-153584_205030_5050.jpeg 800w, https:\/\/losperiodistas.com.mx\/portal\/wp-content\/uploads\/2022\/06\/f800x450-153584_205030_5050-300x169.jpeg 300w, https:\/\/losperiodistas.com.mx\/portal\/wp-content\/uploads\/2022\/06\/f800x450-153584_205030_5050-768x432.jpeg 768w\" sizes=\"(max-width: 800px) 100vw, 800px\" \/><\/figure>\n\n\n\n<p><\/p>\n\n\n\n<p class=\"has-vivid-cyan-blue-color has-text-color has-medium-font-size\">ARTURO RODR\u00cdGUEZ GARC\u00cdA \/ PROCESO<\/p>\n\n\n\n<p>CIUDAD DE M\u00c9XICO (apro).-El dirigente nacional del PAN, Marko Cort\u00e9s Mendoza, llam\u00f3 al Instituto Nacional Electoral (INE) a que dicte medidas cautelares en contra de los aspirantes presidenciales del partido Morena, conocidos como \u201ccorcholatas\u201d.<\/p>\n\n\n\n<p>Este lunes, Cort\u00e9s Mendoza acompa\u00f1\u00f3 a Kenia L\u00f3pez Rabad\u00e1n, la panista que hoy celebr\u00f3 un a\u00f1o de realizar una conferencia de prensa que llama la \u201ccontrama\u00f1anera\u201d, en la que estuvo acompa\u00f1ada por el dirigente panista.<\/p>\n\n\n\n<h5 class=\"wp-block-heading\">NOTICIAS RELACIONADAS<\/h5>\n\n\n\n<ul class=\"wp-block-list\"><li><a href=\"https:\/\/www.proceso.com.mx\/nacional\/2022\/6\/26\/ni-nos-vamos-rajar-ni-nos-vamos-dejar-asegura-monreal-sobre-eleccion-de-2024-288475.html\">\u00abNi nos vamos a rajar, ni nos vamos a dejar\u00bb, asegura Monreal sobre elecci\u00f3n de 2024<\/a><\/li><li><a href=\"https:\/\/www.proceso.com.mx\/nacional\/2022\/6\/22\/garcia-harfuch-rechaza-buscar-la-candidatura-la-jefatura-de-gobierno-en-el-2024-288219.html\">Garc\u00eda Harfuch rechaza buscar la candidatura a la jefatura de gobierno en el 2024<\/a><\/li><li><a href=\"https:\/\/www.proceso.com.mx\/nacional\/2022\/6\/22\/fox-augura-triunfo-en-2024-si-movimiento-ciudadano-se-suma-una-coalicion-con-pri-pan-prd-288178.html\">Fox augura triunfo en 2024 si Movimiento Ciudadano se suma a una coalici\u00f3n con PRI, PAN y PRD<\/a><\/li><\/ul>\n\n\n\n<p>Cort\u00e9s se refiri\u00f3 en concreto al acto realizado ayer en Francisco I. Madero Coahuila, como una reincidencia, luego del evento similar realizado en Toluca, Estado de M\u00e9xico el pasado 12 de junio.<\/p>\n\n\n\n<figure class=\"wp-block-embed is-type-rich is-provider-twitter wp-block-embed-twitter\"><div class=\"wp-block-embed__wrapper\">\nhttps:\/\/twitter.com\/Claudiashein\/status\/1541163315308765185?ref_src=twsrc%5Etfw%7Ctwcamp%5Etweetembed%7Ctwterm%5E1541163315308765185%7Ctwgr%5E%7Ctwcon%5Es1_c10&#038;ref_url=https%3A%2F%2Fwww.proceso.com.mx%2Fnacional%2F2022%2F6%2F27%2Fmarko-cortes-exige-al-ine-dictar-medidas-cautelares-corcholatas-presidenciales-de-morena-288507.html\n<\/div><\/figure>\n\n\n\n<p>El INE descart\u00f3 la semana pasada intervenir, aunque si advirtieron que estar\u00edan atentos a las reincidencias, algo que a juicio de Marko Cort\u00e9s, ocurri\u00f3 en el acto de Coahuila.<\/p>\n\n\n\n<p>A continuaci\u00f3n, el l\u00edder del PAN pidi\u00f3 que el INE inicie una investigaci\u00f3n y aplique sanciones:<\/p>\n\n\n\n<blockquote class=\"wp-block-quote is-layout-flow wp-block-quote-is-layout-flow\"><p>\u201cEl INE tiene que dictar medidas cautelares, no pueden de manera ilegal estarse promoviendo las corcholatas, no pueden estar desviando recursos p\u00fablicos para la movilizaci\u00f3n, para las vallas m\u00f3viles, para espectaculares, para playeras\u201d, reproch\u00f3.<\/p><\/blockquote>\n\n\n\n<p>A\u00f1adi\u00f3 que quienes se expusieron reincidentes fueron la jefa de gobierno capitalino, Claudia Sheinbaum y el secretario de Gobernaci\u00f3n Ad\u00e1n Augusto L\u00f3pez, pues durante el fin de semana fueron reincidentes, en alusi\u00f3n a espectaculares y bardas colocados en la regi\u00f3n Lagunera de Coahuila.<\/p>\n\n\n\n<p>As\u00ed mismo, el panista consider\u00f3 que a \u201clas corcholatas\u201d les falta empat\u00eda pues en sus discursos no consideran a las v\u00edctimas de la inseguridad en el pa\u00eds.<\/p>\n\n\n\n<p>Como viene diciendo desde hace d\u00edas, Cort\u00e9s Mendoza se refiri\u00f3 a la situaci\u00f3n de inseguridad, a la estrategia de \u201cabrazos no balazos\u201d y a acusar al gobierno de entregar el mando de seguridad a la delincuencia.<\/p>\n\n\n\n<p>Fuente: https:\/\/www.proceso.com.mx\/nacional\/2022\/6\/27\/marko-cortes-exige-al-ine-dictar-medidas-cautelares-corcholatas-presidenciales-de-morena-288507.html<\/p>\n","protected":false},"excerpt":{"rendered":"<p>El \u00f3rgano electoral descart\u00f3 la semana pasada intervenir, aunque si advirtieron que estar\u00edan atentos a las reincidencias, algo que a [&hellip;]<\/p>\n","protected":false},"author":1,"featured_media":30889,"comment_status":"open","ping_status":"open","sticky":false,"template":"","format":"standard","meta":{"site-sidebar-layout":"default","site-content-layout":"","ast-site-content-layout":"default","site-content-style":"default","site-sidebar-style":"default","ast-global-header-display":"","ast-banner-title-visibility":"","ast-main-header-display":"","ast-hfb-above-header-display":"","ast-hfb-below-header-display":"","ast-hfb-mobile-header-display":"","site-post-title":"","ast-breadcrumbs-content":"","ast-featured-img":"","footer-sml-layout":"","theme-transparent-header-meta":"","adv-header-id-meta":"","stick-header-meta":"","header-above-stick-meta":"","header-main-stick-meta":"","header-below-stick-meta":"","astra-migrate-meta-layouts":"default","ast-page-background-enabled":"default","ast-page-background-meta":{"desktop":{"background-color":"var(--ast-global-color-4)","background-image":"","background-repeat":"repeat","background-position":"center center","background-size":"auto","background-attachment":"scroll","background-type":"","background-media":"","overlay-type":"","overlay-color":"","overlay-opacity":"","overlay-gradient":""},"tablet":{"background-color":"","background-image":"","background-repeat":"repeat","background-position":"center center","background-size":"auto","background-attachment":"scroll","background-type":"","background-media":"","overlay-type":"","overlay-color":"","overlay-opacity":"","overlay-gradient":""},"mobile":{"background-color":"","background-image":"","background-repeat":"repeat","background-position":"center center","background-size":"auto","background-attachment":"scroll","background-type":"","background-media":"","overlay-type":"","overlay-color":"","overlay-opacity":"","overlay-gradient":""}},"ast-content-background-meta":{"desktop":{"background-color":"var(--ast-global-color-5)","background-image":"","background-repeat":"repeat","background-position":"center center","background-size":"auto","background-attachment":"scroll","background-type":"","background-media":"","overlay-type":"","overlay-color":"","overlay-opacity":"","overlay-gradient":""},"tablet":{"background-color":"var(--ast-global-color-5)","background-image":"","background-repeat":"repeat","background-position":"center center","background-size":"auto","background-attachment":"scroll","background-type":"","background-media":"","overlay-type":"","overlay-color":"","overlay-opacity":"","overlay-gradient":""},"mobile":{"background-color":"var(--ast-global-color-5)","background-image":"","background-repeat":"repeat","background-position":"center center","background-size":"auto","background-attachment":"scroll","background-type":"","background-media":"","overlay-type":"","overlay-color":"","overlay-opacity":"","overlay-gradient":""}},"footnotes":""},"categories":[8],"tags":[11024,5486,2089,247],"class_list":["post-30888","post","type-post","status-publish","format-standard","has-post-thumbnail","hentry","category-noticias","tag-corcholatas","tag-elecciones-2024","tag-marko-cortes","tag-morena"],"_links":{"self":[{"href":"https:\/\/losperiodistas.com.mx\/portal\/wp-json\/wp\/v2\/posts\/30888","targetHints":{"allow":["GET"]}}],"collection":[{"href":"https:\/\/losperiodistas.com.mx\/portal\/wp-json\/wp\/v2\/posts"}],"about":[{"href":"https:\/\/losperiodistas.com.mx\/portal\/wp-json\/wp\/v2\/types\/post"}],"author":[{"embeddable":true,"href":"https:\/\/losperiodistas.com.mx\/portal\/wp-json\/wp\/v2\/users\/1"}],"replies":[{"embeddable":true,"href":"https:\/\/losperiodistas.com.mx\/portal\/wp-json\/wp\/v2\/comments?post=30888"}],"version-history":[{"count":1,"href":"https:\/\/losperiodistas.com.mx\/portal\/wp-json\/wp\/v2\/posts\/30888\/revisions"}],"predecessor-version":[{"id":30890,"href":"https:\/\/losperiodistas.com.mx\/portal\/wp-json\/wp\/v2\/posts\/30888\/revisions\/30890"}],"wp:featuredmedia":[{"embeddable":true,"href":"https:\/\/losperiodistas.com.mx\/portal\/wp-json\/wp\/v2\/media\/30889"}],"wp:attachment":[{"href":"https:\/\/losperiodistas.com.mx\/portal\/wp-json\/wp\/v2\/media?parent=30888"}],"wp:term":[{"taxonomy":"category","embeddable":true,"href":"https:\/\/losperiodistas.com.mx\/portal\/wp-json\/wp\/v2\/categories?post=30888"},{"taxonomy":"post_tag","embeddable":true,"href":"https:\/\/losperiodistas.com.mx\/portal\/wp-json\/wp\/v2\/tags?post=30888"}],"curies":[{"name":"wp","href":"https:\/\/api.w.org\/{rel}","templated":true}]}}