{"id":30883,"date":"2022-06-28T06:47:49","date_gmt":"2022-06-28T11:47:49","guid":{"rendered":"http:\/\/losperiodistas.com.mx\/portal\/?p=30883"},"modified":"2022-06-28T06:47:51","modified_gmt":"2022-06-28T11:47:51","slug":"confirma-ebrard-46-migrantes-fallecidos-y-16-lesionados-en-san-antonio-la-jornada","status":"publish","type":"post","link":"https:\/\/losperiodistas.com.mx\/portal\/confirma-ebrard-46-migrantes-fallecidos-y-16-lesionados-en-san-antonio-la-jornada\/","title":{"rendered":"Confirma Ebrard: 46 migrantes fallecidos y 16 lesionados en San Antonio\u00a0| La Jornada"},"content":{"rendered":"\n<figure class=\"wp-block-image size-full\"><img fetchpriority=\"high\" decoding=\"async\" width=\"640\" height=\"426\" src=\"https:\/\/losperiodistas.com.mx\/portal\/wp-content\/uploads\/2022\/06\/image_large-1-1.jpeg\" alt=\"\" class=\"wp-image-30884\" srcset=\"https:\/\/losperiodistas.com.mx\/portal\/wp-content\/uploads\/2022\/06\/image_large-1-1.jpeg 640w, https:\/\/losperiodistas.com.mx\/portal\/wp-content\/uploads\/2022\/06\/image_large-1-1-300x200.jpeg 300w\" sizes=\"(max-width: 640px) 100vw, 640px\" \/><figcaption>Autoridades periciales durante labores de rescate de los cuerpos.\u00a0Foto\u00a0<strong>Afp<\/strong><\/figcaption><\/figure>\n\n\n\n<p><\/p>\n\n\n\n<p class=\"has-vivid-cyan-blue-color has-text-color has-medium-font-size\">LA JORNADA<\/p>\n\n\n\n<p><em>Ciudad de M\u00e9xico.<\/em>\u00a0El canciller Marcelo Ebrard Casaub\u00f3n confirm\u00f3 que hasta ahora son 46 los migrantes fallecidos por asfixia encontrados dentro de un tr\u00e1iler en San Antonio, Texas, adem\u00e1s de 16 heridos, cuatro de ellos menores de edad; y apunt\u00f3 que todo apunta a que los responsable de esta tragedia sean tratantes de personas.<\/p>\n\n\n\n<p>La informaci\u00f3n del titular de la Secretar\u00eda de Relaciones Exteriores (SRE) coincide con la dada a conocer hace unos instantes en conferencia en el sitio donde se encontr\u00f3 el cami\u00f3n de carga por autoridades de San Antonio.<\/p>\n\n\n\n<figure class=\"wp-block-embed is-type-rich is-provider-twitter wp-block-embed-twitter\"><div class=\"wp-block-embed__wrapper\">\n<blockquote class=\"twitter-tweet\" data-width=\"500\" data-dnt=\"true\"><p lang=\"es\" dir=\"ltr\">Reporte de nuestro C\u00f3nsul : 46 fallecidos por asfixia, 16 trasladados a hospitales,entre ellos 4 menores de edad. En este \u00faltimo grupo se ha identificado a dos guatemaltecos. El trailer tiene placas de EU, superpuestas,para circular sin revisi\u00f3n.Muy probable autor\u00eda de tratantes.<\/p>&mdash; Marcelo Ebrard C. (@m_ebrard) <a href=\"https:\/\/twitter.com\/m_ebrard\/status\/1541611282868174848?ref_src=twsrc%5Etfw\">June 28, 2022<\/a><\/blockquote><script async src=\"https:\/\/platform.twitter.com\/widgets.js\" charset=\"utf-8\"><\/script>\n<\/div><\/figure>\n\n\n\n<p>A trav\u00e9s de Twitter, Ebrard detall\u00f3 que el canciller de M\u00e9xico en San Antonio, Rub\u00e9n Minutti Zannatta, le dio a conocer que en el grupo de heridos se ha identificado a dos migrantes de origen guatemalteco; el canciller agreg\u00f3 que se desconoce hasta ahora las nacionalidades de los 46 fallecidos.<\/p>\n\n\n\n<p>\u201cReporte de nuestro C\u00f3nsul (en San Antonio): 46 fallecidos por asfixia, 16 trasladados a hospitales,entre ellos 4 menores de edad. En este \u00faltimo grupo se ha identificado a dos guatemaltecos. El tr\u00e1iler tiene placas de EU, superpuestas,para circular sin revisi\u00f3n. Muy probable autor\u00eda de tratantes\u201d, escribi\u00f3 el canciller.<\/p>\n\n\n\n<p>Agreg\u00f3 que las personas heridas fueron trasladadas a cuatro hospitales cercanos al lugar donde se hall\u00f3 el cami\u00f3n: University, Methodist del Centro, Baptiste del Centro y Santa Rosa West Overhills.<\/p>\n\n\n\n<p>Fuente: https:\/\/www.jornada.com.mx\/notas\/2022\/06\/27\/politica\/46-migrantes-fallecidos-y-16-lesionados-en-san-antonio\/<\/p>\n","protected":false},"excerpt":{"rendered":"<p>LA JORNADA Ciudad de M\u00e9xico.\u00a0El canciller Marcelo Ebrard Casaub\u00f3n confirm\u00f3 que hasta ahora son 46 los migrantes fallecidos por asfixia [&hellip;]<\/p>\n","protected":false},"author":1,"featured_media":30884,"comment_status":"open","ping_status":"open","sticky":false,"template":"","format":"standard","meta":{"site-sidebar-layout":"default","site-content-layout":"","ast-site-content-layout":"default","site-content-style":"default","site-sidebar-style":"default","ast-global-header-display":"","ast-banner-title-visibility":"","ast-main-header-display":"","ast-hfb-above-header-display":"","ast-hfb-below-header-display":"","ast-hfb-mobile-header-display":"","site-post-title":"","ast-breadcrumbs-content":"","ast-featured-img":"","footer-sml-layout":"","theme-transparent-header-meta":"","adv-header-id-meta":"","stick-header-meta":"","header-above-stick-meta":"","header-main-stick-meta":"","header-below-stick-meta":"","astra-migrate-meta-layouts":"default","ast-page-background-enabled":"default","ast-page-background-meta":{"desktop":{"background-color":"var(--ast-global-color-4)","background-image":"","background-repeat":"repeat","background-position":"center center","background-size":"auto","background-attachment":"scroll","background-type":"","background-media":"","overlay-type":"","overlay-color":"","overlay-opacity":"","overlay-gradient":""},"tablet":{"background-color":"","background-image":"","background-repeat":"repeat","background-position":"center center","background-size":"auto","background-attachment":"scroll","background-type":"","background-media":"","overlay-type":"","overlay-color":"","overlay-opacity":"","overlay-gradient":""},"mobile":{"background-color":"","background-image":"","background-repeat":"repeat","background-position":"center center","background-size":"auto","background-attachment":"scroll","background-type":"","background-media":"","overlay-type":"","overlay-color":"","overlay-opacity":"","overlay-gradient":""}},"ast-content-background-meta":{"desktop":{"background-color":"var(--ast-global-color-5)","background-image":"","background-repeat":"repeat","background-position":"center center","background-size":"auto","background-attachment":"scroll","background-type":"","background-media":"","overlay-type":"","overlay-color":"","overlay-opacity":"","overlay-gradient":""},"tablet":{"background-color":"var(--ast-global-color-5)","background-image":"","background-repeat":"repeat","background-position":"center center","background-size":"auto","background-attachment":"scroll","background-type":"","background-media":"","overlay-type":"","overlay-color":"","overlay-opacity":"","overlay-gradient":""},"mobile":{"background-color":"var(--ast-global-color-5)","background-image":"","background-repeat":"repeat","background-position":"center center","background-size":"auto","background-attachment":"scroll","background-type":"","background-media":"","overlay-type":"","overlay-color":"","overlay-opacity":"","overlay-gradient":""}},"footnotes":""},"categories":[8],"tags":[11023,5119],"class_list":["post-30883","post","type-post","status-publish","format-standard","has-post-thumbnail","hentry","category-noticias","tag-inmigrantes-muertos","tag-san-antonio-texas"],"_links":{"self":[{"href":"https:\/\/losperiodistas.com.mx\/portal\/wp-json\/wp\/v2\/posts\/30883","targetHints":{"allow":["GET"]}}],"collection":[{"href":"https:\/\/losperiodistas.com.mx\/portal\/wp-json\/wp\/v2\/posts"}],"about":[{"href":"https:\/\/losperiodistas.com.mx\/portal\/wp-json\/wp\/v2\/types\/post"}],"author":[{"embeddable":true,"href":"https:\/\/losperiodistas.com.mx\/portal\/wp-json\/wp\/v2\/users\/1"}],"replies":[{"embeddable":true,"href":"https:\/\/losperiodistas.com.mx\/portal\/wp-json\/wp\/v2\/comments?post=30883"}],"version-history":[{"count":1,"href":"https:\/\/losperiodistas.com.mx\/portal\/wp-json\/wp\/v2\/posts\/30883\/revisions"}],"predecessor-version":[{"id":30885,"href":"https:\/\/losperiodistas.com.mx\/portal\/wp-json\/wp\/v2\/posts\/30883\/revisions\/30885"}],"wp:featuredmedia":[{"embeddable":true,"href":"https:\/\/losperiodistas.com.mx\/portal\/wp-json\/wp\/v2\/media\/30884"}],"wp:attachment":[{"href":"https:\/\/losperiodistas.com.mx\/portal\/wp-json\/wp\/v2\/media?parent=30883"}],"wp:term":[{"taxonomy":"category","embeddable":true,"href":"https:\/\/losperiodistas.com.mx\/portal\/wp-json\/wp\/v2\/categories?post=30883"},{"taxonomy":"post_tag","embeddable":true,"href":"https:\/\/losperiodistas.com.mx\/portal\/wp-json\/wp\/v2\/tags?post=30883"}],"curies":[{"name":"wp","href":"https:\/\/api.w.org\/{rel}","templated":true}]}}