{"id":3080,"date":"2021-01-07T07:14:36","date_gmt":"2021-01-07T13:14:36","guid":{"rendered":"http:\/\/losperiodistas.com.mx\/portal\/?p=3080"},"modified":"2021-01-07T07:14:36","modified_gmt":"2021-01-07T13:14:36","slug":"los-navegantes-derrotados-por-el-oro-de-los-mares-del-sur-el-pais","status":"publish","type":"post","link":"https:\/\/losperiodistas.com.mx\/portal\/los-navegantes-derrotados-por-el-oro-de-los-mares-del-sur-el-pais\/","title":{"rendered":"Los navegantes derrotados por el oro de los mares del Sur | El Pa\u00eds"},"content":{"rendered":"\n<p style=\"font-size:18px\"><em>El fil\u00f3logo Juan Gil recuerda en un ensayo a los aventureros de la Corona de Espa\u00f1a que surcaron el Pac\u00edfico en el siglo XVI, atra\u00eddos por la leyenda de una isla repleta de riquezas<\/em><\/p>\n\n\n\n<p class=\"has-vivid-cyan-blue-color has-text-color has-medium-font-size\">MANUEL MORALES, Madrid \/ EL PA\u00cdS<\/p>\n\n\n\n<p>En la estela de los viajes extraordinarios que protagonizaron Col\u00f3n, Magallanes y Elcano, hubo otros navegantes, tambi\u00e9n bajo la corona espa\u00f1ola, que surcaron el sur del oc\u00e9ano Pac\u00edfico en la segunda mitad del siglo XVI, en busca de una isla que se fantaseaba era un man\u00e1 de oro. Sin embargo, sus fracasos en esta empresa los hizo ser olvidados. Nombres como los de \u00c1lvaro de Menda\u00f1a, Pedro Fern\u00e1ndez de Quir\u00f3s o Diego de Prado, cuyos memoriales de aquellas traves\u00edas ha rescatado el miembro de la Real Academia Espa\u00f1ola (RAE)&nbsp;<a href=\"https:\/\/www.rae.es\/academico\/juan-gil\" target=\"_blank\" rel=\"noreferrer noopener\">Juan Gil<\/a>&nbsp;en el libro&nbsp;<a href=\"https:\/\/fundcastro.org\/tienda\/novedades\/salomon\/\" target=\"_blank\" rel=\"noreferrer noopener\"><em>En demanda de la isla del rey Salom\u00f3n<\/em><\/a>, editado por Biblioteca Castro. Un ensayo sobre un \u201cmito \u00e1ureo que embauc\u00f3 tanto al vulgo como a los descubridores\u201d, escribe Gil (Madrid, 81 a\u00f1os), gran estudioso de Col\u00f3n y de El Dorado. \u201cHab\u00eda un entramado de leyendas que ven\u00eda de la antig\u00fcedad\u201d, dice por tel\u00e9fono. \u201cSeg\u00fan un relato medieval, los navegantes encontrar\u00edan que la arena de esa isla era oro. Adem\u00e1s, la Biblia hab\u00eda recogido que Salom\u00f3n construy\u00f3 su templo en Jerusal\u00e9n con el oro, plata y maderas preciosas de ese lugar\u201d. No obstante, la tradici\u00f3n tambi\u00e9n advert\u00eda de que unas gigantescas y feroces hormigas custodiaban tales riquezas.<\/p>\n\n\n\n<p>El primer envite fue el de \u00c1lvaro de Menda\u00f1a desde el Callao (Per\u00fa), de donde parti\u00f3 al mando de dos nav\u00edos el 19 de noviembre de 1567, misi\u00f3n que se le encomend\u00f3 con solo 25 a\u00f1os gracias a ser sobrino del gobernador. Este aprovech\u00f3 para embarcar con su pariente a \u201crebeldes e indeseables de Lima\u201d, dice Gil, lo que convirti\u00f3 a la mariner\u00eda en carne de amotinados, que obligaron a Menda\u00f1a a regresar cuando escase\u00f3 la munici\u00f3n y aumentaron los enfermos. La larga traves\u00eda de vuelta fue terrible: tempestades, hambre\u2026 Por fin tocaron tierra en Colima (M\u00e9xico), a finales de enero de 1569. \u201cSe descubren las islas, pero se cuenta que \u2018no hubo muestra de especier\u00eda, ni de oro ni plata\u2026\u201d.<\/p>\n\n\n\n<p>Menda\u00f1a se enfrent\u00f3 adem\u00e1s en su viaje a un malo de pel\u00edcula, Pedro Sarmiento de Gamboa, un astr\u00f3logo que malmet\u00eda sobre el rumbo que se llevaba. \u201cEl eterno debate entre cosm\u00f3grafos y navegantes\u201d, se\u00f1ala el autor. \u201cSarmiento era un sabio y el capit\u00e1n, un mozalbete, por eso chocaban\u201d. El relato de Menda\u00f1a, del que se conserva un manuscrito copia del original en el Archivo de Indias, en Sevilla, \u201cofrece una visi\u00f3n sesgada, en la que Sarmiento ocupa un lugar poco airoso\u201d. Al regreso, Sarmiento escribi\u00f3 a Felipe II para poner a caldo a Menda\u00f1a y atribuirse el m\u00e9rito de las tierras descubiertas. El capit\u00e1n no se arredr\u00f3 y viaj\u00f3 hasta la corte a Madrid para hablar con el rey Prudente, al que debi\u00f3 de convencer, ya que le otorg\u00f3 t\u00edtulos y dinero que le permitieron preparar su segundo viaje, que, sin embargo, no fragu\u00f3 hasta \u00a130 a\u00f1os despu\u00e9s!, en 1595, con el portugu\u00e9s Pedro Fern\u00e1ndez de Quir\u00f3s como piloto mayor.<\/p>\n\n\n\n<figure class=\"wp-block-image\"><img decoding=\"async\" src=\"https:\/\/imagenes.elpais.com\/resizer\/hMlIeLs7qeP8Djj5s3mYafpGCdo=\/1500x0\/cloudfront-eu-central-1.images.arcpublishing.com\/prisa\/4ZF22UJP6JGQBPOVEBQTYM52NM.jpg\" alt=\"Los navegantes, \u00c1lvaro de Menda\u00f1a (a la izquierda) y Pedro Fern\u00e1ndez de Quir\u00f3s.\"\/><figcaption>Los navegantes, \u00c1lvaro de Menda\u00f1a (a la izquierda) y Pedro Fern\u00e1ndez de Quir\u00f3s.SGA<\/figcaption><\/figure>\n\n\n\n<p>En el \u00ednterin, Menda\u00f1a sufri\u00f3 las mazmorras por unos dineros no justificados y sus deseos de volver a la mar toparon con la irrupci\u00f3n en el Pac\u00edfico \u201cdel capit\u00e1n Francisco\u201d, como describi\u00f3 al pirata ingl\u00e9s Francis Drake. Menda\u00f1a se cas\u00f3, por conveniencia, con Isabel Barreto, hija de un rico mercader, cuya dote le permiti\u00f3 intensificar los preparativos, y que le acompa\u00f1\u00f3 en su segundo viaje. Esta vez con cuatro naves, volvi\u00f3 a enfrentarse al descontento de la tripulaci\u00f3n por no hallar oro, sino hambre y enfermedad. Menda\u00f1a tambi\u00e9n falleci\u00f3 y en el testamento dej\u00f3 a su esposa al mando, \u201calgo inveros\u00edmil\u201d, contin\u00faa Gil. Los pocos supervivientes, exhaustos, llegaron de milagro a Filipinas, capitaneados por la viuda, que se neg\u00f3 a compartir los v\u00edveres y agua que ten\u00eda. \u201cMir\u00f3 por s\u00ed misma con calculadora frialdad. Es un viaje con todos los componentes de una tragedia\u201d. Fern\u00e1ndez de Quir\u00f3s hizo su propia relaci\u00f3n de este periplo, con un estilo m\u00e1s literario, \u201cconcentrado y sentencioso, dado a las elipsis, ant\u00edtesis y juegos de palabras\u201d.<\/p>\n\n\n\n<p>Gracias a su experiencia, Fern\u00e1ndez de Quir\u00f3s se convirti\u00f3 en el siguiente buscador de las riquezas de Salom\u00f3n. \u201cUn megal\u00f3mano en cuyas cartas se codeaba con Col\u00f3n y Magallanes. Con gran capacidad de persuasi\u00f3n gracias a su labia torrencial\u201d, lo describe Gil. As\u00ed logr\u00f3 el benepl\u00e1cito del Papa, al que visit\u00f3 en Roma, para asegurarle que su viaje ten\u00eda como fin salvar almas en esas desconocidas tierras australes. Recibi\u00f3 el apoyo de Felipe III y parti\u00f3 el 21 de diciembre de 1605.<\/p>\n\n\n\n<p>Como con su predecesor, el viaje estuvo marcado por los aires de mot\u00edn. \u201cPero el que acaba desertando es \u00e9l, porque se le rebelan los hombres, que est\u00e1n a punto de tirarlo por la borda. Al final, les da pena y lo dejan en su camarote, de donde no sale\u201d. Este fracaso le vali\u00f3 a su regreso la reprimenda del gobernador. Mientras, una de las naves, al mando de Diego de Prado, decide continuar con el plan. Coste\u00f3 Nueva Guinea, \u201cquiz\u00e1s vio Australia\u201d y tras pasar por las Molucas lleg\u00f3 a Cavite, en mayo de 1607. En las cartas a Felipe III, Prado se desquit\u00f3 de la experiencia con Fern\u00e1ndez de Quir\u00f3s: \u201cTodo lo que dice es mentira y falsedad\u201d y terminaba con una recomendaci\u00f3n a su majestad: \u201cQue no gaste su hacienda con semejantes\u201d. La&nbsp;<em>Relaci\u00f3n sumaria<\/em>&nbsp;de Prado incluye descripciones del graznido de las aves, los aromas de los \u00e1rboles o c\u00f3mo par\u00edan las mujeres pap\u00faas, a las que se les arrojaba agua por cuello, pechos y espalda durante el parto porque as\u00ed \u201cno sienten tanto los dolores\u201d.<\/p>\n\n\n\n<p>En su introducci\u00f3n de m\u00e1s de 300 p\u00e1ginas a estos y otros memoriales, Gil concluye que la colonizaci\u00f3n espa\u00f1ola de esas tierras fracas\u00f3 por dos motivos: \u201cLa resistencia de los abor\u00edgenes\u201d, con los que se intent\u00f3 la v\u00eda pac\u00edfica, pero se acababa siempre a arcabuzazos. \u201cHab\u00eda varias razas muy guerreras. Al principio les pod\u00eda hacer gracia ver a los espa\u00f1oles, que les hac\u00edan regalos, pero al final quer\u00edan que se marchasen y si esto no pasaba&#8230;\u201d. La otra raz\u00f3n fue \u201cla falta de apoyo log\u00edstico\u201d. \u201cEra una locura asentarse a tantas millas de Lima, de donde ten\u00eda que llegar la ayuda\u201d. El propio Fern\u00e1ndez de Quir\u00f3s calific\u00f3 aquellas empresas como \u201cla tragedia de unas islas donde falt\u00f3 Salom\u00f3n\u201d.<\/p>\n\n\n\n<h3 class=\"has-cyan-bluish-gray-background-color has-background wp-block-heading\">ISABEL BARRETO, CAPITANA, GOBERNADORA Y COMERCIANTE<\/h3>\n\n\n\n<p class=\"has-cyan-bluish-gray-background-color has-background\">Isabel Barreto acompa\u00f1\u00f3 a su marido, \u00c1lvaro de Menda\u00f1a, en su segundo viaje en busca del oro de la isla del rey Salom\u00f3n. Cuando este falleci\u00f3 en una isla del Pac\u00edfico, la dej\u00f3 en el testamento como gobernadora de esas tierras y al mando de la expedici\u00f3n, que lleg\u00f3 con una nave, de tres, a Cavite. En esa traves\u00eda murieron 50 personas, mientras la viuda se negaba a compartir sus v\u00edveres y el agua. Las cr\u00f3nicas la describen como una mujer \u201cdesp\u00f3tica y de car\u00e1cter ind\u00f3mito\u201d. En su descargo, que mantuvo a raya a una mariner\u00eda desesperada. Atracaron, exhaustos, el 11 de febrero de 1596. Meses despu\u00e9s, se cas\u00f3 en Manila con el capit\u00e1n Fernando de Castro. La pareja se embarc\u00f3 de vuelta a Per\u00fa y porfi\u00f3 ante el virrey para que los derechos sobre las tierras descubiertas por Menda\u00f1a pasasen a ellos. De paso, Barreto quiso organizar un nuevo viaje para ser la se\u00f1ora de las islas Salom\u00f3n, pero la burocracia lo retras\u00f3. Se cree que muri\u00f3 en su Galicia natal.<\/p>\n\n\n\n<p>Fuente: https:\/\/elpais.com\/cultura\/2021-01-06\/los-navegantes-derrotados-por-el-oro-de-los-mares-del-sur.html<\/p>\n","protected":false},"excerpt":{"rendered":"<p>El fil\u00f3logo Juan Gil recuerda en un ensayo a los aventureros de la Corona de Espa\u00f1a que surcaron el Pac\u00edfico [&hellip;]<\/p>\n","protected":false},"author":1,"featured_media":3081,"comment_status":"open","ping_status":"open","sticky":false,"template":"","format":"standard","meta":{"site-sidebar-layout":"default","site-content-layout":"","ast-site-content-layout":"default","site-content-style":"default","site-sidebar-style":"default","ast-global-header-display":"","ast-banner-title-visibility":"","ast-main-header-display":"","ast-hfb-above-header-display":"","ast-hfb-below-header-display":"","ast-hfb-mobile-header-display":"","site-post-title":"","ast-breadcrumbs-content":"","ast-featured-img":"","footer-sml-layout":"","theme-transparent-header-meta":"","adv-header-id-meta":"","stick-header-meta":"","header-above-stick-meta":"","header-main-stick-meta":"","header-below-stick-meta":"","astra-migrate-meta-layouts":"default","ast-page-background-enabled":"default","ast-page-background-meta":{"desktop":{"background-color":"var(--ast-global-color-4)","background-image":"","background-repeat":"repeat","background-position":"center center","background-size":"auto","background-attachment":"scroll","background-type":"","background-media":"","overlay-type":"","overlay-color":"","overlay-opacity":"","overlay-gradient":""},"tablet":{"background-color":"","background-image":"","background-repeat":"repeat","background-position":"center center","background-size":"auto","background-attachment":"scroll","background-type":"","background-media":"","overlay-type":"","overlay-color":"","overlay-opacity":"","overlay-gradient":""},"mobile":{"background-color":"","background-image":"","background-repeat":"repeat","background-position":"center center","background-size":"auto","background-attachment":"scroll","background-type":"","background-media":"","overlay-type":"","overlay-color":"","overlay-opacity":"","overlay-gradient":""}},"ast-content-background-meta":{"desktop":{"background-color":"var(--ast-global-color-5)","background-image":"","background-repeat":"repeat","background-position":"center center","background-size":"auto","background-attachment":"scroll","background-type":"","background-media":"","overlay-type":"","overlay-color":"","overlay-opacity":"","overlay-gradient":""},"tablet":{"background-color":"var(--ast-global-color-5)","background-image":"","background-repeat":"repeat","background-position":"center center","background-size":"auto","background-attachment":"scroll","background-type":"","background-media":"","overlay-type":"","overlay-color":"","overlay-opacity":"","overlay-gradient":""},"mobile":{"background-color":"var(--ast-global-color-5)","background-image":"","background-repeat":"repeat","background-position":"center center","background-size":"auto","background-attachment":"scroll","background-type":"","background-media":"","overlay-type":"","overlay-color":"","overlay-opacity":"","overlay-gradient":""}},"footnotes":""},"categories":[8],"tags":[],"class_list":["post-3080","post","type-post","status-publish","format-standard","has-post-thumbnail","hentry","category-noticias"],"_links":{"self":[{"href":"https:\/\/losperiodistas.com.mx\/portal\/wp-json\/wp\/v2\/posts\/3080","targetHints":{"allow":["GET"]}}],"collection":[{"href":"https:\/\/losperiodistas.com.mx\/portal\/wp-json\/wp\/v2\/posts"}],"about":[{"href":"https:\/\/losperiodistas.com.mx\/portal\/wp-json\/wp\/v2\/types\/post"}],"author":[{"embeddable":true,"href":"https:\/\/losperiodistas.com.mx\/portal\/wp-json\/wp\/v2\/users\/1"}],"replies":[{"embeddable":true,"href":"https:\/\/losperiodistas.com.mx\/portal\/wp-json\/wp\/v2\/comments?post=3080"}],"version-history":[{"count":1,"href":"https:\/\/losperiodistas.com.mx\/portal\/wp-json\/wp\/v2\/posts\/3080\/revisions"}],"predecessor-version":[{"id":3082,"href":"https:\/\/losperiodistas.com.mx\/portal\/wp-json\/wp\/v2\/posts\/3080\/revisions\/3082"}],"wp:featuredmedia":[{"embeddable":true,"href":"https:\/\/losperiodistas.com.mx\/portal\/wp-json\/wp\/v2\/media\/3081"}],"wp:attachment":[{"href":"https:\/\/losperiodistas.com.mx\/portal\/wp-json\/wp\/v2\/media?parent=3080"}],"wp:term":[{"taxonomy":"category","embeddable":true,"href":"https:\/\/losperiodistas.com.mx\/portal\/wp-json\/wp\/v2\/categories?post=3080"},{"taxonomy":"post_tag","embeddable":true,"href":"https:\/\/losperiodistas.com.mx\/portal\/wp-json\/wp\/v2\/tags?post=3080"}],"curies":[{"name":"wp","href":"https:\/\/api.w.org\/{rel}","templated":true}]}}