{"id":30677,"date":"2022-06-24T09:13:44","date_gmt":"2022-06-24T14:13:44","guid":{"rendered":"http:\/\/losperiodistas.com.mx\/portal\/?p=30677"},"modified":"2022-06-24T09:13:46","modified_gmt":"2022-06-24T14:13:46","slug":"mexico-balacera-en-el-salto-jalisco-deja-13-muertos-incluidos-cuatro-policias-dallas-news","status":"publish","type":"post","link":"https:\/\/losperiodistas.com.mx\/portal\/mexico-balacera-en-el-salto-jalisco-deja-13-muertos-incluidos-cuatro-policias-dallas-news\/","title":{"rendered":"M\u00e9xico: Balacera en El Salto, Jalisco, deja 13 muertos, incluidos cuatro polic\u00edas | Dallas News"},"content":{"rendered":"\n<p><em>En el lugar del enfrentamiento se rescat\u00f3 a dos hombres que estaban secuestrados y se localizaron bolsas con restos humanos<\/em><\/p>\n\n\n\n<p><\/p>\n\n\n\n<figure class=\"wp-block-image size-large\"><img fetchpriority=\"high\" decoding=\"async\" width=\"1024\" height=\"631\" src=\"https:\/\/losperiodistas.com.mx\/portal\/wp-content\/uploads\/2022\/06\/KI45ORHSUZCVLBV2OHGDQZENIQ-1024x631.jpeg\" alt=\"\" class=\"wp-image-30678\" srcset=\"https:\/\/losperiodistas.com.mx\/portal\/wp-content\/uploads\/2022\/06\/KI45ORHSUZCVLBV2OHGDQZENIQ-1024x631.jpeg 1024w, https:\/\/losperiodistas.com.mx\/portal\/wp-content\/uploads\/2022\/06\/KI45ORHSUZCVLBV2OHGDQZENIQ-300x185.jpeg 300w, https:\/\/losperiodistas.com.mx\/portal\/wp-content\/uploads\/2022\/06\/KI45ORHSUZCVLBV2OHGDQZENIQ-768x473.jpeg 768w, https:\/\/losperiodistas.com.mx\/portal\/wp-content\/uploads\/2022\/06\/KI45ORHSUZCVLBV2OHGDQZENIQ.jpeg 1515w\" sizes=\"(max-width: 1024px) 100vw, 1024px\" \/><figcaption>Reina incertidumbre y miedo en El Salto, Jalisco El enfrentamiento del mi\u00e9rcoles dej\u00f3 el saldo de cuatro polic\u00edas municipales muertos, as\u00ed como ocho presuntos criminales abatidos, report\u00f3 la Fiscal\u00eda ayer, tras procesar la escena.(Agencia Reforma)<\/figcaption><\/figure>\n\n\n\n<p><\/p>\n\n\n\n<p class=\"has-vivid-cyan-blue-color has-text-color has-medium-font-size\">THE ASSOCIATED PRESS \/ DALLAS NEWS<\/p>\n\n\n\n<p><strong>Ciudad de M\u00e9xico<\/strong>&nbsp;\u2014 Un total de 13 personas, entre ellas cuatro polic\u00edas, murieron en enfrentamientos en el estado mexicano de Jalisco cuando fuerzas policiales acudieron a una casa de seguridad en la que hab\u00eda armamento oculto, informaron el jueves autoridades.<\/p>\n\n\n\n<p>Enrique Alfaro, gobernador de este estado del occidente del pa\u00eds, inform\u00f3 en Twitter sobre los primeros 12 fallecidos. Pero por la tarde la Fiscal\u00eda de Jalisco emiti\u00f3 un comunicado en el que elev\u00f3 el total de v\u00edctimas a 13, ya que una de ellas hab\u00eda sido descuartizada y sus restos metidos en varias bolsas de pl\u00e1stico.<\/p>\n\n\n\n<p>Alfaro dijo que los cuatro polic\u00edas muertos eran agentes municipales.<\/p>\n\n\n\n<p>El operativo, que comenz\u00f3 el mi\u00e9rcoles por la noche y continu\u00f3 el jueves, tuvo lugar en dos domicilios de la localidad de El Salto, y en \u00e9l participaron polic\u00edas locales y estatales, as\u00ed como militares y elementos de la Guardia Nacional que acudieron a apoyar.<\/p>\n\n\n\n<p>Jalisco es un estado con altos \u00edndices de violencia y feudo del C\u00e1rtel Jalisco Nueva Generaci\u00f3n, una de las organizaciones criminales m\u00e1s poderosas de M\u00e9xico.<\/p>\n\n\n\n<p><em><strong>Lea tambi\u00e9n:&nbsp;<\/strong><\/em><a href=\"https:\/\/www.dallasnews.com\/espanol\/al-dia\/mexico\/2022\/06\/22\/tiroteo-zamora-michoacan-jacona\/\" target=\"_blank\" rel=\"noreferrer noopener\"><em><strong>Balacera en Michoac\u00e1n: un hombre mat\u00f3 a ocho personas en Zamora y Jacona<\/strong><\/em><\/a><\/p>\n\n\n\n<p>La fiscal\u00eda confirm\u00f3 que los sospechosos eran presuntos miembros del crimen organizado, aunque no dijo a qu\u00e9 grupo pertenec\u00edan.<\/p>\n\n\n\n<p>Luis Joaqu\u00edn M\u00e9ndez, fiscal del estado, explic\u00f3 que dos unidades de polic\u00eda llegaron para atender un reporte de \u201cgente armada bajando a personas de veh\u00edculos\u201d e ingresando a un domicilio. Cuando los agentes llegaron, una mujer de la casa les comunic\u00f3 que el reporte era falso, y entonces comenz\u00f3 el ataque contra los polic\u00edas.<\/p>\n\n\n\n<figure class=\"wp-block-image\"><img decoding=\"async\" src=\"https:\/\/dmn-dallas-news-prod.cdn.arcpublishing.com\/resizer\/3Y-qgWhrWR4QJaZvDWFPsgQBuB8=\/1660x0\/smart\/filters:no_upscale()\/cloudfront-us-east-1.images.arcpublishing.com\/dmn\/HUICXIIRCZFMHCIQKM7ICBFS4I.JPG\" alt=\"M\u00e9xico sigue registrando d\u00edas violentos. Tan s\u00f3lo el mi\u00e9rcoles hubo al menos 91 homicidios,...\"\/><figcaption>M\u00e9xico sigue registrando d\u00edas violentos. Tan s\u00f3lo el mi\u00e9rcoles hubo al menos 91 homicidios, de acuerdo con el conteo diario que realiza la Secretar\u00eda de Seguridad y Protecci\u00f3n Ciudadana (SSPC).(Agencia Reforma)<\/figcaption><\/figure>\n\n\n\n<p>El intercambio de disparos se intensific\u00f3 luego de que llegaron m\u00e1s elementos de seguridad en apoyo de las primeras patrullas, agreg\u00f3 el fiscal.<\/p>\n\n\n\n<p>En ese domicilio murieron los cuatro polic\u00edas y cinco sospechosos. Dos presuntos criminales m\u00e1s resultaron heridos y se rescat\u00f3 a dos hombres que estaban secuestrados. Ah\u00ed se localizaron las bolsas con restos humanos, as\u00ed como armas largas y chalecos antibalas.<\/p>\n\n\n\n<p>En la segunda casa, seg\u00fan el comunicado de la fiscal\u00eda, se hallaron los tres cuerpos restantes y cuatro personas fueron detenidas, entre ellas un menor de edad.<\/p>\n\n\n\n<p>\u201cEn un momento como el que vive M\u00e9xico, en Jalisco tenemos claro que no puede haber tregua contra quienes nos han quitado la paz y la tranquilidad\u201d, asegur\u00f3 el gobernador.<\/p>\n\n\n\n<p><em><strong>Lea tambi\u00e9n:\u00a0<\/strong><\/em><a href=\"https:\/\/www.dallasnews.com\/espanol\/al-dia\/noticias\/2022\/06\/22\/papa-francisco-cuantos-asesinatos-hay-en-mexico\/\"><em><strong>Papa Francisco: \u2018\u00a1Cu\u00e1ntos asesinatos hay en M\u00e9xico!\u2019<\/strong><\/em><\/a><\/p>\n\n\n\n<p>Fuente: https:\/\/www.dallasnews.com\/espanol\/al-dia\/mexico\/2022\/06\/24\/balacera-en-el-salto-jalisco-cjng\/<\/p>\n","protected":false},"excerpt":{"rendered":"<p>En el lugar del enfrentamiento se rescat\u00f3 a dos hombres que estaban secuestrados y se localizaron bolsas con restos humanos [&hellip;]<\/p>\n","protected":false},"author":1,"featured_media":30678,"comment_status":"open","ping_status":"open","sticky":false,"template":"","format":"standard","meta":{"site-sidebar-layout":"default","site-content-layout":"","ast-site-content-layout":"default","site-content-style":"default","site-sidebar-style":"default","ast-global-header-display":"","ast-banner-title-visibility":"","ast-main-header-display":"","ast-hfb-above-header-display":"","ast-hfb-below-header-display":"","ast-hfb-mobile-header-display":"","site-post-title":"","ast-breadcrumbs-content":"","ast-featured-img":"","footer-sml-layout":"","theme-transparent-header-meta":"","adv-header-id-meta":"","stick-header-meta":"","header-above-stick-meta":"","header-main-stick-meta":"","header-below-stick-meta":"","astra-migrate-meta-layouts":"default","ast-page-background-enabled":"default","ast-page-background-meta":{"desktop":{"background-color":"var(--ast-global-color-4)","background-image":"","background-repeat":"repeat","background-position":"center center","background-size":"auto","background-attachment":"scroll","background-type":"","background-media":"","overlay-type":"","overlay-color":"","overlay-opacity":"","overlay-gradient":""},"tablet":{"background-color":"","background-image":"","background-repeat":"repeat","background-position":"center center","background-size":"auto","background-attachment":"scroll","background-type":"","background-media":"","overlay-type":"","overlay-color":"","overlay-opacity":"","overlay-gradient":""},"mobile":{"background-color":"","background-image":"","background-repeat":"repeat","background-position":"center center","background-size":"auto","background-attachment":"scroll","background-type":"","background-media":"","overlay-type":"","overlay-color":"","overlay-opacity":"","overlay-gradient":""}},"ast-content-background-meta":{"desktop":{"background-color":"var(--ast-global-color-5)","background-image":"","background-repeat":"repeat","background-position":"center center","background-size":"auto","background-attachment":"scroll","background-type":"","background-media":"","overlay-type":"","overlay-color":"","overlay-opacity":"","overlay-gradient":""},"tablet":{"background-color":"var(--ast-global-color-5)","background-image":"","background-repeat":"repeat","background-position":"center center","background-size":"auto","background-attachment":"scroll","background-type":"","background-media":"","overlay-type":"","overlay-color":"","overlay-opacity":"","overlay-gradient":""},"mobile":{"background-color":"var(--ast-global-color-5)","background-image":"","background-repeat":"repeat","background-position":"center center","background-size":"auto","background-attachment":"scroll","background-type":"","background-media":"","overlay-type":"","overlay-color":"","overlay-opacity":"","overlay-gradient":""}},"footnotes":""},"categories":[8],"tags":[6440,10973],"class_list":["post-30677","post","type-post","status-publish","format-standard","has-post-thumbnail","hentry","category-noticias","tag-asesinatos-mexico","tag-el-salto-jalisco"],"_links":{"self":[{"href":"https:\/\/losperiodistas.com.mx\/portal\/wp-json\/wp\/v2\/posts\/30677","targetHints":{"allow":["GET"]}}],"collection":[{"href":"https:\/\/losperiodistas.com.mx\/portal\/wp-json\/wp\/v2\/posts"}],"about":[{"href":"https:\/\/losperiodistas.com.mx\/portal\/wp-json\/wp\/v2\/types\/post"}],"author":[{"embeddable":true,"href":"https:\/\/losperiodistas.com.mx\/portal\/wp-json\/wp\/v2\/users\/1"}],"replies":[{"embeddable":true,"href":"https:\/\/losperiodistas.com.mx\/portal\/wp-json\/wp\/v2\/comments?post=30677"}],"version-history":[{"count":1,"href":"https:\/\/losperiodistas.com.mx\/portal\/wp-json\/wp\/v2\/posts\/30677\/revisions"}],"predecessor-version":[{"id":30679,"href":"https:\/\/losperiodistas.com.mx\/portal\/wp-json\/wp\/v2\/posts\/30677\/revisions\/30679"}],"wp:featuredmedia":[{"embeddable":true,"href":"https:\/\/losperiodistas.com.mx\/portal\/wp-json\/wp\/v2\/media\/30678"}],"wp:attachment":[{"href":"https:\/\/losperiodistas.com.mx\/portal\/wp-json\/wp\/v2\/media?parent=30677"}],"wp:term":[{"taxonomy":"category","embeddable":true,"href":"https:\/\/losperiodistas.com.mx\/portal\/wp-json\/wp\/v2\/categories?post=30677"},{"taxonomy":"post_tag","embeddable":true,"href":"https:\/\/losperiodistas.com.mx\/portal\/wp-json\/wp\/v2\/tags?post=30677"}],"curies":[{"name":"wp","href":"https:\/\/api.w.org\/{rel}","templated":true}]}}