{"id":30674,"date":"2022-06-24T09:08:58","date_gmt":"2022-06-24T14:08:58","guid":{"rendered":"http:\/\/losperiodistas.com.mx\/portal\/?p=30674"},"modified":"2022-06-24T09:09:00","modified_gmt":"2022-06-24T14:09:00","slug":"detener-a-el-chueco-no-frenara-la-inseguridad-en-la-sierra-tarahumara-se-debe-cambiar-la-estrategia-de-seguridad-jesuitas-la-lista","status":"publish","type":"post","link":"https:\/\/losperiodistas.com.mx\/portal\/detener-a-el-chueco-no-frenara-la-inseguridad-en-la-sierra-tarahumara-se-debe-cambiar-la-estrategia-de-seguridad-jesuitas-la-lista\/","title":{"rendered":"Detener a \u2018El Chueco\u2019 no frenar\u00e1 la inseguridad en la Sierra Tarahumara, se debe cambiar la estrategia de seguridad: jesuitas | La Lista"},"content":{"rendered":"\n<p><em>Los jesuitas consideran que detener a \u00abEl Chueco\u00bb, el presunto asesino de dos sacerdotes y un gu\u00eda tur\u00edstico, no frenar\u00e1 la violencia en Chihuahua<\/em><\/p>\n\n\n\n<p><\/p>\n\n\n\n<figure class=\"wp-block-image size-large\"><img fetchpriority=\"high\" decoding=\"async\" width=\"1024\" height=\"576\" src=\"https:\/\/losperiodistas.com.mx\/portal\/wp-content\/uploads\/2022\/06\/sacerdotes-jesuitas-sierra-tarahumara-1-1024x576.jpg\" alt=\"\" class=\"wp-image-30675\" srcset=\"https:\/\/losperiodistas.com.mx\/portal\/wp-content\/uploads\/2022\/06\/sacerdotes-jesuitas-sierra-tarahumara-1-1024x576.jpg 1024w, https:\/\/losperiodistas.com.mx\/portal\/wp-content\/uploads\/2022\/06\/sacerdotes-jesuitas-sierra-tarahumara-1-300x169.jpg 300w, https:\/\/losperiodistas.com.mx\/portal\/wp-content\/uploads\/2022\/06\/sacerdotes-jesuitas-sierra-tarahumara-1-768x432.jpg 768w, https:\/\/losperiodistas.com.mx\/portal\/wp-content\/uploads\/2022\/06\/sacerdotes-jesuitas-sierra-tarahumara-1.jpg 1280w\" sizes=\"(max-width: 1024px) 100vw, 1024px\" \/><\/figure>\n\n\n\n<p><\/p>\n\n\n\n<p><\/p>\n\n\n\n<p class=\"has-vivid-cyan-blue-color has-text-color has-medium-font-size\">ALEXIS ORTIZ \/ LA LISTA<\/p>\n\n\n\n<p>Cuatro d\u00edas despu\u00e9s del&nbsp;<strong>asesinato de dos sacerdotes y un gu\u00eda de turistas&nbsp;<\/strong>en una iglesia de la Sierra Tarahumara, la orden jesuita, a la que pertenec\u00edan dos de las v\u00edctimas exige a las autoridades un cambio en la estrategia de seguridad.<\/p>\n\n\n\n<p>A trav\u00e9s de su vocero, los religiosos consideran que detener al presunto autor del crimen,&nbsp;<a href=\"https:\/\/la-lista.com\/mexico\/2022\/06\/22\/fiscalia-de-chihuahua-ofrece-recompensa-de-5-mdp-por-el-chueco-presunto-asesino-de-dos-jesuitas\">Jos\u00e9 Noriel Portillo Gil, conocido como \u201cEl Chueco\u201d<\/a>, no ser\u00e1 suficiente para frenar la violencia en esa regi\u00f3n ind\u00edgena, sino que se necesita fortalecer las polic\u00edas locales y que el Ej\u00e9rcito solo act\u00fae en casos de emergencia.<\/p>\n\n\n\n<p>La comunidad de Cerocahui, en el municipio de Urique, tuvo un inicio de semana de terror. El pasado lunes 20 de junio ah\u00ed fueron asesinados Javier Campos y Joaqu\u00edn C\u00e9sar Mora, dos sacerdotes que llevaban d\u00e9cadas trabajando con los ind\u00edgenas tarahumaras de la regi\u00f3n, y Pedro Palma, un reconocido gu\u00eda tur\u00edstico&nbsp;<a href=\"https:\/\/la-lista.com\/mexico\/2022\/06\/22\/que-paso-a-sacerdotes-jesuitas-y-personas-desaparecidas-sierra-tarahumara\">al interior de la Parroquia de San Francisco Javier, en la localidad de Cerocahui, municipio de Urique<\/a>.<\/p>\n\n\n\n<p>El asesinato de estas tres personas solo fue el \u00faltimo cap\u00edtulo de la violencia que existe en la&nbsp;<strong>Sierra Tarahumara<\/strong>, una zona olvidada por las autoridades y que es controlada por delincuentes como \u201cEl Chueco\u201d. As\u00ed lo explica Jorge Atilano, delegado del Provincial para las Obras Sociales de la orden jesuita, quien ha observado c\u00f3mo las condiciones de seguridad de Chihuahua se han degradado.<\/p>\n\n\n\n<p>Atilano explica a&nbsp;<em>La-Lista<\/em>&nbsp;que la Sierra Tarahumara se ubica dentro del tri\u00e1ngulo dorado, una zona conocida porque grupos criminales la utilizan para el cultivo de marihuana y amapola. El problema, dice el integrante de la orden jesuita, es que las bandas delictivas no se han conformado con plantar estos insumos para generar drogas, sino que tienen bajo asedio a las comunidades.No te pierdas:<a href=\"https:\/\/la-lista.com\/mexico\/2022\/06\/22\/recuperan-los-cuerpos-de-los-sacerdotes-jesuitas-y-el-guia-de-turistas-asesinados-en-urique-chihuahua\">Recuperan los cuerpos de los sacerdotes jesuitas y el gu\u00eda de turistas asesinados en Urique, Chihuahua<\/a><\/p>\n\n\n\n<p>Los grupos delincuenciales \u201chan ido evolucionando, de ser sembradores de la droga a gente que tiene el control de territorios y el control de la econom\u00eda local, eso es lo que nos preocupa\u201d, expresa Atilano. \u201cLa&nbsp;<strong>situaci\u00f3n de seguridad<\/strong>&nbsp;de un pa\u00eds no solo se tiene que medir por la disminuci\u00f3n de homicidios, sino por los controles territoriales que existen por estos grupos ilegales\u201d.<\/p>\n\n\n\n<figure class=\"wp-block-image\"><img decoding=\"async\" src=\"https:\/\/i0.wp.com\/la-lista.com\/wp-content\/uploads\/2022\/06\/padre-joaquin-mora.jpeg?fit=600%2C600&amp;ssl=1\" alt=\"Detener a 'El Chueco' no frenar\u00e1 la inseguridad en la Sierra Tarahumara, se debe cambiar la estrategia de seguridad: jesuitas - padre-joaquin-mora\" class=\"wp-image-207982\"\/><figcaption>Padre Joaqu\u00edn C\u00e9sar Mora. Foto: Twitter \/&nbsp;<a href=\"https:\/\/twitter.com\/Jesuitas_Mexico\" target=\"_blank\" rel=\"noreferrer noopener\">@Jesuitas_Mexico<\/a><\/figcaption><\/figure>\n\n\n\n<p>Los jesuitas tienen el pulso de la inseguridad en la Sierra Tarahumara.<strong>&nbsp;Javier Campos<\/strong>, superior de esa orden religiosa en dicha regi\u00f3n, trabaj\u00f3 ah\u00ed por 50 a\u00f1os y su integraci\u00f3n a la poblaci\u00f3n ind\u00edgena fue tal que aprendi\u00f3 a hablar la lengua rar\u00e1muri y le gustaba vestir la misma ropa t\u00edpica. Mientras que&nbsp;<strong>Joaqu\u00edn Mora<\/strong>, quien labor\u00f3 ah\u00ed 23 a\u00f1os, siempre manten\u00eda comunicaci\u00f3n con todos los habitantes de Cerocahui y se declaraba como un amante de su sierra.<\/p>\n\n\n\n<p>Aun con esto la violencia los alcanz\u00f3, y los alcanz\u00f3 el mismo d\u00eda que se dio a conocer que el sexenio del presidente Andr\u00e9s Manuel L\u00f3pez Obrador ya es el m\u00e1s violento en t\u00e9rminos de<strong>&nbsp;homicidios dolosos<\/strong>&nbsp;con m\u00e1s de 121 mil, incluso m\u00e1s que las muertes registradas en la primera mitad del gobierno de Felipe Calder\u00f3n.<\/p>\n\n\n\n<p>Antilano cuestiona que la&nbsp;<strong>Sierra Tarahumara est\u00e1 \u201cmarginada, aislada, requiere el fortalecimiento de las autoridades municipales<\/strong>&nbsp;y sus polic\u00edas porque \u00e9stas se ven rebasadas por la presencia de estos grupos delictivos\u201d.<\/p>\n\n\n\n<p>\u201cQueremos un cambio en la pol\u00edtica de seguridad, no podemos continuar en la situaci\u00f3n que estamos viviendo. La apuesta tiene que ser por lo local,<strong>&nbsp;la Guardia Nacional y el Ej\u00e9rcito solo pueden ayudar en situaciones de emergencia<\/strong>\u201c, a\u00f1ade.No te pierdas:<a href=\"https:\/\/la-lista.com\/mundo\/2022\/06\/22\/el-papa-francisco-lamenta-tantos-asesinatos-en-mexico-tras-homicidio-de-dos-sacerdotes-jesuitas\">El papa Francisco lamenta \u2018tantos asesinatos en M\u00e9xico\u2019 tras homicidio de dos sacerdotes jesuitas<\/a><\/p>\n\n\n\n<p>Para el vocero de la orden jesuita no ser\u00e1 suficiente con detener a \u201cEl Chueco\u201d, a quien tambi\u00e9n se le atribuye el asesinato del profesor estadounidense Patrick Braxton-Andrew en 2018.<\/p>\n\n\n\n<p>\u201cEs necesario revisar la aprehensi\u00f3n del autor de esta masacre, pero eso no va a resolver el problema de seguridad de la Sierra Tarahumara,&nbsp;<strong>necesitamos hacer un an\u00e1lisis m\u00e1s fino para entender c\u00f3mo culturalmente y estructuralmente se engendr\u00f3 la violencia<\/strong>, para saber c\u00f3mo tenemos que responder todos\u201d, menciona Atilano.<\/p>\n\n\n\n<h2 class=\"wp-block-heading\" id=\"h-jesuitas-llaman-a-replantear-a-la-estrategia-de-seguridad\">Jesuitas llaman a replantear a la estrategia de seguridad<\/h2>\n\n\n\n<p>En el mismo sentido se han pronunciado otros integrantes de este orden. El Sistema Universitario Jesuita, conformado por ocho instituciones acad\u00e9micas, exigi\u00f3&nbsp;<a href=\"https:\/\/educacionjesuita.com.mx\/desplegado-del-panel-justicia-con-paz-y-reconciliacion\/\" target=\"_blank\" rel=\"noreferrer noopener\">este jueves 23 de junio<\/a>&nbsp;a las autoridades de los tres niveles de gobierno \u201c<strong><a href=\"https:\/\/educacionjesuita.com.mx\/desplegado-del-panel-justicia-con-paz-y-reconciliacion\/\" target=\"_blank\" rel=\"noreferrer noopener\">replantear las pol\u00edticas de seguridad<\/a>&nbsp;<\/strong>para acabar con la violencia dominante en el pa\u00eds\u201d.<\/p>\n\n\n\n<p>Por su parte,&nbsp;<strong>Mario Patr\u00f3n<\/strong>, reconocido defensor de derechos humanos y rector de la Universidad Iberoamericana de Puebla, expres\u00f3 en la&nbsp;<a href=\"https:\/\/educacionjesuita.com.mx\/rectores-de-las-universidades-del-suj-unen-sus-voces-para-exigir-justicia-con-paz-y-reconciliacion-para-mexico\/\" target=\"_blank\" rel=\"noreferrer noopener\">Reuni\u00f3n Anual del Sistema Universitario de Jesuitas<\/a>, celebrada el 22 de junio pasado, que los asesinatos de Javier Campos y Joaqu\u00edn Mora \u201cpone en evidencia la ineficacia de la pol\u00edtica de seguridad del Estado en todos sus niveles\u201d.<\/p>\n\n\n\n<p>Mientras que \u00d3scar Arturo Castro Soto, director general del Tecnol\u00f3gico Universitario del Valle de Chalco, opin\u00f3 en el mismo evento que el crimen organizado ha penetrado en la vida de las personas, un problema que \u201c<strong>no se va a solucionar con la actual pol\u00edtica social de apoyo a las personas adultas mayores, a las madres solteras o a los campesinos<\/strong>. Eso no compite con la coacci\u00f3n que vive la gente m\u00e1s pobre en los diferentes contextos de nuestro pa\u00eds\u201d.<\/p>\n\n\n\n<p>El presidente&nbsp;<strong>Andr\u00e9s Manuel L\u00f3pez Obrador<\/strong>, por su parte, descart\u00f3 un un cambio en su estrategia de \u201cabrazos y no balazos\u201d durante su&nbsp;<a href=\"https:\/\/www.gob.mx\/presidencia\/articulos\/version-estenografica-conferencia-de-prensa-del-presidente-andres-manuel-lopez-obrador-del-23-de-junio-de-2022?idiom=es\" target=\"_blank\" rel=\"noreferrer noopener\">conferencia de prensa<\/a>&nbsp;de este 23 de junio. Desde que inici\u00f3 su sexenio le ha apostado a la entrega de programas sociales y al despliegue del Ej\u00e9rcito, la Marina y la Guardia Nacional para contener la violencia, aunque las cifras de homicidio y otros delitos se mantienen en niveles cr\u00edticos.<\/p>\n\n\n\n<p>Sobre la entrega de programas sociales por parte del gobierno federal,<strong>&nbsp;Antilano comenta que estos s\u00ed est\u00e1n llegando a la Sierra Tarahumara<\/strong>, sin embargo, no se ha hecho una evaluaci\u00f3n de c\u00f3mo han impactado en la reducci\u00f3n de la pobreza. Los jesuitas han detectado que algunas personas utilizan el dinero de las becas para actividades recreativas o el consumo de bebidas alcoh\u00f3licas, no para mejorar sus condiciones de vida como pretenden las autoridades.No te pierdas:<a href=\"https:\/\/la-lista.com\/mexico\/2022\/06\/23\/la-violencia-en-la-baja-tarahumara\">La violencia en la zona baja de la Sierra Tarahumara<\/a><\/p>\n\n\n\n<p>Para resolver este crimen el presidente L\u00f3pez Obrador ha ordenado el despliegue de las Fuerzas Armadas e incluso ha solicitado el&nbsp;<strong>apoyo de Estados Unidos<\/strong>&nbsp;por si \u201cEl Chueco\u201d se encuentra en la frontera, pero esto no ha dado paz a la orden jesuita ni a los habitantes de Cerocahui.<\/p>\n\n\n\n<p>Antilano no recuerda un caso de este tipo en los a\u00f1os recientes.&nbsp;<strong>La orden de los jesuitas se niega a salir de Chihuahua<\/strong>, pero todav\u00eda no retoman sus actividades, a\u00fan est\u00e1n replegados por la muerte de los suyos, analizando c\u00f3mo retomar su misi\u00f3n en un territorio donde dan por hecho que no tendr\u00e1n la protecci\u00f3n de las autoridades.<\/p>\n\n\n\n<p>\u201cS\u00ed nos preocupa nuestra presencia en la Sierra Tarrahumara\u201d, lamenta Antilano. \u201cEstamos monitoreando c\u00f3mo queda la situaci\u00f3n de seguridad porque\u00a0<strong>estos han sido territorios cada vez m\u00e1s controlados por el crimen organizado<\/strong>\u201c.<\/p>\n\n\n\n<p>Fuente: https:\/\/la-lista.com\/opinion\/2022\/06\/24\/el-sistema-educativo-en-mexico-es-racista<\/p>\n","protected":false},"excerpt":{"rendered":"<p>Los jesuitas consideran que detener a \u00abEl Chueco\u00bb, el presunto asesino de dos sacerdotes y un gu\u00eda tur\u00edstico, no frenar\u00e1 [&hellip;]<\/p>\n","protected":false},"author":1,"featured_media":30675,"comment_status":"open","ping_status":"open","sticky":false,"template":"","format":"standard","meta":{"site-sidebar-layout":"default","site-content-layout":"","ast-site-content-layout":"default","site-content-style":"default","site-sidebar-style":"default","ast-global-header-display":"","ast-banner-title-visibility":"","ast-main-header-display":"","ast-hfb-above-header-display":"","ast-hfb-below-header-display":"","ast-hfb-mobile-header-display":"","site-post-title":"","ast-breadcrumbs-content":"","ast-featured-img":"","footer-sml-layout":"","theme-transparent-header-meta":"","adv-header-id-meta":"","stick-header-meta":"","header-above-stick-meta":"","header-main-stick-meta":"","header-below-stick-meta":"","astra-migrate-meta-layouts":"default","ast-page-background-enabled":"default","ast-page-background-meta":{"desktop":{"background-color":"var(--ast-global-color-4)","background-image":"","background-repeat":"repeat","background-position":"center center","background-size":"auto","background-attachment":"scroll","background-type":"","background-media":"","overlay-type":"","overlay-color":"","overlay-opacity":"","overlay-gradient":""},"tablet":{"background-color":"","background-image":"","background-repeat":"repeat","background-position":"center center","background-size":"auto","background-attachment":"scroll","background-type":"","background-media":"","overlay-type":"","overlay-color":"","overlay-opacity":"","overlay-gradient":""},"mobile":{"background-color":"","background-image":"","background-repeat":"repeat","background-position":"center center","background-size":"auto","background-attachment":"scroll","background-type":"","background-media":"","overlay-type":"","overlay-color":"","overlay-opacity":"","overlay-gradient":""}},"ast-content-background-meta":{"desktop":{"background-color":"var(--ast-global-color-5)","background-image":"","background-repeat":"repeat","background-position":"center center","background-size":"auto","background-attachment":"scroll","background-type":"","background-media":"","overlay-type":"","overlay-color":"","overlay-opacity":"","overlay-gradient":""},"tablet":{"background-color":"var(--ast-global-color-5)","background-image":"","background-repeat":"repeat","background-position":"center center","background-size":"auto","background-attachment":"scroll","background-type":"","background-media":"","overlay-type":"","overlay-color":"","overlay-opacity":"","overlay-gradient":""},"mobile":{"background-color":"var(--ast-global-color-5)","background-image":"","background-repeat":"repeat","background-position":"center center","background-size":"auto","background-attachment":"scroll","background-type":"","background-media":"","overlay-type":"","overlay-color":"","overlay-opacity":"","overlay-gradient":""}},"footnotes":""},"categories":[8],"tags":[199,10972,6048,10970,10971,10967,10969,10968],"class_list":["post-30674","post","type-post","status-publish","format-standard","has-post-thumbnail","hentry","category-noticias","tag-amlo","tag-cerocahui","tag-chihuahua","tag-el-chueco","tag-estrategia-seguridad","tag-jesuitas","tag-jose-noriel-portillo-gil","tag-sierra-tarahumara"],"_links":{"self":[{"href":"https:\/\/losperiodistas.com.mx\/portal\/wp-json\/wp\/v2\/posts\/30674","targetHints":{"allow":["GET"]}}],"collection":[{"href":"https:\/\/losperiodistas.com.mx\/portal\/wp-json\/wp\/v2\/posts"}],"about":[{"href":"https:\/\/losperiodistas.com.mx\/portal\/wp-json\/wp\/v2\/types\/post"}],"author":[{"embeddable":true,"href":"https:\/\/losperiodistas.com.mx\/portal\/wp-json\/wp\/v2\/users\/1"}],"replies":[{"embeddable":true,"href":"https:\/\/losperiodistas.com.mx\/portal\/wp-json\/wp\/v2\/comments?post=30674"}],"version-history":[{"count":1,"href":"https:\/\/losperiodistas.com.mx\/portal\/wp-json\/wp\/v2\/posts\/30674\/revisions"}],"predecessor-version":[{"id":30676,"href":"https:\/\/losperiodistas.com.mx\/portal\/wp-json\/wp\/v2\/posts\/30674\/revisions\/30676"}],"wp:featuredmedia":[{"embeddable":true,"href":"https:\/\/losperiodistas.com.mx\/portal\/wp-json\/wp\/v2\/media\/30675"}],"wp:attachment":[{"href":"https:\/\/losperiodistas.com.mx\/portal\/wp-json\/wp\/v2\/media?parent=30674"}],"wp:term":[{"taxonomy":"category","embeddable":true,"href":"https:\/\/losperiodistas.com.mx\/portal\/wp-json\/wp\/v2\/categories?post=30674"},{"taxonomy":"post_tag","embeddable":true,"href":"https:\/\/losperiodistas.com.mx\/portal\/wp-json\/wp\/v2\/tags?post=30674"}],"curies":[{"name":"wp","href":"https:\/\/api.w.org\/{rel}","templated":true}]}}