{"id":30669,"date":"2022-06-24T09:03:13","date_gmt":"2022-06-24T14:03:13","guid":{"rendered":"http:\/\/losperiodistas.com.mx\/portal\/?p=30669"},"modified":"2022-06-24T09:03:15","modified_gmt":"2022-06-24T14:03:15","slug":"crean-en-washington-el-primer-museo-en-el-mundo-sobre-las-victimas-del-comunismo-ld","status":"publish","type":"post","link":"https:\/\/losperiodistas.com.mx\/portal\/crean-en-washington-el-primer-museo-en-el-mundo-sobre-las-victimas-del-comunismo-ld\/","title":{"rendered":"Crean en Washington el primer museo en el mundo sobre las V\u00edctimas del Comunismo | LD"},"content":{"rendered":"\n<p><em>La entidad estadounidense Fundaci\u00f3n Conmemorativa de las V\u00edctimas del Comunismo es la creadora del nuevo recinto muse\u00edstico.<\/em><\/p>\n\n\n\n<p><\/p>\n\n\n\n<figure class=\"wp-block-image size-full\"><img fetchpriority=\"high\" decoding=\"async\" width=\"954\" height=\"477\" src=\"https:\/\/losperiodistas.com.mx\/portal\/wp-content\/uploads\/2022\/06\/museo-washington-comunismo-victimas-eeuu-stalin.jpg\" alt=\"\" class=\"wp-image-30672\" srcset=\"https:\/\/losperiodistas.com.mx\/portal\/wp-content\/uploads\/2022\/06\/museo-washington-comunismo-victimas-eeuu-stalin.jpg 954w, https:\/\/losperiodistas.com.mx\/portal\/wp-content\/uploads\/2022\/06\/museo-washington-comunismo-victimas-eeuu-stalin-300x150.jpg 300w, https:\/\/losperiodistas.com.mx\/portal\/wp-content\/uploads\/2022\/06\/museo-washington-comunismo-victimas-eeuu-stalin-768x384.jpg 768w\" sizes=\"(max-width: 954px) 100vw, 954px\" \/><figcaption>Una de las salas dedicada a las atrocidades de Stalin. |\u00a0Victims of Communism Museum<\/figcaption><\/figure>\n\n\n\n<p><\/p>\n\n\n\n<p class=\"has-vivid-cyan-blue-color has-text-color has-medium-font-size\">PABLO PLANAS \/ Barcelona \/ LIBERTAD DIGITAL<\/p>\n\n\n\n<p>Convencer a los j\u00f3venes estadounidenses de que \u00abel comunismo no s\u00f3lo es malo, sino perverso\u00bb es el primer objetivo del&nbsp;<strong>Museo de las V\u00edctimas del Comunismo<\/strong>, que reci\u00e9n ha abierto sus puertas en Washington. Las palabras entrecomilladas son de Lee Edwards, el cofundador y presidente em\u00e9rito de la&nbsp;<a href=\"https:\/\/victimsofcommunism.org\/\" rel=\"noreferrer noopener\" target=\"_blank\">Fundaci\u00f3n Conmemorativa de las V\u00edctimas del Comunismo<\/a>, impulsora de este y otros proyectos para combatir la influencia del comunismo.<\/p>\n\n\n\n<p>El nuevo Museo de las V\u00edctimas del Comunismo, \u00fanico en el mundo, es&nbsp;<a href=\"https:\/\/www.heritage.org\/progressivism\/commentary\/30-years-making-museum-dedicated-victims-communism-opens-washington?utm_source=THF_Email&amp;utm_medium=email&amp;utm_campaign=TheAgenda&amp;mkt_tok=ODI0LU1IVC0zMDQAAAGFH_uJvLKDx-Qxq6o85s75FJe__hxaHSfntrrhB2Gn9hA_ZEww-azWWgShJ2fNZnX2kff5YcBIUTp-L4lVVNcmay3ZSaro8wB14_T1Lpomer69lpVrmxbuGle-1w\" rel=\"noreferrer noopener\" target=\"_blank\">fruto de treinta a\u00f1os de trabajo&nbsp;<\/a>de la citada Fundaci\u00f3n, que fue creada por el presidente de la&nbsp;<strong>Fundaci\u00f3n Heritage<\/strong>, Edwin Feulner, y por Lee Edwards, exdirector del Instituto de Periodismo Pol\u00edtico de la Universidad de Georgetown, miembro del Instituto de Pol\u00edtica de Harvard y profesor adjunto de pol\u00edtica en la Universidad Cat\u00f3lica de Am\u00e9rica y el Instituto de Estudios Mundiales.<\/p>\n\n\n\n<p><a href=\"https:\/\/www.nationalreview.com\/2022\/06\/a-new-museum-provides-an-education-on-communism-not-only-bad-but-evil\/\" target=\"_blank\" rel=\"noreferrer noopener\">Seg\u00fan ha declarado Edwards a\u00a0<em>National Review<\/em><\/a>, el objetivo de educar a los j\u00f3venes estadounidenses sobre los cr\u00edmenes del comunismo es un empe\u00f1o compartido por dem\u00f3cratas y republicanos en un pa\u00eds en el hay encuestas que muestran que un alto porcentaje de los nacidos entre los ochenta y el a\u00f1o 2000, la generaci\u00f3n de los \u00abmillenials\u00bb, muestra\u00a0<strong>simpat\u00edas por el socialismo<\/strong>. Edwards opina que no hay riesgo de que el comunismo penetre de manera significativa en los Estados Unidos, pero para ello es necesario que las nuevas generaciones dispongan de informaci\u00f3n contrastada en vez de propaganda filocomunista.<\/p>\n\n\n\n<p>Pero el museo no se dirige s\u00f3lo a los j\u00f3venes, sino tambi\u00e9n a los profesores. De ah\u00ed que la Fundaci\u00f3n Conmemorativa de las V\u00edctimas del Comunismo disponga de un programa que instruye a los docentes sobre c\u00f3mo abordar el comunismo en las aulas.<\/p>\n\n\n\n<h3 class=\"wp-block-heading\">Tres galer\u00edas sobre el horror<\/h3>\n\n\n\n<p>El museo est\u00e1 dividido en tres galer\u00edas. La primera, dedicada al Manifiesto Comunista, la revoluci\u00f3n bolchevique y la toma del poder por parte de&nbsp;<strong>Lenin<\/strong>. La segunda galer\u00eda est\u00e1 dedicada a Stalin y abarca de 1920 hasta la Segunda Guerra Mundial. En la tercera, se expone la resistencia al comunismo tras la&nbsp;<strong>Segunda Guerra Mundial<\/strong>, las masacres de Mao, la \u00abPrimavera de Praga\u00bb, los \u00abgulag\u00bb y los campos de exterminio de Camboya entre otros episodios de la&nbsp;<strong>historia criminal del comunismo<\/strong>&nbsp;en Europa, Asia e Hispanoam\u00e9rica. Los visitantes disponen tambi\u00e9n de completa informaci\u00f3n sobre las atrocidades de los dirigentes comunistas, como el \u00abHolomodor\u00bb, la hambruna en Ucrania provocada por Stalin para eliminar a casi cuatro millones de personas.<\/p>\n\n\n\n<p>El museo es una pieza m\u00e1s del trabajo de la Fundaci\u00f3n Conmemorativa de las V\u00edctimas del Comunismo para denunciar las atrocidades de los reg\u00edmenes comunistas. Ellos construyeron el primer monumento conmemorativo de las&nbsp;<strong>v\u00edctimas del comunismo<\/strong>, cerca del Capitolio, producen v\u00eddeos de historia oral sobre las v\u00edctimas, organizan charlas, conferencias, pases cinematogr\u00e1ficos, impulsan debates acad\u00e9micos y se asocian con l\u00edderes comunitarios para crear conciencia sobre el comunismo a trav\u00e9s de eventos p\u00fablicos y campa\u00f1as de informaci\u00f3n en los medios.<\/p>\n\n\n\n<p>Adem\u00e1s, cuentan con un Foro chino cuya intenci\u00f3n es ayudar a comprender la naturaleza del r\u00e9gimen chino y de su partido comunista y convocan actos de protesta, m\u00edtines y sesiones informativas sobre la vulneraci\u00f3n de los derechos humanos en Cuba, Venezuela y Nicaragua.<\/p>\n\n\n\n<p>Fuente: https:\/\/www.libertaddigital.com\/internacional\/estados-unidos\/2022-06-21\/crean-en-washington-el-primer-museo-en-el-mundo-sobre-las-victimas-del-comunismo-6910172\/<\/p>\n","protected":false},"excerpt":{"rendered":"<p>La entidad estadounidense Fundaci\u00f3n Conmemorativa de las V\u00edctimas del Comunismo es la creadora del nuevo recinto muse\u00edstico. PABLO PLANAS \/ [&hellip;]<\/p>\n","protected":false},"author":1,"featured_media":30672,"comment_status":"open","ping_status":"open","sticky":false,"template":"","format":"standard","meta":{"site-sidebar-layout":"default","site-content-layout":"","ast-site-content-layout":"default","site-content-style":"default","site-sidebar-style":"default","ast-global-header-display":"","ast-banner-title-visibility":"","ast-main-header-display":"","ast-hfb-above-header-display":"","ast-hfb-below-header-display":"","ast-hfb-mobile-header-display":"","site-post-title":"","ast-breadcrumbs-content":"","ast-featured-img":"","footer-sml-layout":"","theme-transparent-header-meta":"","adv-header-id-meta":"","stick-header-meta":"","header-above-stick-meta":"","header-main-stick-meta":"","header-below-stick-meta":"","astra-migrate-meta-layouts":"default","ast-page-background-enabled":"default","ast-page-background-meta":{"desktop":{"background-color":"var(--ast-global-color-4)","background-image":"","background-repeat":"repeat","background-position":"center center","background-size":"auto","background-attachment":"scroll","background-type":"","background-media":"","overlay-type":"","overlay-color":"","overlay-opacity":"","overlay-gradient":""},"tablet":{"background-color":"","background-image":"","background-repeat":"repeat","background-position":"center center","background-size":"auto","background-attachment":"scroll","background-type":"","background-media":"","overlay-type":"","overlay-color":"","overlay-opacity":"","overlay-gradient":""},"mobile":{"background-color":"","background-image":"","background-repeat":"repeat","background-position":"center center","background-size":"auto","background-attachment":"scroll","background-type":"","background-media":"","overlay-type":"","overlay-color":"","overlay-opacity":"","overlay-gradient":""}},"ast-content-background-meta":{"desktop":{"background-color":"var(--ast-global-color-5)","background-image":"","background-repeat":"repeat","background-position":"center center","background-size":"auto","background-attachment":"scroll","background-type":"","background-media":"","overlay-type":"","overlay-color":"","overlay-opacity":"","overlay-gradient":""},"tablet":{"background-color":"var(--ast-global-color-5)","background-image":"","background-repeat":"repeat","background-position":"center center","background-size":"auto","background-attachment":"scroll","background-type":"","background-media":"","overlay-type":"","overlay-color":"","overlay-opacity":"","overlay-gradient":""},"mobile":{"background-color":"var(--ast-global-color-5)","background-image":"","background-repeat":"repeat","background-position":"center center","background-size":"auto","background-attachment":"scroll","background-type":"","background-media":"","overlay-type":"","overlay-color":"","overlay-opacity":"","overlay-gradient":""}},"footnotes":""},"categories":[8],"tags":[10966,10965],"class_list":["post-30669","post","type-post","status-publish","format-standard","has-post-thumbnail","hentry","category-noticias","tag-lee-edwards","tag-museo-victimas-del-comunismo"],"_links":{"self":[{"href":"https:\/\/losperiodistas.com.mx\/portal\/wp-json\/wp\/v2\/posts\/30669","targetHints":{"allow":["GET"]}}],"collection":[{"href":"https:\/\/losperiodistas.com.mx\/portal\/wp-json\/wp\/v2\/posts"}],"about":[{"href":"https:\/\/losperiodistas.com.mx\/portal\/wp-json\/wp\/v2\/types\/post"}],"author":[{"embeddable":true,"href":"https:\/\/losperiodistas.com.mx\/portal\/wp-json\/wp\/v2\/users\/1"}],"replies":[{"embeddable":true,"href":"https:\/\/losperiodistas.com.mx\/portal\/wp-json\/wp\/v2\/comments?post=30669"}],"version-history":[{"count":1,"href":"https:\/\/losperiodistas.com.mx\/portal\/wp-json\/wp\/v2\/posts\/30669\/revisions"}],"predecessor-version":[{"id":30673,"href":"https:\/\/losperiodistas.com.mx\/portal\/wp-json\/wp\/v2\/posts\/30669\/revisions\/30673"}],"wp:featuredmedia":[{"embeddable":true,"href":"https:\/\/losperiodistas.com.mx\/portal\/wp-json\/wp\/v2\/media\/30672"}],"wp:attachment":[{"href":"https:\/\/losperiodistas.com.mx\/portal\/wp-json\/wp\/v2\/media?parent=30669"}],"wp:term":[{"taxonomy":"category","embeddable":true,"href":"https:\/\/losperiodistas.com.mx\/portal\/wp-json\/wp\/v2\/categories?post=30669"},{"taxonomy":"post_tag","embeddable":true,"href":"https:\/\/losperiodistas.com.mx\/portal\/wp-json\/wp\/v2\/tags?post=30669"}],"curies":[{"name":"wp","href":"https:\/\/api.w.org\/{rel}","templated":true}]}}