{"id":30665,"date":"2022-06-24T08:40:35","date_gmt":"2022-06-24T13:40:35","guid":{"rendered":"http:\/\/losperiodistas.com.mx\/portal\/?p=30665"},"modified":"2022-06-24T08:40:37","modified_gmt":"2022-06-24T13:40:37","slug":"la-fascinante-historia-de-george-platt-lynes-el-pionero-de-la-fotografia-que-vivio-un-triangulo-amoroso-retrato-a-yul-brynner-semidesnudo-e-inspiro-los-estudios-sobre-la-sexualidad-del-doctor-kinsey","status":"publish","type":"post","link":"https:\/\/losperiodistas.com.mx\/portal\/la-fascinante-historia-de-george-platt-lynes-el-pionero-de-la-fotografia-que-vivio-un-triangulo-amoroso-retrato-a-yul-brynner-semidesnudo-e-inspiro-los-estudios-sobre-la-sexualidad-del-doctor-kinsey\/","title":{"rendered":"La fascinante historia de George Platt Lynes, el pionero de la fotograf\u00eda que vivi\u00f3 un tri\u00e1ngulo amoroso, retrat\u00f3 a Yul Brynner semidesnudo e inspir\u00f3 los estudios sobre la sexualidad del doctor Kinsey | Vanity Fair"},"content":{"rendered":"\n<p><em>La Fundaci\u00f3n Loewe acoge una muestra sobre este predecesor de Robert Mapplethorpe que trabaj\u00f3 para la revista\u00a0Vogue\u00a0en el Hollywood dorado. Imprescindible.<\/em><\/p>\n\n\n\n<p><\/p>\n\n\n\n<figure class=\"wp-block-image size-large\"><img fetchpriority=\"high\" decoding=\"async\" width=\"817\" height=\"1024\" src=\"https:\/\/losperiodistas.com.mx\/portal\/wp-content\/uploads\/2022\/06\/GPL-12-817x1024.jpg\" alt=\"\" class=\"wp-image-30666\" srcset=\"https:\/\/losperiodistas.com.mx\/portal\/wp-content\/uploads\/2022\/06\/GPL-12-817x1024.jpg 817w, https:\/\/losperiodistas.com.mx\/portal\/wp-content\/uploads\/2022\/06\/GPL-12-239x300.jpg 239w, https:\/\/losperiodistas.com.mx\/portal\/wp-content\/uploads\/2022\/06\/GPL-12-768x963.jpg 768w, https:\/\/losperiodistas.com.mx\/portal\/wp-content\/uploads\/2022\/06\/GPL-12-1225x1536.jpg 1225w, https:\/\/losperiodistas.com.mx\/portal\/wp-content\/uploads\/2022\/06\/GPL-12.jpg 1600w\" sizes=\"(max-width: 817px) 100vw, 817px\" \/><figcaption>El actor Yul Brynner fotografiado en 1942 por George Platt Lynes.<\/figcaption><\/figure>\n\n\n\n<p><\/p>\n\n\n\n<p class=\"has-vivid-cyan-blue-color has-text-color has-medium-font-size\">PALOMA SIM\u00d3N \/ VANITY FAIR<\/p>\n\n\n\n<p><strong>George Platt Lynes<\/strong>&nbsp;(Nueva Jersey, 1907 \u2013 Nueva York, 1955) era tan guapo que las mujeres volv\u00edan la cabeza a su paso. Tambi\u00e9n los hombres. Adem\u00e1s, fue un tipo con suerte. Nada m\u00e1s poner un pie en Par\u00eds en los a\u00f1os 20 -sus padres, que ten\u00edan grandes expectativas para \u00e9l, lo hab\u00edan enviado all\u00ed para que preparase su ingreso en la Universidad de Yale; lo cierto es que no era lo que se dice un buen estudiante\u2013, conoci\u00f3 a&nbsp;<strong>Gertrude Stein<\/strong>, con quien entabl\u00f3 una estrecha amistad. Gracias a ella pronto empez\u00f3 a codearse con la bohemia:&nbsp;<strong>Salvador Dal\u00ed<\/strong>,&nbsp;<strong>Jean Cocteau<\/strong>,&nbsp;<strong>E. M. Forster<\/strong>,&nbsp;<strong>Christopher Isherwood<\/strong>,&nbsp;<strong>W. Somerset Maugham<\/strong>&nbsp;o&nbsp;<strong>Marc Chagall<\/strong>&nbsp;se convirtieron en sus \u00edntimos amigos. Este \u00faltimo protagoniz\u00f3 por cierto uno de sus primeros retratos. Porque, adem\u00e1s de un atractivo indudable, George Platt Lynes ten\u00eda talento, que dedic\u00f3 a la b\u00fasqueda de la belleza en general y a la fotograf\u00eda en particular. Una disciplina en la que adquiri\u00f3 una enorme notoriedad en los a\u00f1os 30 y 40 gracias a sus trabajos para revistas de moda como&nbsp;<em>Harper&#8217;s Bazaar<\/em>&nbsp;o a sus estudios sobre danza, que llev\u00f3 a cabo a partir de 1935, cuando se reencontr\u00f3 con compa\u00f1eros de colegio,&nbsp;<strong>Lincoln Kirstein<\/strong>&nbsp;y&nbsp;<strong>George Balanchine<\/strong>, que resultaron ser los fundadores del Ballet de Nueva York.<\/p>\n\n\n\n<figure class=\"wp-block-image size-large\"><img decoding=\"async\" width=\"799\" height=\"1024\" src=\"https:\/\/losperiodistas.com.mx\/portal\/wp-content\/uploads\/2022\/06\/GPL-24-799x1024.jpg\" alt=\"\" class=\"wp-image-30667\" srcset=\"https:\/\/losperiodistas.com.mx\/portal\/wp-content\/uploads\/2022\/06\/GPL-24-799x1024.jpg 799w, https:\/\/losperiodistas.com.mx\/portal\/wp-content\/uploads\/2022\/06\/GPL-24-234x300.jpg 234w, https:\/\/losperiodistas.com.mx\/portal\/wp-content\/uploads\/2022\/06\/GPL-24-768x984.jpg 768w, https:\/\/losperiodistas.com.mx\/portal\/wp-content\/uploads\/2022\/06\/GPL-24-1199x1536.jpg 1199w, https:\/\/losperiodistas.com.mx\/portal\/wp-content\/uploads\/2022\/06\/GPL-24-1598x2048.jpg 1598w, https:\/\/losperiodistas.com.mx\/portal\/wp-content\/uploads\/2022\/06\/GPL-24.jpg 1600w\" sizes=\"(max-width: 799px) 100vw, 799px\" \/><figcaption>Georges Platt Lynes y un amigo. CORTES\u00cdA LOEWE<\/figcaption><\/figure>\n\n\n\n<p><\/p>\n\n\n\n<figure class=\"wp-block-image\"><img decoding=\"async\" src=\"https:\/\/media.revistavanityfair.es\/photos\/62b434b981366ef2313e0093\/master\/w_1600%2Cc_limit\/GLP-82434_Vinilo.jpeg\" alt=\"Marc Chagall fotografiado por Platt Lynes en 1941. CORTES\u00cdA LOEWE\"\/><figcaption>Marc Chagall fotografiado por Platt Lynes en 1941. CORTES\u00cdA LOEWE<\/figcaption><\/figure>\n\n\n\n<p><\/p>\n\n\n\n<p>Injustamente olvidado, como sucedi\u00f3 en un momento dado con su colega&nbsp;<a href=\"https:\/\/www.revistavanityfair.es\/poder\/articulos\/lillian-bassman\/19020\"><strong>Lillian Bassman<\/strong><\/a>, Platt Lynes es el protagonista de una de una exposici\u00f3n auspiciada por la&nbsp;<strong>Fundaci\u00f3n Loewe<\/strong>&nbsp;con motivo de la nueva edici\u00f3n de&nbsp;<a href=\"https:\/\/www.revistavanityfair.es\/lujo\/articulos\/exposicion-fotografia-loewe-peter-hujar-david-wojnarowicz\/31585\">Photoespa\u00f1a.<\/a>&nbsp;Una muestra comisariada por la editora gr\u00e1fica&nbsp;<strong>Mar\u00eda Mill\u00e1n<\/strong>, quien lleg\u00f3 a colaborar con&nbsp;<a href=\"https:\/\/archive.vanityfair.com\/article\/1993\/10\/becoming-a-legend\"><strong>Alexander Liberman<\/strong><\/a>, el m\u00edtico director creativo de Cond\u00e9 Nast que, por cierto, fich\u00f3 a Platt Lynes para&nbsp;<em>Vogue<\/em>. \u201cLo envi\u00f3 de corresponsal a Los \u00c1ngeles, donde pronto se especializ\u00f3 en retratar a las estrellas de Hollywood de la \u00e9poca. Por ejemplo, a&nbsp;<strong>Yul Brynner<\/strong>, que por aquel entonces era el arquetipo de macho por sus papeles en pel\u00edculas tan populares como&nbsp;<em>El rey y yo<\/em>&nbsp;o&nbsp;<em>Los Diez Mandamientos<\/em>&nbsp;o&nbsp;<em>Los siete magn\u00edficos<\/em>, pero que en la vida real era un hombre de una sensibilidad extrema. Entrar en contacto con el c\u00edrculo de Platt Lynes le ayud\u00f3 a dar rienda suelta a su verdadera naturaleza\u201d, explica Mill\u00e1n.&nbsp;<\/p>\n\n\n\n<figure class=\"wp-block-image\"><img decoding=\"async\" src=\"https:\/\/media.revistavanityfair.es\/photos\/62b440798264ceef2c479ace\/master\/w_1600%2Cc_limit\/_GEORG~1.PNG\" alt=\"Ted Starkowski desnudo masculino de 1954. CORTES\u00cdA LOEWE\"\/><figcaption>Ted Starkowski, desnudo masculino de 1954. CORTES\u00cdA LOEWE<\/figcaption><\/figure>\n\n\n\n<p>Y es que el artista viv\u00eda desde hac\u00eda tiempo un tri\u00e1ngulo amoroso con el editor&nbsp;<strong>Monroe Wheeler<\/strong>&nbsp;y el escritor&nbsp;<strong>Glenway Wescott<\/strong>, una pareja seis a\u00f1os mayor que \u00e9l que, como muchos artistas e intelectuales de la \u00e9poca \u2013<strong>Jean Cocteau<\/strong>,&nbsp;<strong>Thomas Mann<\/strong>,&nbsp;<strong>Francis Scott Fitzgerald<\/strong>\u2026\u2013 resid\u00eda entre Villefranche-sur-Mer, en la Costa Azul, y el Greenwich Village, y a los que hab\u00eda conocido en Europa en 1926. As\u00ed, su vida privada empez\u00f3 a inspirar su obra, en la que el erotismo y, en concreto, los desnudos masculinos, adquirieron una importancia capital, lo que le supuso no pocos problemas. \u201cFotografiar cuerpos desnudos era ilegal en Estados Unidos, la homosexualidad se consideraba una enfermedad mental, por lo que Platt Lynes y sus modelos asumieron un riesgo enorme con estas obras que, como en etapas anteriores de la Historia del Arte, ten\u00edan que reproducir escenas mitol\u00f3gicas para sortear la censura\u201d, recuerda Mill\u00e1n. Efectivamente, una de las salas de la exposici\u00f3n, que acoge la&nbsp;<a href=\"https:\/\/store.leica-camera.com\/es\/es\/galeria-\" rel=\"noreferrer noopener\" target=\"_blank\"><strong>Leica Gallery<\/strong><\/a>&nbsp;de Madrid, est\u00e1 dedicada a este tipo de trabajos, para los que posaron amigos de Platt Lyne como los artistas&nbsp;<strong>Paul Cadmus<\/strong>&nbsp;y&nbsp;<strong>Jared French<\/strong>, el director de arte&nbsp;<strong>Romain Johnston<\/strong>&nbsp;o el bailar\u00edn&nbsp;<strong>Ralph McWilliams<\/strong>. En ellas da buena cuenta de su manejo de la luz y de su virtuosismo en el laboratorio. Por ejemplo, en una \u00e9poca muy anterior al Photoshop y los efectos digitales, el mito de C\u00edclope se consegu\u00eda pegando un enorme ojo hecho pintado a mano y recortado sobre la frente del modelo.<\/p>\n\n\n\n<figure class=\"wp-block-image\"><img decoding=\"async\" src=\"https:\/\/media.revistavanityfair.es\/photos\/62b4395281366ef2313e0096\/master\/w_1600%2Cc_limit\/_George%2520Platt%2520Lynes%2C%2520Orpheus%2520and%2520Eros%2C%2520ca.%25201936%2520copy.png\" alt=\"Orpheus y Eros ca. 1936. CORTES\u00cdA LOEWE\"\/><figcaption><em>Orpheus y Eros<\/em>, ca. 1936. CORTES\u00cdA LOEWE<\/figcaption><\/figure>\n\n\n\n<p>A pesar de que su autor destruy\u00f3 muchas de estas instant\u00e1neas, los desnudos de Platt Lynes a\u00fan experimentar\u00edan una nueva vida cuando el fot\u00f3grafo se las entreg\u00f3 al Instituto Kinsey para la Investigaci\u00f3n del Sexo, el G\u00e9nero y la Reproducci\u00f3n del bi\u00f3logo y sex\u00f3logo&nbsp;<strong>Alfred Kinsey<\/strong>, autor entre otros de&nbsp;<em>El comportamiento sexual hombre.<\/em>&nbsp;Un estudio acad\u00e9mico que escandaliz\u00f3 a la sociedad estadounidense de la \u00e9poca tanto como la figura de Kinsey quien, aunque estaba felizmente casado \u2013su esposa,&nbsp;<strong>Clara McMillen<\/strong>, era adem\u00e1s su principal colaboradora\u2013, manten\u00eda relaciones homosexuales \u2013su mujer, tambi\u00e9n\u2013 para sus investigaciones, y animaba a los miembros de su equipo a obrar del mismo modo. \u00c9l y Platt Lynes estaban pues condenados a conocerse\u2026 Y a entenderse.<\/p>\n\n\n\n<p>El fot\u00f3grafo estadounidense, que inspir\u00f3 sin duda la est\u00e9tica, hoy tan c\u00e9lebre, de\u00a0<strong>Robert Mapplethorpe<\/strong>,\u00a0<strong>Francesco Scavullo<\/strong>\u00a0\u2013a quien tambi\u00e9n retrat\u00f3\u2013, o\u00a0<a href=\"https:\/\/www.revistavanityfair.es\/lujo\/articulos\/exposicion-fotografia-loewe-peter-hujar-david-wojnarowicz\/31585\"><strong>Peter Hujar<\/strong><\/a>\u00a0\u2013objeto por cierto de otra de las retrospectivas de la Fundaci\u00f3n Loewe\u2013 muri\u00f3 de forma prematura a los 48 a\u00f1os de edad tras haber vivido, eso s\u00ed, una existencia fascinante. De la que, si quiere conocer m\u00e1s detalles, ya sabe. Tiene hasta el 22 de octubre.<\/p>\n\n\n\n<p>De&nbsp;<a href=\"http:\/\/www.blogfundacionloewe.es\/tag\/maria-millan\/\" rel=\"noreferrer noopener\" target=\"_blank\">Mar\u00eda Mill\u00e1n<\/a>&nbsp;y Liberman ya hablaremos otro d\u00eda. Prometido.<\/p>\n\n\n\n<figure class=\"wp-block-image\"><img decoding=\"async\" src=\"https:\/\/media.revistavanityfair.es\/photos\/62b4431fd44fe1254c003365\/master\/w_1600%2Cc_limit\/GLP-100966.jpeg\" alt=\"La fascinante historia de George Platt Lynes el pionero de la fotograf\u00eda que vivi\u00f3 un tringulo amoroso retrat\u00f3 a Yul...\"\/><\/figure>\n\n\n\n<p><\/p>\n\n\n\n<p>Fuente: https:\/\/www.revistavanityfair.es\/articulos\/george-platt-lynes-fotografo<\/p>\n","protected":false},"excerpt":{"rendered":"<p>La Fundaci\u00f3n Loewe acoge una muestra sobre este predecesor de Robert Mapplethorpe que trabaj\u00f3 para la revista\u00a0Vogue\u00a0en el Hollywood dorado. [&hellip;]<\/p>\n","protected":false},"author":1,"featured_media":30666,"comment_status":"open","ping_status":"open","sticky":false,"template":"","format":"standard","meta":{"site-sidebar-layout":"default","site-content-layout":"","ast-site-content-layout":"default","site-content-style":"default","site-sidebar-style":"default","ast-global-header-display":"","ast-banner-title-visibility":"","ast-main-header-display":"","ast-hfb-above-header-display":"","ast-hfb-below-header-display":"","ast-hfb-mobile-header-display":"","site-post-title":"","ast-breadcrumbs-content":"","ast-featured-img":"","footer-sml-layout":"","theme-transparent-header-meta":"","adv-header-id-meta":"","stick-header-meta":"","header-above-stick-meta":"","header-main-stick-meta":"","header-below-stick-meta":"","astra-migrate-meta-layouts":"default","ast-page-background-enabled":"default","ast-page-background-meta":{"desktop":{"background-color":"var(--ast-global-color-4)","background-image":"","background-repeat":"repeat","background-position":"center center","background-size":"auto","background-attachment":"scroll","background-type":"","background-media":"","overlay-type":"","overlay-color":"","overlay-opacity":"","overlay-gradient":""},"tablet":{"background-color":"","background-image":"","background-repeat":"repeat","background-position":"center center","background-size":"auto","background-attachment":"scroll","background-type":"","background-media":"","overlay-type":"","overlay-color":"","overlay-opacity":"","overlay-gradient":""},"mobile":{"background-color":"","background-image":"","background-repeat":"repeat","background-position":"center center","background-size":"auto","background-attachment":"scroll","background-type":"","background-media":"","overlay-type":"","overlay-color":"","overlay-opacity":"","overlay-gradient":""}},"ast-content-background-meta":{"desktop":{"background-color":"var(--ast-global-color-5)","background-image":"","background-repeat":"repeat","background-position":"center center","background-size":"auto","background-attachment":"scroll","background-type":"","background-media":"","overlay-type":"","overlay-color":"","overlay-opacity":"","overlay-gradient":""},"tablet":{"background-color":"var(--ast-global-color-5)","background-image":"","background-repeat":"repeat","background-position":"center center","background-size":"auto","background-attachment":"scroll","background-type":"","background-media":"","overlay-type":"","overlay-color":"","overlay-opacity":"","overlay-gradient":""},"mobile":{"background-color":"var(--ast-global-color-5)","background-image":"","background-repeat":"repeat","background-position":"center center","background-size":"auto","background-attachment":"scroll","background-type":"","background-media":"","overlay-type":"","overlay-color":"","overlay-opacity":"","overlay-gradient":""}},"footnotes":""},"categories":[8],"tags":[10963,10961,10962,10964],"class_list":["post-30665","post","type-post","status-publish","format-standard","has-post-thumbnail","hentry","category-noticias","tag-fundacion-loewe","tag-george-platt-lynes","tag-harpers-bazaar","tag-robert-mapplethorpe"],"_links":{"self":[{"href":"https:\/\/losperiodistas.com.mx\/portal\/wp-json\/wp\/v2\/posts\/30665","targetHints":{"allow":["GET"]}}],"collection":[{"href":"https:\/\/losperiodistas.com.mx\/portal\/wp-json\/wp\/v2\/posts"}],"about":[{"href":"https:\/\/losperiodistas.com.mx\/portal\/wp-json\/wp\/v2\/types\/post"}],"author":[{"embeddable":true,"href":"https:\/\/losperiodistas.com.mx\/portal\/wp-json\/wp\/v2\/users\/1"}],"replies":[{"embeddable":true,"href":"https:\/\/losperiodistas.com.mx\/portal\/wp-json\/wp\/v2\/comments?post=30665"}],"version-history":[{"count":1,"href":"https:\/\/losperiodistas.com.mx\/portal\/wp-json\/wp\/v2\/posts\/30665\/revisions"}],"predecessor-version":[{"id":30668,"href":"https:\/\/losperiodistas.com.mx\/portal\/wp-json\/wp\/v2\/posts\/30665\/revisions\/30668"}],"wp:featuredmedia":[{"embeddable":true,"href":"https:\/\/losperiodistas.com.mx\/portal\/wp-json\/wp\/v2\/media\/30666"}],"wp:attachment":[{"href":"https:\/\/losperiodistas.com.mx\/portal\/wp-json\/wp\/v2\/media?parent=30665"}],"wp:term":[{"taxonomy":"category","embeddable":true,"href":"https:\/\/losperiodistas.com.mx\/portal\/wp-json\/wp\/v2\/categories?post=30665"},{"taxonomy":"post_tag","embeddable":true,"href":"https:\/\/losperiodistas.com.mx\/portal\/wp-json\/wp\/v2\/tags?post=30665"}],"curies":[{"name":"wp","href":"https:\/\/api.w.org\/{rel}","templated":true}]}}