{"id":30662,"date":"2022-06-24T08:20:20","date_gmt":"2022-06-24T13:20:20","guid":{"rendered":"http:\/\/losperiodistas.com.mx\/portal\/?p=30662"},"modified":"2022-06-24T08:20:21","modified_gmt":"2022-06-24T13:20:21","slug":"alza-en-alimentos-lleva-a-la-inflacion-a-maximo-en-21-anos-la-jornada","status":"publish","type":"post","link":"https:\/\/losperiodistas.com.mx\/portal\/alza-en-alimentos-lleva-a-la-inflacion-a-maximo-en-21-anos-la-jornada\/","title":{"rendered":"Alza en alimentos lleva a la inflaci\u00f3n a m\u00e1ximo en 21 a\u00f1os\u00a0| La Jornada"},"content":{"rendered":"\n<p><\/p>\n\n\n\n<p><em>La inflaci\u00f3n en M\u00e9xico no cede. En los primeros 15 d\u00edas de junio, el \u00cdndice Nacional de Precios al Consumidor (INPC) experiment\u00f3 una aumento de 0.49 por ciento. Con este resultado, la inflaci\u00f3n en 12 meses se dispar\u00f3 a 7.88 por ciento, el registro m\u00e1s alto desde enero de 2001, revel\u00f3 el Instituto Nacional de Estad\u00edstica y Geograf\u00eda (Inegi).<\/em><\/p>\n\n\n\n<p><\/p>\n\n\n\n<figure class=\"wp-block-image size-full\"><img fetchpriority=\"high\" decoding=\"async\" width=\"960\" height=\"720\" src=\"https:\/\/losperiodistas.com.mx\/portal\/wp-content\/uploads\/2022\/06\/image_large-2.jpg\" alt=\"\" class=\"wp-image-30663\" srcset=\"https:\/\/losperiodistas.com.mx\/portal\/wp-content\/uploads\/2022\/06\/image_large-2.jpg 960w, https:\/\/losperiodistas.com.mx\/portal\/wp-content\/uploads\/2022\/06\/image_large-2-300x225.jpg 300w, https:\/\/losperiodistas.com.mx\/portal\/wp-content\/uploads\/2022\/06\/image_large-2-768x576.jpg 768w\" sizes=\"(max-width: 960px) 100vw, 960px\" \/><\/figure>\n\n\n\n<p><\/p>\n\n\n\n<p class=\"has-vivid-cyan-blue-color has-text-color has-medium-font-size\">CLARA ZEPEDA \/ LA JORNADA<\/p>\n\n\n\n<p><em>Ciudad de M\u00e9xico.<\/em>\u00a0La inflaci\u00f3n en M\u00e9xico no cede. En los primeros 15 d\u00edas de junio, el \u00cdndice Nacional de Precios al Consumidor (INPC) experiment\u00f3 una aumento de 0.49 por ciento. Con este resultado, la inflaci\u00f3n en 12 meses se dispar\u00f3 a 7.88 por ciento, el registro m\u00e1s alto desde enero de 2001, revel\u00f3 el Instituto Nacional de Estad\u00edstica y Geograf\u00eda (Inegi).<\/p>\n\n\n\n<p>Destacaron las presiones de precios en los alimentos frescos y procesados, que tienen una incidencia directa en el nivel de vida de la mayor\u00eda de familias, en l\u00ednea con el traspaso de los altos precios internacionales de materias primas agropecuarias.<\/p>\n\n\n\n<p>La inflaci\u00f3n general anual rebas\u00f3 las expectativas del consenso del mercado, al acelerar de 7.72 la quincena previa a 7.88 por ciento anual, frente al 7.7 por ciento esperado por los analistas, seg\u00fan la m\u00e1s reciente encuesta de Citibanamex.<\/p>\n\n\n\n<p>Todas las divisiones que conforman la canasta del INPC subieron. Entre las ramas con mayores alzas destacaron alimentos, bebidas y tabaco con 11.71 por ciento anual; productos pecuarios, agr\u00edcolas, frutas y verduras registraron aumentos de 15.12, 14.31 y 13.29 por ciento, respectivamente, en los \u00faltimos 12 meses. Asimismo, las mercanc\u00edas no alimenticias subieron 7.80 por ciento anual; taquer\u00edas, fondas y loncher\u00edas aumentaron 6.64 por ciento; mientras los energ\u00e9ticos, 5.86 por ciento.<\/p>\n\n\n\n<h2 class=\"wp-block-heading\">Aumentos generalizados<\/h2>\n\n\n\n<p>El avance en el \u00edndice subyacente \u2013-el cual identifica las variaciones de los precios excluyendo los componentes m\u00e1s vol\u00e1tiles como gasolina, electricidad, gas, frutas, verduras\u2013 fue generalizado, tanto en bienes como en servicios, al reportar un increment\u00f3 0.50 por ciento a tasa quincenal y 7.47 por ciento anual en la primera mitad de junio.<\/p>\n\n\n\n<p>Comer se vuelve caro<\/p>\n\n\n\n<p>Sigue sobresaliendo el incremento en mercanc\u00edas alimenticias. En el caso de los servicios, destac\u00f3 el rebote en los distintos a vivienda y educaci\u00f3n, destacando aquellos de entretenimiento, transporte y restaurantes, asociados a la movilidad social y la rotaci\u00f3n del gasto de bienes a servicios.<\/p>\n\n\n\n<p>El \u00edndice de precios no subyacente, aquel que s\u00ed incluye productos de alta volatilidad como los precios agropecuarios y energ\u00e9ticos, subi\u00f3 0.49 por ciento quincenal y 9.13 por ciento a tasa anual.<\/p>\n\n\n\n<p>Su aceleraci\u00f3n obedeci\u00f3 al incremento en agropecuarios, en l\u00ednea con la evoluci\u00f3n de la cotizaci\u00f3n internacional de las materias primas, como los granos. Ello eclips\u00f3 la moderaci\u00f3n en energ\u00eda, explic\u00f3 Alejandro Salda\u00f1a, subdirector de an\u00e1lisis econ\u00f3mico de Ve por M\u00e1s.<\/p>\n\n\n\n<p>El \u00edndice de Precios de la Canasta de Consumo M\u00ednimo aument\u00f3 0.56 por ciento quincenal y 8.44 por ciento a tasa anual, superior a la inflaci\u00f3n general.<\/p>\n\n\n\n<h2 class=\"wp-block-heading\">Pacic no ayuda<\/h2>\n\n\n\n<p>En productos como pan de caja, huevo, leche, naranja, papa, pollo entero y zanahoria, el Paquete contra la Inflaci\u00f3n y la Carest\u00eda (Pacic) no ha tenido efectos, pues el pan registr\u00f3 una inflaci\u00f3n de 18.44 por ciento en la primera quincena de junio, hace dos quincenas fue de 15.9 por ciento; el huevo se dispar\u00f3 21.13; la leche, 13; la naranja, 20.47 y el pollo entero, 14.93 por ciento.<\/p>\n\n\n\n<p>Para Gabriela Siller, directora de estudios econ\u00f3micos de Banco Base, el dato de inflaci\u00f3n de la primera quincena de junio hace evidente que el Pacic no ha ayudado. \u201cEl est\u00edmulo a la gasolina ha frenado un poco el alza de energ\u00e9ticos, pero es artificial y se corre el riesgo de otro&nbsp;<em>gasolinazo<\/em>\u201d.<\/p>\n\n\n\n<p>Aunado a lo anterior, Alfredo Couti\u00f1o, director de Moody\u2019s Analytics, sostuvo que el programa de contenci\u00f3n de precios dur\u00f3 muy poco, \u201cpuesto que lo \u00fanico que hace es reprimir las alzas de manera temporal (\u2026) lo peor de todo es que la olla est\u00e1 acumulando mucha presi\u00f3n y cuando no haya recursos para subsidiar, entonces van a tener que soltar la tapadera\u201d.<\/p>\n\n\n\n<p>Por su parte, Alonso Cervera, economista en jefe para Am\u00e9rica Latina en Credit Suisse, destac\u00f3 que sin el subsidio actual a la gasolina, la inflaci\u00f3n anual ser\u00eda de por lo menos 11 por ciento, en lugar de 8 por ciento.<\/p>\n\n\n\n<h2 class=\"wp-block-heading\">El BdeM sube a 7.75% su tasa de referencia y anuncia m\u00e1s ajustes<\/h2>\n\n\n\n<p>Braulio Carbajal<\/p>\n\n\n\n<p>Las presiones inflacionarias que enfrenta la econom\u00eda nacional son \u201cmayores a las anticipadas\u201d, en opini\u00f3n del Banco de M\u00e9xico (BdeM). En el futuro inmediato \u201cel horizonte presenta un considerable riesgo\u201d de que los precios sigan al alza, seg\u00fan el organismo aut\u00f3nomo. En ese marco, el banco central decidi\u00f3 este jueves, por unanimidad de los integrantes de su junta de gobierno, elevar su tasa de referencia en tres cuartos de punto porcentual, para situarla en 7.75 por ciento. Se trata del mayor incremento desde que en 2008 adopt\u00f3 la estrategia de pol\u00edtica monetaria basada en objetivos de inflaci\u00f3n.<\/p>\n\n\n\n<p>La tasa de referencia marca el costo al que se financian empresas y familias. Al aumentarla, el banco central busca contener la inflaci\u00f3n a partir del encarecimiento del cr\u00e9dito, que enfr\u00eda el consumo y la inversi\u00f3n y con ello desacelera una econom\u00eda que ya de por s\u00ed va a marcha lenta. El objetivo permanente del Banco de M\u00e9xico es que la inflaci\u00f3n sea de 3 por ciento anual, con un intervalo de variaci\u00f3n de un punto porcentual hacia arriba o abajo.<\/p>\n\n\n\n<p>En su comunicado de ayer, el banco central da cuenta que espera una mayor inflaci\u00f3n en los siguientes meses. Para el tercer y cuarto trimestre de este a\u00f1o aument\u00f3 en 1.1 puntos porcentuales sus pron\u00f3sticos de hace poco m\u00e1s de un mes, para situarlos ahora en 7.8 y 8.1 por ciento, respectivamente. En el mismo comunicado, advierte que para las siguientes decisiones de pol\u00edtica monetaria \u201cla junta de gobierno tiene la intenci\u00f3n de seguir aumentando la tasa de referencia y valorar\u00e1 actuar con la misma contundencia en caso de que se requiera\u201d.<\/p>\n\n\n\n<p>El banco central valor\u00f3 que las presiones inflacionarias tienen un \u201cconsiderable\u201d sesgo al alza, por que se mantiene alta la llamada \u201cinflaci\u00f3n subyacente\u201d, que excluye de la medici\u00f3n los precios m\u00e1s vol\u00e1tiles, como combustibles, y frutas y verduras; tambi\u00e9n persisten presiones derivadas de la pandemia, que ha afectado las cadenas de suministro a escala global; el efecto de la invasi\u00f3n de Rusia a Ucrania en precios como el trigo y fertilizantes, y la depreciaci\u00f3n cambiaria.<\/p>\n\n\n\n<h2 class=\"wp-block-heading\">Camino a nivel hist\u00f3rico<\/h2>\n\n\n\n<p>En este contexto, se\u00f1al\u00f3 que vigilar\u00e1 estrechamente las presiones inflacionarias, as\u00ed como todos los factores que inciden en la trayectoria prevista para la inflaci\u00f3n y en sus expectativas.<\/p>\n\n\n\n<p>Instituciones financieras prev\u00e9n que el ciclo alcista del BdeM llevar\u00e1 la tasa de referencia a un nivel de 9.5 por ciento, que de concretarse, ser\u00e1 el nivel m\u00e1s alto desde que hay registro, pues hasta el momento nunca ha estado arriba de 8.25 por ciento.<\/p>\n\n\n\n<p>Analistas de Monex destacaron que a diferencia de ocasiones anteriores, la decisi\u00f3n fue adoptada por unanimidad, lo que, a la luz del alza in\u00e9dita, da cuenta del sentido de urgencia con el que el BdeM enfrenta una inflaci\u00f3n que sigue aumentando, lo que implica que es muy probable que se observen inflaciones superiores a 8 por ciento durante los pr\u00f3ximos meses.<\/p>\n\n\n\n<p>\u201cEl banco responde a los impactos que se han presentado recientemente, aunque la magnitud del deterioro que se anticipa a partir de los datos de la primera quincena de junio podr\u00eda avisar de un panorama que requiera de acciones m\u00e1s profundas.\u201d<\/p>\n\n\n\n<p>Carlos Morales, director de riesgo soberano para Am\u00e9rica Latina de Fitch, destac\u00f3 que el aumento de la tasa en tal magnitud era ampliamente esperado por los participantes del mercado y se produce despu\u00e9s del aumento de tres cuartos de punto por parte de la Reserva Federal de Estados Unidos.<\/p>\n\n\n\n<h2 class=\"wp-block-heading\">El BdeM se qued\u00f3 corto<\/h2>\n\n\n\n<p>Por su parte, V\u00edctor Ceja, economista en jefe de Valmex, destac\u00f3 el mensaje de que se \u201cvalorar\u00e1 actuar con la misma contundencia en caso de que se requiera\u201d, lo que se traduce en que todo depender\u00e1 de los siguientes datos de inflaci\u00f3n. Por tanto, prev\u00e9 un incremento de 0.75 puntos en el siguiente anuncio, el 11 de agosto, y que la tasa cerrar\u00e1 el a\u00f1o en 9.50 por ciento.<\/p>\n\n\n\n<p>En tanto, para Alfredo Couti\u00f1o, director de Moody\u2019s Analytics, el incremento del banco central se qued\u00f3 corto, pues desde su punto de vista debi\u00f3 ser de un punto porcentual, para que en la pr\u00f3xima reuni\u00f3n de pol\u00edtica monetaria se diera otro de la misma dimensi\u00f3n.<\/p>\n\n\n\n<p>Fuente: https:\/\/www.jornada.com.mx\/notas\/2022\/06\/24\/economia\/alza-en-alimentos-lleva-a-la-inflacion-a-maximo-en-21-anos\/<\/p>\n","protected":false},"excerpt":{"rendered":"<p>La inflaci\u00f3n en M\u00e9xico no cede. En los primeros 15 d\u00edas de junio, el \u00cdndice Nacional de Precios al Consumidor [&hellip;]<\/p>\n","protected":false},"author":1,"featured_media":30663,"comment_status":"open","ping_status":"open","sticky":false,"template":"","format":"standard","meta":{"site-sidebar-layout":"default","site-content-layout":"","ast-site-content-layout":"default","site-content-style":"default","site-sidebar-style":"default","ast-global-header-display":"","ast-banner-title-visibility":"","ast-main-header-display":"","ast-hfb-above-header-display":"","ast-hfb-below-header-display":"","ast-hfb-mobile-header-display":"","site-post-title":"","ast-breadcrumbs-content":"","ast-featured-img":"","footer-sml-layout":"","theme-transparent-header-meta":"","adv-header-id-meta":"","stick-header-meta":"","header-above-stick-meta":"","header-main-stick-meta":"","header-below-stick-meta":"","astra-migrate-meta-layouts":"default","ast-page-background-enabled":"default","ast-page-background-meta":{"desktop":{"background-color":"var(--ast-global-color-4)","background-image":"","background-repeat":"repeat","background-position":"center center","background-size":"auto","background-attachment":"scroll","background-type":"","background-media":"","overlay-type":"","overlay-color":"","overlay-opacity":"","overlay-gradient":""},"tablet":{"background-color":"","background-image":"","background-repeat":"repeat","background-position":"center center","background-size":"auto","background-attachment":"scroll","background-type":"","background-media":"","overlay-type":"","overlay-color":"","overlay-opacity":"","overlay-gradient":""},"mobile":{"background-color":"","background-image":"","background-repeat":"repeat","background-position":"center center","background-size":"auto","background-attachment":"scroll","background-type":"","background-media":"","overlay-type":"","overlay-color":"","overlay-opacity":"","overlay-gradient":""}},"ast-content-background-meta":{"desktop":{"background-color":"var(--ast-global-color-5)","background-image":"","background-repeat":"repeat","background-position":"center center","background-size":"auto","background-attachment":"scroll","background-type":"","background-media":"","overlay-type":"","overlay-color":"","overlay-opacity":"","overlay-gradient":""},"tablet":{"background-color":"var(--ast-global-color-5)","background-image":"","background-repeat":"repeat","background-position":"center center","background-size":"auto","background-attachment":"scroll","background-type":"","background-media":"","overlay-type":"","overlay-color":"","overlay-opacity":"","overlay-gradient":""},"mobile":{"background-color":"var(--ast-global-color-5)","background-image":"","background-repeat":"repeat","background-position":"center center","background-size":"auto","background-attachment":"scroll","background-type":"","background-media":"","overlay-type":"","overlay-color":"","overlay-opacity":"","overlay-gradient":""}},"footnotes":""},"categories":[8],"tags":[10960,4537,10959],"class_list":["post-30662","post","type-post","status-publish","format-standard","has-post-thumbnail","hentry","category-noticias","tag-comer-es-caro","tag-inflacion-mexico","tag-inpc"],"_links":{"self":[{"href":"https:\/\/losperiodistas.com.mx\/portal\/wp-json\/wp\/v2\/posts\/30662","targetHints":{"allow":["GET"]}}],"collection":[{"href":"https:\/\/losperiodistas.com.mx\/portal\/wp-json\/wp\/v2\/posts"}],"about":[{"href":"https:\/\/losperiodistas.com.mx\/portal\/wp-json\/wp\/v2\/types\/post"}],"author":[{"embeddable":true,"href":"https:\/\/losperiodistas.com.mx\/portal\/wp-json\/wp\/v2\/users\/1"}],"replies":[{"embeddable":true,"href":"https:\/\/losperiodistas.com.mx\/portal\/wp-json\/wp\/v2\/comments?post=30662"}],"version-history":[{"count":1,"href":"https:\/\/losperiodistas.com.mx\/portal\/wp-json\/wp\/v2\/posts\/30662\/revisions"}],"predecessor-version":[{"id":30664,"href":"https:\/\/losperiodistas.com.mx\/portal\/wp-json\/wp\/v2\/posts\/30662\/revisions\/30664"}],"wp:featuredmedia":[{"embeddable":true,"href":"https:\/\/losperiodistas.com.mx\/portal\/wp-json\/wp\/v2\/media\/30663"}],"wp:attachment":[{"href":"https:\/\/losperiodistas.com.mx\/portal\/wp-json\/wp\/v2\/media?parent=30662"}],"wp:term":[{"taxonomy":"category","embeddable":true,"href":"https:\/\/losperiodistas.com.mx\/portal\/wp-json\/wp\/v2\/categories?post=30662"},{"taxonomy":"post_tag","embeddable":true,"href":"https:\/\/losperiodistas.com.mx\/portal\/wp-json\/wp\/v2\/tags?post=30662"}],"curies":[{"name":"wp","href":"https:\/\/api.w.org\/{rel}","templated":true}]}}