{"id":30657,"date":"2022-06-24T08:06:26","date_gmt":"2022-06-24T13:06:26","guid":{"rendered":"http:\/\/losperiodistas.com.mx\/portal\/?p=30657"},"modified":"2022-06-24T08:06:28","modified_gmt":"2022-06-24T13:06:28","slug":"monica-rouanet-ser-victima-indica-debilidad-pero-las-mujeres-no-somos-debiles-sino-que-nos-matan-publico","status":"publish","type":"post","link":"https:\/\/losperiodistas.com.mx\/portal\/monica-rouanet-ser-victima-indica-debilidad-pero-las-mujeres-no-somos-debiles-sino-que-nos-matan-publico\/","title":{"rendered":"M\u00f3nica Rouanet: \u00abSer &#8216;v\u00edctima&#8217; indica debilidad, pero las mujeres no somos d\u00e9biles, sino que nos matan\u00bb | P\u00fablico"},"content":{"rendered":"\n<p><em>La autora de la novela &#8216;Nada importante&#8217; se vale de la traum\u00e1tica experiencia de una joven para abordar la violencia machista y reflexionar sobre c\u00f3mo es percibida por la sociedad.<\/em><\/p>\n\n\n\n<p><\/p>\n\n\n\n<figure class=\"wp-block-image size-full\"><img fetchpriority=\"high\" decoding=\"async\" width=\"990\" height=\"660\" src=\"https:\/\/losperiodistas.com.mx\/portal\/wp-content\/uploads\/2022\/06\/62b4be44b339d.jpeg\" alt=\"\" class=\"wp-image-30658\" srcset=\"https:\/\/losperiodistas.com.mx\/portal\/wp-content\/uploads\/2022\/06\/62b4be44b339d.jpeg 990w, https:\/\/losperiodistas.com.mx\/portal\/wp-content\/uploads\/2022\/06\/62b4be44b339d-300x200.jpeg 300w, https:\/\/losperiodistas.com.mx\/portal\/wp-content\/uploads\/2022\/06\/62b4be44b339d-768x512.jpeg 768w\" sizes=\"(max-width: 990px) 100vw, 990px\" \/><figcaption>La escritora M\u00f3nica Rouanet, autora de la novela \u00abNada importante\u00bb.- Marta Calvo \/ roca Editorial<\/figcaption><\/figure>\n\n\n\n<p class=\"has-vivid-cyan-blue-color has-text-color has-medium-font-size\">H.M. \/ P\u00daBLICO<\/p>\n\n\n\n<p id=\"m217-216-218\">Un pueblo soleado y ba\u00f1ado por el mar puede ser un agujero negro. Por eso, Minerva busca las calles anchas de una gran ciudad para perderse, para encontrar a otros iguales en los pasillos de la facultad, para dejar atr\u00e1s una relaci\u00f3n t\u00f3xica con el ni\u00f1o rico del lugar. Acaba, sin embargo, en un callej\u00f3n sin salida geogr\u00e1fico y vital, acuchillada. A su lado yace su ex, muerto, junto a una pistola. Un polic\u00eda da carpetazo al asunto y cierra el caso sin investigar lo suficiente: se trata de un \u00abcrimen pasional\u00bb, el eufemismo empleado en 1991 cuando un hombre mataba a su pareja por su condici\u00f3n de mujer.<\/p>\n\n\n\n<p id=\"m222-1-223\">Treinta a\u00f1os despu\u00e9s, la situaci\u00f3n es desesperanzadora, cree<strong>&nbsp;M\u00f3nica Rouanet<\/strong>&nbsp;(Alicante, 1970). \u00abSi en mayo se cometieron seis asesinatos machistas, muy bien no nos va. Si todav\u00eda hay miedo a denunciar, seguimos igual que antes. Si a\u00fan se estigmatiza a la mujer, algo horroroso y aberrante, apenas hemos mejorado\u00bb, critica la autora de&nbsp;<em>Nada importante<\/em>&nbsp;(Roca Editorial), un&nbsp;<em>thriller<\/em>&nbsp;que se vale de la traum\u00e1tica experiencia de una joven para abordar la violencia de g\u00e9nero y reflexionar sobre c\u00f3mo es percibida por la sociedad. \u00abLa gente est\u00e1 tan ciega que hay v\u00edctimas que no son conscientes del maltrato psicol\u00f3gico e incluso maltratadores que no lo ven como tal\u00bb.<\/p>\n\n\n\n<p id=\"m227-2-228\">Rouanet recuerda que la novela surgi\u00f3 del cabreo que le produjo una escena de&nbsp;<em>Expediente X<\/em>, cuya primera temporada se estren\u00f3 en 1993. \u00abCumpli\u00f3 condena por agresi\u00f3n sexual y por drogas, nada importante\u00bb, comenta un polic\u00eda. De ah\u00ed el t\u00edtulo del libro, pero tambi\u00e9n la inspiraci\u00f3n. El subinspector que investiga la agresi\u00f3n a Minerva no est\u00e1 concienciado sobre la&nbsp;<strong>violencia machista<\/strong>. Una agente es ninguneada por su jefe y, adem\u00e1s, sufre acoso sexual. \u00abEn los noventa nos vendieron que la mujer se hab\u00eda empoderado. Sin embargo, fue cuando m\u00e1s se la juzg\u00f3. S\u00ed, pod\u00eda acceder al mercado laboral, aunque ocupaba puestos inferiores a los hombres\u00bb, se lamenta la escritora.<\/p>\n\n\n\n<ul class=\"wp-block-list\"><li><a href=\"https:\/\/www.publico.es\/entrevistas\/sara-socas-toxico-publico-batallas-no-me-toma-serio-mujer-propios-raperos.html#analytics-noticia:relacionada\">Sara Socas: \u00abEs mucho m\u00e1s t\u00f3xico el p\u00fablico de las batallas, que no me toma en serio porque soy mujer, que los propios raperos\u00bb<\/a><\/li><\/ul>\n\n\n\n<p id=\"m232-3-233\"><em><strong>Nada importante<\/strong><\/em>&nbsp;da un salto a la actualidad, si bien el paso de los a\u00f1os no ha refrescado la memoria de la protagonista, quien tras permanecer en coma y recuperarse sigue sufriendo amnesia. S\u00ed tiene presente las reacciones de su madre, que la juzgaba con su silencio, y de la madre de su exnovio, celoso y posesivo, que la culpaba de haberlo convertido en un asesino. \u00abHablo del machismo social, que se da tanto en hombres como en mujeres, quienes a veces protegen a los hombres porque consideran que deben hacerlo, sea su padre, su marido o su hijo\u00bb. Tambi\u00e9n deja claro que \u00abhay mujeres que matan a hombres, pero es distinto, porque probablemente no hubo una violencia previa, sea psicol\u00f3gica o f\u00edsica, que ellos s\u00ed ejercen sobre ellas\u00bb.<\/p>\n\n\n\n<p id=\"m237-4-238\">La novela, m\u00e1s all\u00e1 de la trama y de la sombra que se cierne sobre&nbsp;<strong>Minerva<\/strong>, critica \u00abla situaci\u00f3n social de las mujeres\u00bb en las \u00faltimas d\u00e9cadas, porque, como apunta la autora, \u00abtoda novela negra tiene un punto de denuncia social\u00bb. Contra la sociedad, contra la polic\u00eda y contra la justicia. As\u00ed, lo primero que le pregunta un juez a una joven que ha sufrido una violaci\u00f3n en un portal es de d\u00f3nde ven\u00eda a esas horas. \u00abLa condena ser\u00e1 diferente si estaba de fiesta o si iba a trabajar, como si ella fuera la culpable, cuando el violador solo esperaba que llegase cualquier mujer para agredirla\u00bb, explica Rouanet.<\/p>\n\n\n\n<p id=\"m242-5-243\">Para dejar claro que siguen siendo&nbsp;<strong>estigmatizadas<\/strong>, pone como ejemplo real a las dos ni\u00f1as de doce a\u00f1os violadas en Burjassot: \u00abLo primero que se nos pas\u00f3 a todos por la cabeza, aunque solo fuera durante un segundo, es qu\u00e9 hacen dos cr\u00edas de noche, solas, con unos chicos. Sin embargo, no hay raz\u00f3n para violarlas, ni se puede justificar que alguien las agreda por estar en la calle. Culpabilizar a la agredida en vez de al agresor es incre\u00edble. \u00bfQu\u00e9 hac\u00edan esas chicas all\u00ed? Pues simplemente estaban all\u00ed\u00bb.<\/p>\n\n\n\n<ul class=\"wp-block-list\"><li><a href=\"https:\/\/www.publico.es\/mujer\/conde-empresario-banquero-pensamos-violencia-machista-no-ejerce-hombre-rico.html#analytics-noticia:relacionada\">Conde, empresario o banquero: por qu\u00e9 pensamos que la violencia machista no la ejerce un hombre rico<\/a><\/li><\/ul>\n\n\n\n<p id=\"m247-6-248\">Tampoco se libra la prensa. La escritora, madrile\u00f1a de adopci\u00f3n, censura que las noticias se hagan eco de \u00abuna nueva muerte\u00bb o de una \u00abnueva v\u00edctima de&nbsp;<strong>violencia de g\u00e9nero<\/strong>\u00ab, en vez de informar sobre \u00abun nuevo asesinato\u00bb o sobre \u00abun nuevo asesino\u00bb, porque aunque \u00abtodo el mundo es presunto hasta que es condenado, si ha cometido un asesinato es un asesino\u00bb. Es m\u00e1s, a Rouanet no le gusta que se usen ciertas palabras: \u00abSer<em>v\u00edctima<\/em>&nbsp;indica debilidad, pero las mujeres no somos d\u00e9biles, sino que nos matan. Luego, cuando alg\u00fan maltratador se suicida, pienso que podr\u00eda haberlo hecho antes de matar a su pareja\u00bb.<\/p>\n\n\n\n<p id=\"m252-7-253\">Minerva dej\u00f3 su pueblo atr\u00e1s para huir de un novio que no la dejaba respirar y en Madrid se encontr\u00f3 con otros tipos de violencia machista. La tambi\u00e9n autora de\u00a0<em>Despi\u00e9rtame cuando llegue septiembre<\/em>\u00a0refleja as\u00ed que no importa el lugar donde vive un maltratador, ni si es rico o pobre, educado o sin formaci\u00f3n: \u00abLa violencia de g\u00e9nero est\u00e1 en todas partes. La gente de una posici\u00f3n sociocultural m\u00e1s alta trata de que no salga a la luz, sea agresor o agredida, porque es una verg\u00fcenza. La misma que siente una mujer con pocos recursos, aunque esta puede llegar a denunciar para recibir ayudas y protecci\u00f3n. Es su forma de sobrevivir, porque si se quedan con su pareja saben que van a morir\u00bb.<\/p>\n\n\n\n<p>Fuente: https:\/\/www.publico.es\/culturas\/monica-rouanet-victima-indica-debilidad-mujeres-no-debiles-matan.html#analytics-seccion:listado<\/p>\n","protected":false},"excerpt":{"rendered":"<p>La autora de la novela &#8216;Nada importante&#8217; se vale de la traum\u00e1tica experiencia de una joven para abordar la violencia [&hellip;]<\/p>\n","protected":false},"author":1,"featured_media":30658,"comment_status":"open","ping_status":"open","sticky":false,"template":"","format":"standard","meta":{"site-sidebar-layout":"default","site-content-layout":"","ast-site-content-layout":"default","site-content-style":"default","site-sidebar-style":"default","ast-global-header-display":"","ast-banner-title-visibility":"","ast-main-header-display":"","ast-hfb-above-header-display":"","ast-hfb-below-header-display":"","ast-hfb-mobile-header-display":"","site-post-title":"","ast-breadcrumbs-content":"","ast-featured-img":"","footer-sml-layout":"","theme-transparent-header-meta":"","adv-header-id-meta":"","stick-header-meta":"","header-above-stick-meta":"","header-main-stick-meta":"","header-below-stick-meta":"","astra-migrate-meta-layouts":"default","ast-page-background-enabled":"default","ast-page-background-meta":{"desktop":{"background-color":"var(--ast-global-color-4)","background-image":"","background-repeat":"repeat","background-position":"center center","background-size":"auto","background-attachment":"scroll","background-type":"","background-media":"","overlay-type":"","overlay-color":"","overlay-opacity":"","overlay-gradient":""},"tablet":{"background-color":"","background-image":"","background-repeat":"repeat","background-position":"center center","background-size":"auto","background-attachment":"scroll","background-type":"","background-media":"","overlay-type":"","overlay-color":"","overlay-opacity":"","overlay-gradient":""},"mobile":{"background-color":"","background-image":"","background-repeat":"repeat","background-position":"center center","background-size":"auto","background-attachment":"scroll","background-type":"","background-media":"","overlay-type":"","overlay-color":"","overlay-opacity":"","overlay-gradient":""}},"ast-content-background-meta":{"desktop":{"background-color":"var(--ast-global-color-5)","background-image":"","background-repeat":"repeat","background-position":"center center","background-size":"auto","background-attachment":"scroll","background-type":"","background-media":"","overlay-type":"","overlay-color":"","overlay-opacity":"","overlay-gradient":""},"tablet":{"background-color":"var(--ast-global-color-5)","background-image":"","background-repeat":"repeat","background-position":"center center","background-size":"auto","background-attachment":"scroll","background-type":"","background-media":"","overlay-type":"","overlay-color":"","overlay-opacity":"","overlay-gradient":""},"mobile":{"background-color":"var(--ast-global-color-5)","background-image":"","background-repeat":"repeat","background-position":"center center","background-size":"auto","background-attachment":"scroll","background-type":"","background-media":"","overlay-type":"","overlay-color":"","overlay-opacity":"","overlay-gradient":""}},"footnotes":""},"categories":[8],"tags":[39,10958],"class_list":["post-30657","post","type-post","status-publish","format-standard","has-post-thumbnail","hentry","category-noticias","tag-machismo","tag-violencia-vs-mujeres"],"_links":{"self":[{"href":"https:\/\/losperiodistas.com.mx\/portal\/wp-json\/wp\/v2\/posts\/30657","targetHints":{"allow":["GET"]}}],"collection":[{"href":"https:\/\/losperiodistas.com.mx\/portal\/wp-json\/wp\/v2\/posts"}],"about":[{"href":"https:\/\/losperiodistas.com.mx\/portal\/wp-json\/wp\/v2\/types\/post"}],"author":[{"embeddable":true,"href":"https:\/\/losperiodistas.com.mx\/portal\/wp-json\/wp\/v2\/users\/1"}],"replies":[{"embeddable":true,"href":"https:\/\/losperiodistas.com.mx\/portal\/wp-json\/wp\/v2\/comments?post=30657"}],"version-history":[{"count":1,"href":"https:\/\/losperiodistas.com.mx\/portal\/wp-json\/wp\/v2\/posts\/30657\/revisions"}],"predecessor-version":[{"id":30661,"href":"https:\/\/losperiodistas.com.mx\/portal\/wp-json\/wp\/v2\/posts\/30657\/revisions\/30661"}],"wp:featuredmedia":[{"embeddable":true,"href":"https:\/\/losperiodistas.com.mx\/portal\/wp-json\/wp\/v2\/media\/30658"}],"wp:attachment":[{"href":"https:\/\/losperiodistas.com.mx\/portal\/wp-json\/wp\/v2\/media?parent=30657"}],"wp:term":[{"taxonomy":"category","embeddable":true,"href":"https:\/\/losperiodistas.com.mx\/portal\/wp-json\/wp\/v2\/categories?post=30657"},{"taxonomy":"post_tag","embeddable":true,"href":"https:\/\/losperiodistas.com.mx\/portal\/wp-json\/wp\/v2\/tags?post=30657"}],"curies":[{"name":"wp","href":"https:\/\/api.w.org\/{rel}","templated":true}]}}