{"id":30654,"date":"2022-06-24T07:56:50","date_gmt":"2022-06-24T12:56:50","guid":{"rendered":"http:\/\/losperiodistas.com.mx\/portal\/?p=30654"},"modified":"2022-06-24T07:56:51","modified_gmt":"2022-06-24T12:56:51","slug":"gutenberg-el-secreto-que-cambio-el-mundo-la-razon","status":"publish","type":"post","link":"https:\/\/losperiodistas.com.mx\/portal\/gutenberg-el-secreto-que-cambio-el-mundo-la-razon\/","title":{"rendered":"Gutenberg: el secreto que cambi\u00f3 el mundo | La Raz\u00f3n"},"content":{"rendered":"\n<p><em>El inventor fue art\u00edfice de una revoluci\u00f3n silenciosa: la de la invenci\u00f3n de los tipos m\u00f3viles, o tipograf\u00eda, t\u00e9cnica originaria de la imprenta moderna<\/em><\/p>\n\n\n\n<p><\/p>\n\n\n\n<figure class=\"wp-block-image size-full\"><img fetchpriority=\"high\" decoding=\"async\" width=\"600\" height=\"400\" src=\"https:\/\/losperiodistas.com.mx\/portal\/wp-content\/uploads\/2022\/06\/MI3AKRUDYFGQLPP6TJ7NP5DF5Y.jpg\" alt=\"\" class=\"wp-image-30655\" srcset=\"https:\/\/losperiodistas.com.mx\/portal\/wp-content\/uploads\/2022\/06\/MI3AKRUDYFGQLPP6TJ7NP5DF5Y.jpg 600w, https:\/\/losperiodistas.com.mx\/portal\/wp-content\/uploads\/2022\/06\/MI3AKRUDYFGQLPP6TJ7NP5DF5Y-300x200.jpg 300w\" sizes=\"(max-width: 600px) 100vw, 600px\" \/><figcaption><strong>Johannes Gutenberg<\/strong>\u00a0FOTO:\u00a0WIKIMEDIA <\/figcaption><\/figure>\n\n\n\n<p class=\"has-vivid-cyan-blue-color has-text-color has-medium-font-size\">C. GARC\u00cdA \/ LA RAZ\u00d3N<\/p>\n\n\n\n<p>Johannes&nbsp;<a href=\"https:\/\/www.larazon.es\/cultura\/arte\/la-vuelta-al-mundo-en-un-folio-DG21509569\/\">Gutenberg&nbsp;<\/a>es en parte el responsable de que est\u00e9 leyendo este art\u00edculo. Es el padre de la&nbsp;<a href=\"https:\/\/www.larazon.es\/castilla-y-leon\/20220502\/s5t2nkyslfgkjb2gnvooipym7i.html\">imprenta<\/a>, de la palabra escrita como medio de comunicaci\u00f3n atemporal y transgeneracional. Naci\u00f3 en 1400 en Maguncia, en la actual Alemania, en el seno de una familia pudiente. A d\u00eda de hoy, la mayor parte de la vida del<a href=\"https:\/\/www.larazon.es\/cultura\/arte\/la-vuelta-al-mundo-en-un-folio-DG21509569\/\">&nbsp;inventor<\/a>&nbsp;contin\u00faa siendo un misterio, repleto de lagunas, aunque s\u00ed se conocen ciertos detalles:&nbsp;<strong>en realidad se llamaba Johannes Gensfleisch,<\/strong>&nbsp;mientras que el apellido por el que se le conoce mundialmente procede de una propiedad de su padre.<\/p>\n\n\n\n<p>Hacia 1434, emigr\u00f3 a Estrasburgo, donde comenz\u00f3 a trabajar como orfebre. Por tanto, desde pronto el inventor comenz\u00f3 a demostrar su capacidad en<a href=\"https:\/\/www.larazon.es\/castilla-y-leon\/20220502\/s5t2nkyslfgkjb2gnvooipym7i.html\">\u00a0cuestiones t\u00e9cnicas<\/a>, as\u00ed como su inquieta actitud innovadora. Pero no siempre se dedic\u00f3 a construir ese mecanismo de imprenta que le ha conferido hasta hoy el t\u00edtulo de una de las figuras m\u00e1s importantes de la\u00a0<a href=\"https:\/\/www.larazon.es\/tecnologia\/20211212\/tbcjqi2kzzc3le4sda32woz6im.html\">historia<\/a>. Antes de ello, ya comenz\u00f3 a deslumbrar a su entorno: en 1437,\u00a0<strong>descubri\u00f3 un sistema para pulir piedras preciosas, y cerr\u00f3 un contrato para fabricar espejos<\/strong>. Estos objetos estaban preparados para portarse en sombreros, t\u00fanicas o bastones, as\u00ed como captaban im\u00e1genes sagradas. Una creaci\u00f3n que implicaba gran destreza en el manejo del metal, y que se realizaba para todos los p\u00fablicos.<\/p>\n\n\n\n<figure class=\"wp-block-image\"><img decoding=\"async\" src=\"https:\/\/www.larazon.es\/resizer\/GdWCItlexknc6RfUplP37y5WfWI=\/600x0\/smart\/filters:format(jpg)\/cloudfront-eu-central-1.images.arcpublishing.com\/larazon\/XKJB5DIWERF4XHRYC5OB6LDG6I.jpg\" alt=\"Biblia de Gutenberg de la Biblioteca P\u00fablica de Nueva York . Comprada por James Lenox en 1847, fue la primera copia adquirida por un ciudadano estadounidense.\"\/><figcaption>Biblia de Gutenberg de la Biblioteca P\u00fablica de Nueva York . Comprada por James Lenox en 1847, fue la primera copia adquirida por un ciudadano estadounidense.<\/figcaption><\/figure>\n\n\n\n<p>Mientras&nbsp;<a href=\"https:\/\/www.larazon.es\/cultura\/arte\/la-vuelta-al-mundo-en-un-folio-DG21509569\/\">Gutenberg&nbsp;<\/a>iba conociendo el mundo empresarial y creciendo intelectualmente, trabajaba en lo que de verdad le confiri\u00f3 de gran estatus: un sistema para fabricar libros de forma mec\u00e1nica mediante caracteres met\u00e1licos. Tras a\u00f1os donde la escritura pas\u00f3 de manos de escribanos a copistas, a finales del siglo XIV en Europa comenz\u00f3 a extenderse una t\u00e9cnica sobre madera, que se orient\u00f3 a la producci\u00f3n de im\u00e1genes. No obstante,<strong>&nbsp;estas planchas de madera se deterioraban r\u00e1pidamente,<\/strong>&nbsp;as\u00ed como sus creaciones conllevaban bastante tiempo. Por tanto, no pod\u00eda quedar ah\u00ed.<\/p>\n\n\n\n<h4 class=\"wp-block-heading\">El proyecto m\u00e1s ambicioso<\/h4>\n\n\n\n<p>Fue entonces cuando Gutenberg entr\u00f3 en escena: ante la falta de un sistema que permitiera imprimir mec\u00e1nicamente textos que perduraran, cre\u00f3 los<a href=\"https:\/\/www.larazon.es\/local\/andalucia\/la-biblia-de-gutenberg-pasa-por-rayos-x-NE8655294\/\">\u00a0tipos m\u00f3viles.<\/a>\u00a0Estos eran letras talladas en metal, que se pod\u00edan combinar para formar\u00a0<strong>s\u00edlabas, palabras, frases y textos enteros,<\/strong>\u00a0a trav\u00e9s de una rapidez nunca antes vista en la \u00e9poca, y a una escala sin precedentes. Un invento que, no obstante, no se cre\u00f3 con la misma velocidad. De esta manera, Gutenberg\u00a0<strong>no cre\u00f3 precisamente la imprenta,<\/strong>\u00a0sino que m\u00e1s bien fue el padre de su revoluci\u00f3n, el inventor del procedimiento de impresi\u00f3n de la tipograf\u00eda, originaria de la imprenta moderna.<\/p>\n\n\n\n<p>Mientras el inventor daba vueltas a su proyecto, mantuvo todos los ensayos y objetivos en secreto. Seg\u00fan historiadores, Gutenberg realiz\u00f3 las primeras pruebas de impresi\u00f3n en Estrasburgo, con el apoyo de unos socios a quienes les ped\u00eda que no ense\u00f1asen a nadie los avances. Una vez recaud\u00f3 cierto dinero a trav\u00e9s de Johannes Fust, su prestamista, que le concedi\u00f3 dos cr\u00e9ditos de 800 florines para realizar su proyecto m\u00e1s ambicioso, hay estudiosos que apuntan que lo destin\u00f3 a la impresi\u00f3n de la c\u00e9lebre&nbsp;<a href=\"https:\/\/www.larazon.es\/local\/andalucia\/la-biblia-de-gutenberg-pasa-por-rayos-x-NE8655294\/\">Biblia&nbsp;<\/a>de 42 l\u00edneas. Esta impresi\u00f3n,<strong>&nbsp;en lat\u00edn, finalizar\u00eda el 23 de febrero de 1455, produci\u00e9ndose menos de 200 copias.<\/strong>&nbsp;De ellas, actualmente se localizan 48 ejemplares originales de la&nbsp;<a href=\"https:\/\/www.larazon.es\/local\/andalucia\/la-biblia-de-gutenberg-pasa-por-rayos-x-NE8655294\/\">Biblia de Gutenberg<\/a>, pero solo 21 est\u00e1n completas y en buen estado de conservaci\u00f3n.<\/p>\n\n\n\n<p>A\u00f1os m\u00e1s tarde, Maguncia fue asaltada por las tropas de Adolfo II de Nassau, en un ataque que oblig\u00f3 a muchos artesanos y comerciantes a abandonar la zona. Entre ellos, los impresores que se hicieron con el invento de Gutenberg durante esos a\u00f1os. Esta emigraci\u00f3n hizo que la difusi\u00f3n del invento del genio se hiciese mayor, favoreciendo el r\u00e1pido uso de esta t\u00e9cnica por toda Europa: en Espa\u00f1a se acogi\u00f3 por primera vez la imprenta en 1472, en<a href=\"https:\/\/www.larazon.es\/castilla-y-leon\/20220502\/s5t2nkyslfgkjb2gnvooipym7i.html\">\u00a0Sinodal de Aguilafuente<\/a>, en Segovia.<\/p>\n\n\n\n<p>Fuente: https:\/\/www.larazon.es\/cultura\/historia\/20220624\/su4e6dsdgvffvhp4gfp2n76o54.html<\/p>\n","protected":false},"excerpt":{"rendered":"<p>El inventor fue art\u00edfice de una revoluci\u00f3n silenciosa: la de la invenci\u00f3n de los tipos m\u00f3viles, o tipograf\u00eda, t\u00e9cnica originaria [&hellip;]<\/p>\n","protected":false},"author":1,"featured_media":30655,"comment_status":"open","ping_status":"open","sticky":false,"template":"","format":"standard","meta":{"site-sidebar-layout":"default","site-content-layout":"","ast-site-content-layout":"default","site-content-style":"default","site-sidebar-style":"default","ast-global-header-display":"","ast-banner-title-visibility":"","ast-main-header-display":"","ast-hfb-above-header-display":"","ast-hfb-below-header-display":"","ast-hfb-mobile-header-display":"","site-post-title":"","ast-breadcrumbs-content":"","ast-featured-img":"","footer-sml-layout":"","theme-transparent-header-meta":"","adv-header-id-meta":"","stick-header-meta":"","header-above-stick-meta":"","header-main-stick-meta":"","header-below-stick-meta":"","astra-migrate-meta-layouts":"default","ast-page-background-enabled":"default","ast-page-background-meta":{"desktop":{"background-color":"var(--ast-global-color-4)","background-image":"","background-repeat":"repeat","background-position":"center center","background-size":"auto","background-attachment":"scroll","background-type":"","background-media":"","overlay-type":"","overlay-color":"","overlay-opacity":"","overlay-gradient":""},"tablet":{"background-color":"","background-image":"","background-repeat":"repeat","background-position":"center center","background-size":"auto","background-attachment":"scroll","background-type":"","background-media":"","overlay-type":"","overlay-color":"","overlay-opacity":"","overlay-gradient":""},"mobile":{"background-color":"","background-image":"","background-repeat":"repeat","background-position":"center center","background-size":"auto","background-attachment":"scroll","background-type":"","background-media":"","overlay-type":"","overlay-color":"","overlay-opacity":"","overlay-gradient":""}},"ast-content-background-meta":{"desktop":{"background-color":"var(--ast-global-color-5)","background-image":"","background-repeat":"repeat","background-position":"center center","background-size":"auto","background-attachment":"scroll","background-type":"","background-media":"","overlay-type":"","overlay-color":"","overlay-opacity":"","overlay-gradient":""},"tablet":{"background-color":"var(--ast-global-color-5)","background-image":"","background-repeat":"repeat","background-position":"center center","background-size":"auto","background-attachment":"scroll","background-type":"","background-media":"","overlay-type":"","overlay-color":"","overlay-opacity":"","overlay-gradient":""},"mobile":{"background-color":"var(--ast-global-color-5)","background-image":"","background-repeat":"repeat","background-position":"center center","background-size":"auto","background-attachment":"scroll","background-type":"","background-media":"","overlay-type":"","overlay-color":"","overlay-opacity":"","overlay-gradient":""}},"footnotes":""},"categories":[8],"tags":[10955,10956,10957],"class_list":["post-30654","post","type-post","status-publish","format-standard","has-post-thumbnail","hentry","category-noticias","tag-gutenberg","tag-imprenta","tag-tipos-moviles"],"_links":{"self":[{"href":"https:\/\/losperiodistas.com.mx\/portal\/wp-json\/wp\/v2\/posts\/30654","targetHints":{"allow":["GET"]}}],"collection":[{"href":"https:\/\/losperiodistas.com.mx\/portal\/wp-json\/wp\/v2\/posts"}],"about":[{"href":"https:\/\/losperiodistas.com.mx\/portal\/wp-json\/wp\/v2\/types\/post"}],"author":[{"embeddable":true,"href":"https:\/\/losperiodistas.com.mx\/portal\/wp-json\/wp\/v2\/users\/1"}],"replies":[{"embeddable":true,"href":"https:\/\/losperiodistas.com.mx\/portal\/wp-json\/wp\/v2\/comments?post=30654"}],"version-history":[{"count":1,"href":"https:\/\/losperiodistas.com.mx\/portal\/wp-json\/wp\/v2\/posts\/30654\/revisions"}],"predecessor-version":[{"id":30656,"href":"https:\/\/losperiodistas.com.mx\/portal\/wp-json\/wp\/v2\/posts\/30654\/revisions\/30656"}],"wp:featuredmedia":[{"embeddable":true,"href":"https:\/\/losperiodistas.com.mx\/portal\/wp-json\/wp\/v2\/media\/30655"}],"wp:attachment":[{"href":"https:\/\/losperiodistas.com.mx\/portal\/wp-json\/wp\/v2\/media?parent=30654"}],"wp:term":[{"taxonomy":"category","embeddable":true,"href":"https:\/\/losperiodistas.com.mx\/portal\/wp-json\/wp\/v2\/categories?post=30654"},{"taxonomy":"post_tag","embeddable":true,"href":"https:\/\/losperiodistas.com.mx\/portal\/wp-json\/wp\/v2\/tags?post=30654"}],"curies":[{"name":"wp","href":"https:\/\/api.w.org\/{rel}","templated":true}]}}